{"id":8891,"date":"2025-05-25T00:21:42","date_gmt":"2025-05-24T22:21:42","guid":{"rendered":"https:\/\/monde25.info\/index.php\/2025\/05\/25\/un-professeur-blesse-par-le-jet-dune-porte-depuis-le-4e-etage-de-son-lycee-rt-en-francais\/"},"modified":"2025-05-25T00:21:42","modified_gmt":"2025-05-24T22:21:42","slug":"un-professeur-blesse-par-le-jet-dune-porte-depuis-le-4e-etage-de-son-lycee-rt-en-francais","status":"publish","type":"post","link":"https:\/\/monde25.info\/index.php\/2025\/05\/25\/un-professeur-blesse-par-le-jet-dune-porte-depuis-le-4e-etage-de-son-lycee-rt-en-francais\/","title":{"rendered":"un professeur bless\u00e9 par le jet d\u2019une porte depuis le 4e \u00e9tage de son lyc\u00e9e \u2014 RT en fran\u00e7ais"},"content":{"rendered":"<p> <br \/>\n<br \/><img decoding=\"async\" src=\"https:\/\/mf.b37mrtl.ru\/french\/images\/2025.05\/thumbnail\/683219e087f3ec51763430b4.jpg\" \/><\/p>\n<div>\n<p class=\"text__summary\">\n                                        Une enseignante d\u2019un lyc\u00e9e d\u2019\u00c9tampes a \u00e9t\u00e9 bless\u00e9e, le 22 mai, par une porte de toilette lanc\u00e9e du 4e \u00e9tage de l\u2019\u00e9tablissement. Le maire de la commune a appel\u00e9 \u00e0 une \u00absanction exemplaire\u00bb et plusieurs interpellations auraient eu lieu, a rapport\u00e9 la presse r\u00e9gionale.\n                                    <\/p>\n<p>Apr\u00e8s le tir de <a target=\"_blank\" href=\"https:\/\/francais.rt.com\/news\/120829-france-enseignante-visee-feu-artifice\">feu d\u2019artifice<\/a> en pleine classe, le jet de porte. Au lyc\u00e9e Geoffroy-Saint-Hilaire d\u2019\u00c9tampes, dans l\u2019Essonne, un professeur a \u00e9t\u00e9 bless\u00e9 le 22 mai par le jet d\u2019une porte depuis le 4e \u00e9tage de son \u00e9tablissement. Les enseignants ont exerc\u00e9 leur droit de retrait le lendemain de l\u2019incident.<\/p>\n<p>Selon <em>Le Parisien<\/em>, le projectile \u2013 dont le poids est estim\u00e9 \u00e0 <a target=\"_blank\" href=\"https:\/\/www.leparisien.fr\/essonne-91\/un-acte-inqualifiable-une-porte-lancee-du-4e-etage-par-des-eleves-blesse-une-prof-du-lycee-detampes-23-05-2025-VUZE5VD3HZBYVHETBWMLEQGVJQ.php#:~:text=Essonne-,%C2%AB%20Un%20acte%20inqualifiable%20%C2%BB%20%3A%20une%20porte%20lanc%C3%A9e%20du%204e%20%C3%A9tage,o%C3%B9%20des%20professeurs%20passaient%20dehors.\">16 kilogrammes<\/a> \u2013 serait une porte des toilettes \u00ab\u00a0d\u00e9gond\u00e9e quelque temps auparavant\u00a0\u00bb. Cette porte, d\u00e9fenestr\u00e9e par un groupe d\u2019\u00e9l\u00e8ves, s\u2019est \u00e9cras\u00e9e quatre \u00e9tage en contre-bas \u00ab\u00a0au moment m\u00eame o\u00f9 passait dehors un groupe de professeurs\u00a0\u00bb a relat\u00e9 le quotidien r\u00e9gional.<\/p>\n<p>Une des enseignantes \u00ab\u00a0a \u00e9t\u00e9 l\u00e9g\u00e8rement bless\u00e9e, elle souffre d\u2019ecchymoses et reste \u00e9videmment choqu\u00e9e\u00a0\u00bb, a d\u00e9clar\u00e9 au <em>Parisien<\/em> l\u2019entourage de la pr\u00e9sidente de la r\u00e9gion \u00cele-de-France, Val\u00e9rie P\u00e9cresse. Le quotidien a \u00e9galement r\u00e9v\u00e9l\u00e9 que plusieurs interpellations avaient \u00e9t\u00e9 men\u00e9e le 23 mai par la police de cette ville de 26\u00a0000 habitants, afin de d\u00e9terminer si les professeurs \u00e9taient vis\u00e9s.<\/p>\n<h2>\u00ab\u00a0Un acte inqualifiable\u00a0\u00bb, d\u00e9nonce le maire d\u2019\u00c9tampes<\/h2>\n<p>\u00ab\u00a0Plusieurs professeurs ont port\u00e9 plainte et la protection fonctionnelle a \u00e9t\u00e9 accord\u00e9e \u00e0 8 enseignants \u00bb a assur\u00e9 au <em>Parisien<\/em> l\u2019Acad\u00e9mie de Versailles. \u00ab Un acte inqualifiable\u00a0\u00bb a d\u00e9nonc\u00e9, aupr\u00e8s de la m\u00eame source, le maire Les R\u00e9publicains de la commune, Franck Marlin, qui confie avoir appris les faits le lendemain au d\u00e9tour d\u2019une r\u00e9union.<\/p>\n<p>L\u2019\u00e9dile a appel\u00e9 \u00e0 une \u00ab\u00a0sanction exemplaire, au regard des cons\u00e9quences potentiellement dramatiques qu\u2019il aurait pu entra\u00eener\u00a0\u00bb.<\/p>\n<p>Le quotidien conclu son article sur les t\u00e9moignages de trois \u00e9l\u00e8ves, selon lesquels ce ne serait pas la premi\u00e8re fois que des objets sont lanc\u00e9s par la fen\u00eatre. \u00ab\u00a0Il y a d\u00e9j\u00e0 eu un clavier et un morceau de fen\u00eatre qui avaient \u00e9t\u00e9 jet\u00e9s du m\u00eame \u00e9tage\u00a0\u00bb, a confi\u00e9 au <em>Parisien<\/em> l\u2019un d\u2019entre eux, \u00e9l\u00e8ve en terminale.<\/p>\n<\/div>\n<p><br \/>\n<br \/><a href=\"https:\/\/francais.rt.com\/france\/121165-france-professeur-blesse-jet-porte\" target=\"_blank\"\">Source link <\/a><\/p>\n","protected":false},"excerpt":{"rendered":"<p>Une enseignante d\u2019un lyc\u00e9e d\u2019\u00c9tampes a \u00e9t\u00e9 bless\u00e9e, le 22 mai, par une porte de toilette lanc\u00e9e du 4e \u00e9tage de l\u2019\u00e9tablissement. Le maire de la commune a appel\u00e9 \u00e0&hellip; <\/p>\n","protected":false},"author":1,"featured_media":8892,"comment_status":"open","ping_status":"open","sticky":false,"template":"","format":"standard","meta":{"footnotes":""},"categories":[1],"tags":[],"class_list":["post-8891","post","type-post","status-publish","format-standard","has-post-thumbnail","hentry","category-non-classe"],"_links":{"self":[{"href":"https:\/\/monde25.info\/index.php\/wp-json\/wp\/v2\/posts\/8891","targetHints":{"allow":["GET"]}}],"collection":[{"href":"https:\/\/monde25.info\/index.php\/wp-json\/wp\/v2\/posts"}],"about":[{"href":"https:\/\/monde25.info\/index.php\/wp-json\/wp\/v2\/types\/post"}],"author":[{"embeddable":true,"href":"https:\/\/monde25.info\/index.php\/wp-json\/wp\/v2\/users\/1"}],"replies":[{"embeddable":true,"href":"https:\/\/monde25.info\/index.php\/wp-json\/wp\/v2\/comments?post=8891"}],"version-history":[{"count":0,"href":"https:\/\/monde25.info\/index.php\/wp-json\/wp\/v2\/posts\/8891\/revisions"}],"wp:featuredmedia":[{"embeddable":true,"href":"https:\/\/monde25.info\/index.php\/wp-json\/wp\/v2\/media\/8892"}],"wp:attachment":[{"href":"https:\/\/monde25.info\/index.php\/wp-json\/wp\/v2\/media?parent=8891"}],"wp:term":[{"taxonomy":"category","embeddable":true,"href":"https:\/\/monde25.info\/index.php\/wp-json\/wp\/v2\/categories?post=8891"},{"taxonomy":"post_tag","embeddable":true,"href":"https:\/\/monde25.info\/index.php\/wp-json\/wp\/v2\/tags?post=8891"}],"curies":[{"name":"wp","href":"https:\/\/api.w.org\/{rel}","templated":true}]}}