{"id":8899,"date":"2025-05-25T03:42:07","date_gmt":"2025-05-25T01:42:07","guid":{"rendered":"https:\/\/monde25.info\/index.php\/2025\/05\/25\/la-loi-du-plus-fort-par-manlio-dinucci\/"},"modified":"2025-05-25T03:42:07","modified_gmt":"2025-05-25T01:42:07","slug":"la-loi-du-plus-fort-par-manlio-dinucci","status":"publish","type":"post","link":"https:\/\/monde25.info\/index.php\/2025\/05\/25\/la-loi-du-plus-fort-par-manlio-dinucci\/","title":{"rendered":"La loi du plus fort, par Manlio Dinucci"},"content":{"rendered":"<p> <br \/>\n<\/p>\n<div id=\"article-text\">\n<div class=\"article-text-images crayon article-texte-222325 \">\n<div class=\"spip_document_249014 spip_document spip_documents spip_document_image spip_documents_center spip_document_center\">\n<figure class=\"spip_doc_inner\">\n<img loading=\"lazy\" decoding=\"async\" src=\"https:\/\/www.voltairenet.org\/local\/cache-vignettes\/L711xH533\/400_-_1-238-c73ee.jpg?1748113556\" width=\"711\" height=\"533\" alt=\"\"\/><br \/>\n<\/figure>\n<\/div>\n<p>Le pr\u00e9sident Trump a dit que \u00ab\u00a0la guerre en Ukraine n\u2019est pas mon probl\u00e8me\u00a0\u00bb. Ceci est vrai dans la mesure o\u00f9 la guerre a \u00e9t\u00e9 initi\u00e9e en 2014 avec le putsch de la Place Ma\u00efdan sous r\u00e9gie de l\u2019Administration du pr\u00e9sident Obama, dont Biden \u00e9tait le vice-pr\u00e9sident. Mais reste le fait que le pr\u00e9sident Trump, apr\u00e8s s\u2019\u00eatre engag\u00e9 en campagne \u00e9lectorale \u00e0 mettre fin \u00e0 la guerre en traitant directement avec le pr\u00e9sident Poutine, ne l\u2019a pas fait et continue \u00e0 fournir des armes \u00e0 Kiev apr\u00e8s l\u2019accord qui permet aux \u00c9tats-Unis d\u2019exploiter les ressources min\u00e9rales ukrainiennes. En m\u00eame temps l\u2019OTAN, dont les \u00c9tats-Unis d\u00e9tiennent les commandements cl\u00e9, continue son escalade guerri\u00e8re contre la Russie<\/p>\n<p>    C\u2019est dans ce cadre que se situe l\u2019Union Europ\u00e9enne, qui a lanc\u00e9 le 17\u00e8me paquet de \u00ab\u00a0sanctions\u00a0\u00bb contre la Russie et pr\u00e9pare le 18\u00e8me. Au m\u00eame moment l\u2019Union Europ\u00e9enne fournit \u00e0 Kiev un soutien financier croissant pour alimenter la guerre contre la Russie. Il se monte jusqu\u2019\u00e0 pr\u00e9sent \u00e0 148\u00a0milliards d\u2019euros, dont plus de 50\u00a0milliards \u00e0 des objectifs directement militaires pour l\u2019achat d\u2019armements et l\u2019entra\u00eenement de troupes. \u00c0 cela s\u2019ajoute la d\u00e9pense militaire croissante des pays europ\u00e9ens membres de l\u2019OTAN.<\/p>\n<p>     La d\u00e9pense militaire annuelle de l\u2019Italie en 2025 se monte \u00e0 35\u00a0400 millions d\u2019euros, \u00e9quivalents \u00e0 une moyenne d\u2019environ 97\u00a0millions par jour. Sous peu, sur la base de l\u2019engagement pris dans l\u2019OTAN, elle devra monter \u00e0 une moyenne de 124\u00a0millions d\u2019euros par jour. Aux actuels plus de 35\u00a0milliards annuels de d\u00e9pense militaire s\u2019ajoute la d\u00e9pense pour l\u2019achat de nouveaux armements, qui a d\u00e9pass\u00e9 les 70\u00a0milliards d\u2018euros et est en croissance ult\u00e9rieure. C\u2019est un \u00e9norme d\u00e9boursement d\u2019argent public soustrait aux d\u00e9penses sociales, tandis que les sanctions contre la Russie provoquent un effet boomerang qui frappe les petites et moyennes entreprises et en g\u00e9n\u00e9ral les familles \u00e0 cause de l\u2019augmentation du prix de l\u2019\u00e9nergie.<\/p>\n<p> La course aux armements concerne non seulement les armes \u00ab\u00a0conventionnelles\u00a0\u00bb (c\u2019est-\u00e0-dire non nucl\u00e9aires) mais aussi les armements nucl\u00e9aires. La France et la Pologne ont conclu un accord de \u00ab\u00a0d\u00e9fense nucl\u00e9aire\u00a0\u00bb qui permet \u00e0 la France de transf\u00e9rer des armes nucl\u00e9aires en Pologne et \u00e0 celle-ci de pouvoir les utiliser sous commandement fran\u00e7ais. Il n\u2019est pas exclu que la Pologne aie d\u00e9j\u00e0 aussi sur son territoire les nouvelles bombes nucl\u00e9aires B61-12, d\u00e9j\u00e0 d\u00e9ploy\u00e9es par les \u00c9tats-Unis en Italie, en Allemagne, en Belgique et aux Pays-Bas. Comme il a fait pour la Pologne, le pr\u00e9sident Macron offre \u00ab\u00a0le parapluie nucl\u00e9aire\u00a0\u00bb fran\u00e7ais \u00e0 tous les pays de l\u2019Union Europ\u00e9enne.<\/p>\n<p>      En m\u00eame temps le pr\u00e9sident Trump annonce l\u2019imminente r\u00e9alisation d\u2019un \u00ab\u00a0bouclier spatial\u00a0\u00bb (<i>Golden Dome<\/i>) d\u2019un co\u00fbt de 175\u00a0milliards de dollars \u00ab\u00a0en mesure d\u2019intercepter des missiles lanc\u00e9s par d\u2019autres parties du monde\u00a0\u00bb. Ce n\u2019est pas seulement un instrument de d\u00e9fense\u00a0: un pays dot\u00e9 d\u2019un \u00ab\u00a0bouclier\u00a0\u00bb peut attaquer le premier un autre pays en se fiant sur la capacit\u00e9 du \u00ab\u00a0bouclier\u00a0\u00bb de neutraliser les repr\u00e9sailles ennemies. Ce n\u2019est pas un hasard que, en m\u00eame temps que l\u2019annonce de son projet de \u00ab\u00a0bouclier sp\u00e9cial\u00a0\u00bb, Washington ait annonc\u00e9 qu\u2019a \u00e9t\u00e9 r\u00e9alis\u00e9e en anticipation sur le programme la premi\u00e8re bombe nucl\u00e9aire B61-13, 24 fois plus puissante que la Bombe d\u2019Hiroshima, une arme de \u00ab\u00a0<i>first strike<\/i>\u00a0\u00bb (premi\u00e8re frappe) capable de p\u00e9n\u00e9trer dans le sol et de d\u00e9truire avec son explosion les bunkers des centres de commandement ennemis.<\/p>\n<p>   La Russie et la Chine prendront s\u00fbrement des contre-mesures avec une cons\u00e9quente acc\u00e9l\u00e9ration de la course aux armements nucl\u00e9aires.<\/p>\n<blockquote class=\"spip\">\n<p>Bref r\u00e9sum\u00e9 de la <a target=\"_blank\" href=\"https:\/\/www.byoblu.com\/2025\/05\/23\/la-legge-del-piu-forte-pangea\/\" class=\"spip_out\" rel=\"external\">revue de presse internationale Grandangolo<\/a> de vendredi 23 mai \u00e0 21h30 sur la cha\u00eene TV italienne Byoblu<\/p>\n<\/blockquote>\n<\/div>\n<aside>\n<\/aside>\n<div class=\"follow\" id=\"social\">\n<h4>Restez en contact<\/h4>\n<div class=\"follow-left\">\n<h5>Suivez-nous sur les r\u00e9seaux sociaux<\/h5>\n<p><a target=\"_blank\" href=\"https:\/\/www.facebook.com\/R%C3%A9seau-Voltaire-en-fran%C3%A7ais-106616878523973\" title=\"\" target=\"_blank\"><img decoding=\"async\" src=\"https:\/\/www.voltairenet.org\/squelettes\/images\/follow-fb.png\" alt=\"\"\/><\/a><br \/>\n<a target=\"_blank\" href=\"https:\/\/t.me\/reseauvoltaire\" title=\"\" target=\"_blank\"><img decoding=\"async\" src=\"https:\/\/www.voltairenet.org\/squelettes\/images\/follow-tg.png\" alt=\"\"\/><\/a><br \/>\n<a target=\"_blank\" href=\"https:\/\/twitter.com\/voltairenetFr\" title=\"\" target=\"_blank\"><img decoding=\"async\" src=\"https:\/\/www.voltairenet.org\/squelettes\/images\/follow-tw.png\" alt=\"\"\/><\/a>\n<\/div>\n<p><h5>Subscribe to weekly newsletter<\/h5>\n<\/p>\n<\/div>\n<p><!--\n\n<div><\/div>\n\n--><\/p>\n<\/div>\n<p><script async src=\"\/\/platform.twitter.com\/widgets.js\" charset=\"utf-8\"><\/script><br \/>\n<br \/><br \/>\n<br \/><a href=\"https:\/\/www.voltairenet.org\/article222325.html\" target=\"_blank\"\">Source link <\/a><\/p>\n","protected":false},"excerpt":{"rendered":"<p>Le pr\u00e9sident Trump a dit que \u00ab\u00a0la guerre en Ukraine n\u2019est pas mon probl\u00e8me\u00a0\u00bb. Ceci est vrai dans la mesure o\u00f9 la guerre a \u00e9t\u00e9 initi\u00e9e en 2014 avec le&hellip; <\/p>\n","protected":false},"author":1,"featured_media":8900,"comment_status":"open","ping_status":"open","sticky":false,"template":"","format":"standard","meta":{"footnotes":""},"categories":[1],"tags":[],"class_list":["post-8899","post","type-post","status-publish","format-standard","has-post-thumbnail","hentry","category-non-classe"],"_links":{"self":[{"href":"https:\/\/monde25.info\/index.php\/wp-json\/wp\/v2\/posts\/8899","targetHints":{"allow":["GET"]}}],"collection":[{"href":"https:\/\/monde25.info\/index.php\/wp-json\/wp\/v2\/posts"}],"about":[{"href":"https:\/\/monde25.info\/index.php\/wp-json\/wp\/v2\/types\/post"}],"author":[{"embeddable":true,"href":"https:\/\/monde25.info\/index.php\/wp-json\/wp\/v2\/users\/1"}],"replies":[{"embeddable":true,"href":"https:\/\/monde25.info\/index.php\/wp-json\/wp\/v2\/comments?post=8899"}],"version-history":[{"count":0,"href":"https:\/\/monde25.info\/index.php\/wp-json\/wp\/v2\/posts\/8899\/revisions"}],"wp:featuredmedia":[{"embeddable":true,"href":"https:\/\/monde25.info\/index.php\/wp-json\/wp\/v2\/media\/8900"}],"wp:attachment":[{"href":"https:\/\/monde25.info\/index.php\/wp-json\/wp\/v2\/media?parent=8899"}],"wp:term":[{"taxonomy":"category","embeddable":true,"href":"https:\/\/monde25.info\/index.php\/wp-json\/wp\/v2\/categories?post=8899"},{"taxonomy":"post_tag","embeddable":true,"href":"https:\/\/monde25.info\/index.php\/wp-json\/wp\/v2\/tags?post=8899"}],"curies":[{"name":"wp","href":"https:\/\/api.w.org\/{rel}","templated":true}]}}