{"id":8916,"date":"2025-05-25T10:54:32","date_gmt":"2025-05-25T08:54:32","guid":{"rendered":"https:\/\/monde25.info\/index.php\/2025\/05\/25\/10-bonnes-nouvelles-a-ne-pas-manquer\/"},"modified":"2025-05-25T10:54:32","modified_gmt":"2025-05-25T08:54:32","slug":"10-bonnes-nouvelles-a-ne-pas-manquer","status":"publish","type":"post","link":"https:\/\/monde25.info\/index.php\/2025\/05\/25\/10-bonnes-nouvelles-a-ne-pas-manquer\/","title":{"rendered":"10 bonnes nouvelles \u00e0 ne pas manquer"},"content":{"rendered":"<p> <br \/>\n<\/p>\n<div>\n<h4><strong>Voici 10 bonnes nouvelles \u00e0 ne pas manquer cette semaine.\u00a0<\/strong><span id=\"more-717383\"\/><\/h4>\n<h2><span style=\"font-weight: 400;\">1. Tabagisme en France <\/span><\/h2>\n<p><span style=\"font-weight: 400;\"><strong>Moins d\u2019un Fran\u00e7ais sur quatre fume quotidiennement, un record historiquement bas depuis 1990.<\/strong> En 2023, la proportion de fumeurs quotidiens est tomb\u00e9e \u00e0 23,1 %, poursuivant la tendance \u00e0 la baisse observ\u00e9e ces derni\u00e8res ann\u00e9es. Cette \u00e9volution positive est attribu\u00e9e aux politiques publiques de pr\u00e9vention et \u00e0 une prise de conscience accrue des risques li\u00e9s au tabac. (<\/span><a target=\"_blank\" href=\"https:\/\/www.ouest-france.fr\/sante\/addictions\/tabac\/les-fumeurs-nont-jamais-ete-aussi-peu-nombreux-depuis-1990-le-tabagisme-chute-en-bretagne-df2d56a6-3493-11f0-82aa-3134ba899709\"><span style=\"font-weight: 400;\">Ouest-France<\/span><\/a><span style=\"font-weight: 400;\">)<\/span><\/p>\n<h2><span style=\"font-weight: 400;\">2. R\u00e9actions internationales face \u00e0 Isra\u00ebl <\/span><\/h2>\n<p><span style=\"font-weight: 400;\"><strong>Emmanuel Macron, ainsi que les premiers ministres britannique et canadien, ont fermement condamn\u00e9 les actions du gouvernement isra\u00e9lien.<\/strong> Ils ont affirm\u00e9 ne pas rester passifs face \u00e0 ce qu\u2019ils qualifient d\u2019actes scandaleux, appelant \u00e0 une r\u00e9action internationale coordonn\u00e9e et \u00e0 une pression accrue pour faire cesser ces pratiques. (<\/span><a target=\"_blank\" href=\"https:\/\/www.ledevoir.com\/monde\/881431\/22-pays-exigent-israel-reprise-complete-aide-immediatement\"><span style=\"font-weight: 400;\">Le Devoir<\/span><\/a><span style=\"font-weight: 400;\">)<\/span><\/p>\n<h2>3.\u00a0<span style=\"font-weight: 400;\">Universit\u00e9 de Rouen et PFAS <\/span><\/h2>\n<p><span style=\"font-weight: 400;\">Une machine d\u2019analyse ultra-performante, unique en Europe, a \u00e9t\u00e9 install\u00e9e \u00e0 l\u2019universit\u00e9 de Rouen. <strong>Cet outil r\u00e9volutionne la d\u00e9tection des PFAS (polluants \u00e9ternels) et d\u2019autres substances toxiques, permettant une traque plus efficace de ces contaminants<\/strong> dans l\u2019environnement. (<\/span><a target=\"_blank\" href=\"https:\/\/vert.eco\/articles\/a-luniversite-de-rouen-une-machine-surpuissante-unique-en-europe-revolutionne-la-traque-des-pfas-et-autres-polluants\"><span style=\"font-weight: 400;\">Vert<\/span><\/a><span style=\"font-weight: 400;\">)<\/span><\/p>\n<h2><span style=\"font-weight: 400;\">4. Russie et cessez-le-feu en Ukraine <\/span><\/h2>\n<p><span style=\"font-weight: 400;\"><strong>Apr\u00e8s plusieurs rebondissements diplomatiques, la Russie s\u2019est dite pr\u00eate \u00e0 travailler \u00e0 un cessez-le-feu avec l\u2019Ukraine.<\/strong> Toutefois, Moscou conditionne ce processus \u00e0 des compromis de la part de Kiev, laissant planer des incertitudes sur la possibilit\u00e9 d\u2019une paix durable dans la r\u00e9gion. (<\/span><a target=\"_blank\" href=\"https:\/\/information.tv5monde.com\/direct\/les-etats-unis-attendent-de-la-russie-ses-termes-en-vue-dun-cessez-le-feu-dans-quelques\"><span style=\"font-weight: 400;\">TV5monde<\/span><\/a><span style=\"font-weight: 400;\">)<\/span><\/p>\n<h2>5.\u00a0<span style=\"font-weight: 400;\">Plainte pour crime contre l\u2019humanit\u00e9 contre Bettharam\u00a0<\/span><\/h2>\n<p><span style=\"font-weight: 400;\"><strong>Quatre anciens \u00e9l\u00e8ves d\u2019Ozaram ont port\u00e9 plainte pour crime contre l\u2019humanit\u00e9 contre la congr\u00e9gation religieuse Bettharam.<\/strong> Ils d\u00e9noncent des faits graves survenus dans le cadre de leur scolarit\u00e9.\u00a0 (<\/span><a target=\"_blank\" href=\"https:\/\/www.lemonde.fr\/societe\/article\/2025\/05\/19\/affaire-de-betharram-a-limoges-d-anciens-eleves-de-l-ecole-catholique-onazam-portent-plainte-pour-crime-contre-l-humanite_6607177_3224.html\"><span style=\"font-weight: 400;\">LeMonde<\/span><\/a><span style=\"font-weight: 400;\">)<\/span><\/p>\n<h2><span style=\"font-weight: 400;\">6. P\u00e9tition contre les th\u00e9rapies de conversion <\/span><\/h2>\n<p><span style=\"font-weight: 400;\"><strong>Une p\u00e9tition citoyenne visant \u00e0 interdire les th\u00e9rapies de conversion au sein de l\u2019Union europ\u00e9enne a d\u00e9pass\u00e9 le million de signatures.<\/strong> Ce seuil oblige la Commission europ\u00e9enne \u00e0 examiner la demande et \u00e0 se prononcer sur une \u00e9ventuelle l\u00e9gislation \u00e0 l\u2019\u00e9chelle de l\u2019UE. (<\/span><a target=\"_blank\" href=\"https:\/\/www.lemonde.fr\/politique\/article\/2025\/05\/16\/therapies-de-conversion-un-million-d-europeens-appellent-a-interdire-les-therapies-de-conversion-la-gauche-et-le-camp-presidentiel-mobilises-pour-leur-interdiction-dans-l-ue_6606431_823449.html\"><span style=\"font-weight: 400;\">LeMonde<\/span><\/a><span style=\"font-weight: 400;\">)<\/span><\/p>\n<p><iframe loading=\"lazy\" title=\"Les ravages des th\u00e9rapies de conversion | L&#039;Enqu\u00eate\" width=\"1110\" height=\"833\" src=\"https:\/\/www.youtube.com\/embed\/23Eqv45SdOg?feature=oembed\" frameborder=\"0\" allow=\"accelerometer; autoplay; clipboard-write; encrypted-media; gyroscope; picture-in-picture; web-share\" referrerpolicy=\"strict-origin-when-cross-origin\" allowfullscreen><\/iframe><\/p>\n<h2>7.\u00a0<span style=\"font-weight: 400;\">M\u00e9morial pour victimes homosexuelles de la d\u00e9portation <\/span><\/h2>\n<p><span style=\"font-weight: 400;\"><strong>Un m\u00e9morial en hommage aux victimes homosexuelles de la d\u00e9portation a \u00e9t\u00e9 inaugur\u00e9 samedi 17 mai, une premi\u00e8re en France.<\/strong> Ce monument vise \u00e0 reconna\u00eetre officiellement la pers\u00e9cution subie par les personnes LGBTQ+ pendant la Seconde Guerre mondiale. (<\/span><a target=\"_blank\" href=\"https:\/\/www.liberation.fr\/societe\/sexualite-et-genres\/a-paris-un-memorial-pour-les-victimes-homosexuelles-de-la-deportation-20250517_CNXJRURONVFINJ7Q5RSKV2KFAU\/\"><span style=\"font-weight: 400;\">Lib\u00e9ration<\/span><\/a><span style=\"font-weight: 400;\">)<\/span><\/p>\n<h2>8.\u00a0<span style=\"font-weight: 400;\">Nouveau m\u00e9dicament contre le cancer du sein <\/span><\/h2>\n<p><span style=\"font-weight: 400;\"><strong>Un traitement innovant administr\u00e9 avant l\u2019op\u00e9ration du cancer du sein montre une forte r\u00e9duction des risques de rechute et de mortalit\u00e9.<\/strong> Cette avanc\u00e9e m\u00e9dicale pourrait transformer la prise en charge de la maladie et am\u00e9liorer significativement le pronostic des patientes. (<\/span><a target=\"_blank\" href=\"https:\/\/www.radiofrance.fr\/franceinfo\/podcasts\/les-documents-franceinfo\/cancer-du-sein-triple-negatif-un-medicament-administre-avant-la-chirurgie-pourrait-tout-changer-6346285\"><span style=\"font-weight: 400;\">RadioFrance<\/span><\/a><span style=\"font-weight: 400;\">)<\/span><\/p>\n<h2><span style=\"font-weight: 400;\">9. Mortalit\u00e9 infantile <\/span><\/h2>\n<p><span style=\"font-weight: 400;\"><strong>L\u2019assembl\u00e9e Nationale a approuv\u00e9 un moratoire emp\u00eachant sur 3 ans la fermeture des maternit\u00e9s,<\/strong> accus\u00e9es de contribuer \u00e0 la mortalit\u00e9 infantile, pass\u00e9e de 3,5 \u00e0 4,1 d\u00e9c\u00e8s pour 1 000 naissances entre 2011 et 2024, selon l\u2019Insee.\u00a0 (<\/span><a target=\"_blank\" href=\"https:\/\/www.lemonde.fr\/societe\/article\/2025\/05\/16\/mortalite-infantile-l-assemblee-nationale-vote-un-moratoire-sur-les-fermetures-de-maternite_6606288_3224.html\"><span style=\"font-weight: 400;\">LeMonde<\/span><\/a><span style=\"font-weight: 400;\">)<\/span><\/p>\n<h2><span style=\"font-weight: 400;\">10. Accord international contre les pand\u00e9mies\u00a0<\/span><\/h2>\n<p><span style=\"font-weight: 400;\"><strong>Un accord international a \u00e9t\u00e9 conclu sous l\u2019\u00e9gide de l\u2019OMS pour renforcer la lutte contre les pand\u00e9mies.<\/strong> Ce texte vise \u00e0 am\u00e9liorer la coop\u00e9ration, le partage des informations et la pr\u00e9paration des \u00c9tats face \u00e0 de futures crises sanitaires mondiales.(<\/span><a target=\"_blank\" href=\"https:\/\/www.who.int\/fr\/news\/item\/20-05-2025-world-health-assembly-adopts-historic-pandemic-agreement-to-make-the-world-more-equitable-and-safer-from-future-pandemics\"><span style=\"font-weight: 400;\">Organisation Mondiale de la Sant\u00e9<\/span><\/a><span style=\"font-weight: 400;\">)<\/span><\/p>\n<div class=\"td-a-rec td-a-rec-id-content_inline  tdi_1 td_block_template_1\">\n<span class=\"td-adspot-title\">&#8211; Pour une information libre ! &#8211;<\/span><a target=\"_blank\" href=\"https:\/\/fr.tipeee.com\/mr-mondialisation\" class=\"tipeee-project-small\">Soutenir Mr Japanization sur Tipeee<\/a>\n<\/div>\n<p style=\"text-align: right;\"><em><strong>\u2013 Maureen Damman<\/strong><\/em><\/p>\n<div class=\"td-a-rec td-a-rec-id-content_bottom  tdi_2 td_block_template_1\">\n<span class=\"td-adspot-title\">&#8211; Cet article gratuit et ind\u00e9pendant existe gr\u00e2ce \u00e0 vous &#8211;<\/span><\/p>\n<div class=\"td-all-devices\">\n    <a target=\"_blank\" href=\"https:\/\/mrmondialisation.org\/donation\/\" title=\"Faire_un_don\"><img decoding=\"async\" class=\"donationArticle\" src=\"https:\/\/mrmondialisation.org\/wp-content\/uploads\/2022\/12\/220405-flikalicious-final.jpg\" alt=\"Donation\"\/><\/a>\n<\/div>\n<\/div><\/div>\n<p><br \/>\n<br \/><a href=\"https:\/\/mrmondialisation.org\/tabagisme-pfas-et-memorial-10-bonnes-nouvelles-a-ne-pas-manquer\/\" target=\"_blank\"\">Source link <\/a><\/p>\n","protected":false},"excerpt":{"rendered":"<p>Voici 10 bonnes nouvelles \u00e0 ne pas manquer cette semaine.\u00a0 1. Tabagisme en France Moins d\u2019un Fran\u00e7ais sur quatre fume quotidiennement, un record historiquement bas depuis 1990. En 2023, la&hellip; <\/p>\n","protected":false},"author":1,"featured_media":8478,"comment_status":"open","ping_status":"open","sticky":false,"template":"","format":"standard","meta":{"footnotes":""},"categories":[1],"tags":[],"class_list":["post-8916","post","type-post","status-publish","format-standard","has-post-thumbnail","hentry","category-non-classe"],"_links":{"self":[{"href":"https:\/\/monde25.info\/index.php\/wp-json\/wp\/v2\/posts\/8916","targetHints":{"allow":["GET"]}}],"collection":[{"href":"https:\/\/monde25.info\/index.php\/wp-json\/wp\/v2\/posts"}],"about":[{"href":"https:\/\/monde25.info\/index.php\/wp-json\/wp\/v2\/types\/post"}],"author":[{"embeddable":true,"href":"https:\/\/monde25.info\/index.php\/wp-json\/wp\/v2\/users\/1"}],"replies":[{"embeddable":true,"href":"https:\/\/monde25.info\/index.php\/wp-json\/wp\/v2\/comments?post=8916"}],"version-history":[{"count":0,"href":"https:\/\/monde25.info\/index.php\/wp-json\/wp\/v2\/posts\/8916\/revisions"}],"wp:featuredmedia":[{"embeddable":true,"href":"https:\/\/monde25.info\/index.php\/wp-json\/wp\/v2\/media\/8478"}],"wp:attachment":[{"href":"https:\/\/monde25.info\/index.php\/wp-json\/wp\/v2\/media?parent=8916"}],"wp:term":[{"taxonomy":"category","embeddable":true,"href":"https:\/\/monde25.info\/index.php\/wp-json\/wp\/v2\/categories?post=8916"},{"taxonomy":"post_tag","embeddable":true,"href":"https:\/\/monde25.info\/index.php\/wp-json\/wp\/v2\/tags?post=8916"}],"curies":[{"name":"wp","href":"https:\/\/api.w.org\/{rel}","templated":true}]}}