{"id":8929,"date":"2025-05-25T15:20:04","date_gmt":"2025-05-25T13:20:04","guid":{"rendered":"https:\/\/monde25.info\/index.php\/2025\/05\/25\/menaces-pressions-les-deputes-pousses-a-voter-la-loi-duplomb\/"},"modified":"2025-05-25T15:20:04","modified_gmt":"2025-05-25T13:20:04","slug":"menaces-pressions-les-deputes-pousses-a-voter-la-loi-duplomb","status":"publish","type":"post","link":"https:\/\/monde25.info\/index.php\/2025\/05\/25\/menaces-pressions-les-deputes-pousses-a-voter-la-loi-duplomb\/","title":{"rendered":"Menaces, pressions\u00a0: les d\u00e9put\u00e9s pouss\u00e9s \u00e0 voter la loi Duplomb"},"content":{"rendered":"<p> <br \/>\n<br \/><img loading=\"lazy\" decoding=\"async\" src=\"https:\/\/reporterre.net\/local\/cache-vignettes\/L700xH467\/meriteduplombaussiceuxla-7afaf.jpg?1747995657\" class=\"spip_logo\" width=\"700\" height=\"467\" alt=\"\" \/><\/p>\n<p>\u00ab<small class=\"fine d-inline\">\u00a0<\/small>Loi Duplomb sinon\u2026 boom<small class=\"fine d-inline\">\u00a0<\/small>\u00bb. Voici la menace tagu\u00e9e le 16\u00a0mai sur la permanence du d\u00e9put\u00e9 insoumis Sylvain Carr\u00e8re, situ\u00e9e \u00e0 Frontignan, dans l&rsquo;H\u00e9rault. Au total, une dizaine de d\u00e9put\u00e9s insoumis, Renaissance, et Horizons ayant affich\u00e9 leur opposition \u00e0 la proposition de loi Duplomb ont \u00e9t\u00e9 vis\u00e9s ces derniers jours par des pressions, voire des intimidations. <br class=\"autobr\" \/><br \/>\nCe texte, dont l&rsquo;examen d\u00e9bute lundi 26\u00a0mai \u00e0 l&rsquo;Assembl\u00e9e nationale, pourrait r\u00e9introduire des pesticides dangereux, encourager\u00a0(\u2026)<\/p>\n<p>                    <a target=\"_blank\" href=\"https:\/\/reporterre.net\/Menaces-pressions-les-deputes-pousses-a-voter-la-loi-Duplomb?utm_source=RSS&amp;utm_medium=RSS\">Lire la suite<\/a><\/p>\n<p>                    &#8211;<br \/>\n                        <a target=\"_blank\" href=\"https:\/\/reporterre.net\/Breves-20\" rel=\"directory\">En bref<\/a><\/p>\n<p>                    \/<br \/>\n                        <a target=\"_blank\" href=\"https:\/\/reporterre.net\/Agriculture\" rel=\"tag\">Agriculture<\/a><br \/>\n                    ,<br \/>\n                        <a target=\"_blank\" href=\"https:\/\/reporterre.net\/Politique\" rel=\"tag\">Politique<\/a><br \/>\n<br \/><br \/>\n<br \/><a href=\"https:\/\/reporterre.net\/Menaces-pressions-les-deputes-pousses-a-voter-la-loi-Duplomb\" target=\"_blank\"\">Source link <\/a><\/p>\n","protected":false},"excerpt":{"rendered":"<p>\u00ab\u00a0Loi Duplomb sinon\u2026 boom\u00a0\u00bb. Voici la menace tagu\u00e9e le 16\u00a0mai sur la permanence du d\u00e9put\u00e9 insoumis Sylvain Carr\u00e8re, situ\u00e9e \u00e0 Frontignan, dans l&rsquo;H\u00e9rault. Au total, une dizaine de d\u00e9put\u00e9s insoumis,&hellip; <\/p>\n","protected":false},"author":1,"featured_media":0,"comment_status":"open","ping_status":"open","sticky":false,"template":"","format":"standard","meta":{"footnotes":""},"categories":[1],"tags":[],"class_list":["post-8929","post","type-post","status-publish","format-standard","hentry","category-non-classe"],"_links":{"self":[{"href":"https:\/\/monde25.info\/index.php\/wp-json\/wp\/v2\/posts\/8929","targetHints":{"allow":["GET"]}}],"collection":[{"href":"https:\/\/monde25.info\/index.php\/wp-json\/wp\/v2\/posts"}],"about":[{"href":"https:\/\/monde25.info\/index.php\/wp-json\/wp\/v2\/types\/post"}],"author":[{"embeddable":true,"href":"https:\/\/monde25.info\/index.php\/wp-json\/wp\/v2\/users\/1"}],"replies":[{"embeddable":true,"href":"https:\/\/monde25.info\/index.php\/wp-json\/wp\/v2\/comments?post=8929"}],"version-history":[{"count":0,"href":"https:\/\/monde25.info\/index.php\/wp-json\/wp\/v2\/posts\/8929\/revisions"}],"wp:attachment":[{"href":"https:\/\/monde25.info\/index.php\/wp-json\/wp\/v2\/media?parent=8929"}],"wp:term":[{"taxonomy":"category","embeddable":true,"href":"https:\/\/monde25.info\/index.php\/wp-json\/wp\/v2\/categories?post=8929"},{"taxonomy":"post_tag","embeddable":true,"href":"https:\/\/monde25.info\/index.php\/wp-json\/wp\/v2\/tags?post=8929"}],"curies":[{"name":"wp","href":"https:\/\/api.w.org\/{rel}","templated":true}]}}