{"id":8932,"date":"2025-05-25T16:25:57","date_gmt":"2025-05-25T14:25:57","guid":{"rendered":"https:\/\/monde25.info\/index.php\/2025\/05\/25\/allegations-dingerence-francaise-dans-les-elections-roumaines-laur-demande-le-controle-parlementaire-des-services-de-renseignements\/"},"modified":"2025-05-25T16:25:57","modified_gmt":"2025-05-25T14:25:57","slug":"allegations-dingerence-francaise-dans-les-elections-roumaines-laur-demande-le-controle-parlementaire-des-services-de-renseignements","status":"publish","type":"post","link":"https:\/\/monde25.info\/index.php\/2025\/05\/25\/allegations-dingerence-francaise-dans-les-elections-roumaines-laur-demande-le-controle-parlementaire-des-services-de-renseignements\/","title":{"rendered":"All\u00e9gations d\u2019ing\u00e9rence fran\u00e7aise dans les \u00e9lections roumaines : l&rsquo;AUR demande le contr\u00f4le parlementaire des services de renseignements"},"content":{"rendered":"<p> <br \/>\n<\/p>\n<div>\n<p>Depuis plusieurs mois, la Roumanie traverse une crise politique sans pr\u00e9c\u00e9dent, marqu\u00e9e par l\u2019annulation de l\u2019\u00e9lection pr\u00e9sidentielle de novembre 2024 pour des soup\u00e7ons d\u2019ing\u00e9rence russe non prouv\u00e9s et la tenue d\u2019un nouveau scrutin en mai 2025. Pour George Simion, le candidat souverainiste battu dans les urnes ce dimanche 18 mai 2025, c\u2019est \u00ab\u00a0un coup d&rsquo;\u00c9tat\u00a0\u00bb. Interrog\u00e9, le <a target=\"_blank\" href=\"https:\/\/edition.francesoir.fr\/politique-monde\/election-presidentielle-roumaine-george-simion-triomphe-au-premier-tour-dans-un\">Service Exterieur de l\u2019Union europ\u00e9enne sur d&rsquo;\u00e9ventuelles ing\u00e9rences russes ou chinoises dans les \u00e9lections<\/a> n\u2019a pas \u00e9t\u00e9 en mesure de trouver des documents \u00e9tayant les soup\u00e7ons d\u2019ing\u00e9rence\u00a0: \u00ab\u00a0<em>aucun document ne correspond \u00e0 votre requ\u00eate<\/em>\u00a0\u00bb.<\/p>\n<p>Dans ce contexte tendu, des <a target=\"_blank\" href=\"https:\/\/mariustuca.ro\/externe\/cum-arata-statul-paralel-francez-nicolas-lerner-seful-serviciului-de-informatii-al-frantei-acuzat-de-patronul-telegram-de-imixtiune-in-alegerile-din-romania-74865.html\">accusations d\u2019ing\u00e9rence \u00e9trang\u00e8re, notamment fran\u00e7aise, ont \u00e9merg\u00e9<\/a>, relay\u00e9es par <a target=\"_blank\" href=\"http:\/\/www.mariustuca.ro\/\">le journaliste roumain Marius Tuca<\/a>. Ces all\u00e9gations, s\u2019appuyant sur des sources internationales telles que <a target=\"_blank\" href=\"https:\/\/www.reuters.com\/world\/europe\/telegram-founder-says-he-rejects-request-silence-conservative-voices-romania-2025-05-18\/\">Reuters<\/a> et <a target=\"_blank\" href=\"https:\/\/www.politico.eu\/article\/france-telegram-founder-pavel-durov-from-travelling-us-business-related-trip\/\">Politico<\/a>, ainsi que sur des informations locales, impliquent <a target=\"_blank\" href=\"https:\/\/www.reuters.com\/world\/europe\/telegram-founder-says-france-asked-him-ban-conservative-romanian-voices-2025-05-19\/\">Nicolas Lerner, chef de la Direction g\u00e9n\u00e9rale de la s\u00e9curit\u00e9 ext\u00e9rieure (DGSE) fran\u00e7aise<\/a>, et soul\u00e8vent des questions sur l\u2019influence de la France dans le processus \u00e9lectoral roumain. \u00a0<\/p>\n<p><a target=\"_blank\" href=\"https:\/\/www.realitatea.net\/stiri\/actual\/aur-solicita-comisiilor-de-control-ale-sri-si-sie-sa-verifice-motivul-vizitei-sefului-serviciilor-externe-ale-frantei-in-romania_68308f8fc4515c67426d1ce8\" target=\"_blank\">L&rsquo;Alliance pour l&rsquo;Unit\u00e9 des Roumains a demand\u00e9, par l&rsquo;interm\u00e9diaire de ses repr\u00e9sentants dans les deux commissions parlementaires de contr\u00f4le des activit\u00e9s du SIE (Service de renseignements ext\u00e9rieurs) et du SRI (renseignements int\u00e9rieurs), l&rsquo;enqu\u00eate sur l&rsquo;implication d&rsquo;ing\u00e9rences \u00e9trang\u00e8res dans le processus \u00e9lectoral en Roumanie.<\/a> L&rsquo;initiative a \u00e9t\u00e9 lanc\u00e9e apr\u00e8s les r\u00e9v\u00e9lations selon lesquelles Nicolas Lerner, s&rsquo;\u00e9tait rendu \u00e0 Bucarest juste avant le second tour des \u00e9lections pr\u00e9sidentielles. Les principaux \u00e9l\u00e9ments de cette controverse ont-ils eu un impact dans les \u00e9lections ?<\/p>\n<h5><strong>La Roumanie, un enjeu strat\u00e9gique pour les pro-europ\u00e9istes<\/strong><\/h5>\n<p>Pour les pro-europ\u00e9istes, la Roumanie repr\u00e9sente un enjeu strat\u00e9gique majeur dans le projet d\u2019int\u00e9gration europ\u00e9enne. Situ\u00e9e \u00e0 l\u2019est de l\u2019UE, elle constitue un rempart g\u00e9opolitique face \u00e0 la Russie et un point d\u2019ancrage pour \u00e9tendre l\u2019influence europ\u00e9enne vers la mer Noire et la Moldavie. Son r\u00f4le dans la d\u00e9fense europ\u00e9enne, avec des bases de l\u2019OTAN et le bouclier antimissile de Deveselu, en fait un acteur cl\u00e9 pour une politique de s\u00e9curit\u00e9 commune. \u00c9conomiquement, ses ressources (p\u00e9trole, gaz, agriculture) et son march\u00e9 de 19 millions d\u2019habitants renforcent son importance pour le march\u00e9 unique. Sujette \u00e0 des tensions internes, la Roumanie reste aujourd\u2019hui divis\u00e9e. Le scepticisme \u00e0 l\u2019\u00e9gard du projet f\u00e9d\u00e9raliste europ\u00e9en y progresse largement, comme dans d\u2019autres r\u00e9gions comme la Hongrie, la Pologne, le Portugal, ou la France (<a target=\"_blank\" href=\"https:\/\/francesoir.fr\/politique-france\/sondage-exclusif-les-francais-expriment-leur-totale-defiance-envers-macron-et\">60 % des Fran\u00e7ais pl\u00e9biscitent une Europe des\u00a0Nations contre 15 % pour une Europe f\u00e9d\u00e9rale<\/a>).<\/p>\n<h5><strong>Les accusations de Pavel Durov contre la France<\/strong><\/h5>\n<p>Le c\u0153ur des all\u00e9gations repose sur les d\u00e9clarations de Pavel Durov, fondateur de Telegram, relay\u00e9es par Reuters le 18 mai 2025. Durov a affirm\u00e9 qu\u2019un \u00ab <em>pays<\/em> occidental \u00bb, identifi\u00e9 le lendemain comme la France (<a target=\"_blank\" href=\"https:\/\/www.reuters.com\/world\/europe\/telegram-founder-says-france-asked-him-ban-conservative-romanian-voices-2025-05-19\/\">Reuters, 19 mai 2025<\/a>), lui aurait demand\u00e9 de censurer des voix conservatrices roumaines sur Telegram avant les \u00e9lections. Selon Durov, cette demande aurait \u00e9t\u00e9 formul\u00e9e par Nicolas Lerner lors d\u2019une rencontre au printemps 2025 au Salon des Batailles de l\u2019H\u00f4tel de Crillon \u00e0 Paris. Durov dit avoir refus\u00e9, arguant que Telegram n\u2019avait jamais bloqu\u00e9 de contenus contestataires, m\u00eame en Russie ou en Iran.<\/p>\n<blockquote class=\"twitter-tweet\">\n<p lang=\"fr\" dir=\"ltr\">\ud83d\udea8\ud83c\uddf7\ud83c\uddf4<br \/>Message de Pavel Durov sur Telegram :<br \/>Un gouvernement d&rsquo;Europe occidentale (devinez lequel \ud83e\udd56) a contact\u00e9 Telegram pour nous demander de faire taire les voix conservatrices en Roumanie \u00e0 l&rsquo;approche des \u00e9lections pr\u00e9sidentielles d&rsquo;aujourd&rsquo;hui. J&rsquo;ai cat\u00e9goriquement refus\u00e9.\u2026 <a target=\"_blank\" href=\"https:\/\/t.co\/j1mrBGMLor\">pic.twitter.com\/j1mrBGMLor<\/a><\/p>\n<p>\u2014 France-Soir (@france_soir) <a target=\"_blank\" href=\"https:\/\/twitter.com\/france_soir\/status\/1924106535224938790?ref_src=twsrc%5Etfw\">May 18, 2025<\/a><\/p>\n<\/blockquote>\n<p>Ces r\u00e9v\u00e9lations, reprises par mariustuca.ro, ont amplifi\u00e9 les soup\u00e7ons d\u2019ing\u00e9rence fran\u00e7aise en Roumanie.<\/p>\n<p>Dans un communiqu\u00e9 du 19 mai 2025, le minist\u00e8re fran\u00e7ais des Affaires \u00e9trang\u00e8res et la DGSE ont d\u00e9menti ces accusations, les qualifiant de \u00ab <em>totalement infond\u00e9es<\/em> \u00bb. La DGSE a pr\u00e9cis\u00e9 que ses contacts pass\u00e9s avec Durov portaient uniquement sur la lutte contre le terrorisme et la p\u00e9dopornographie, et non sur des questions \u00e9lectorales. Malgr\u00e9 ces d\u00e9mentis, les propos de Durov ont \u00e9t\u00e9 largement repris dans les m\u00e9dias s\u2019interrogeant sur la controverse et sur les r\u00e9seaux sociaux pour d\u00e9noncer une ing\u00e9rence \u00e9trang\u00e8re.<\/p>\n<h5><strong>Une interdiction de voyage pour Durov ?<\/strong><\/h5>\n<p>Le 20 mai 2025, Politico <a target=\"_blank\" href=\"https:\/\/www.politico.eu\/article\/france-telegram-founder-pavel-durov-from-travelling-us-business-related-trip\/\">rapporte que la France aurait interdit \u00e0 Pavel Durov de se rendre aux \u00c9tats-Unis pour des raisons professionnelles<\/a>. Cette mesure, per\u00e7ue comme une possible tentative de limiter son influence ou de le punir pour ses accusations contre Lerner, a renforc\u00e9 les sp\u00e9culations sur les motivations fran\u00e7aises. Bien que les d\u00e9tails de cette interdiction restent aussi flous, elle s\u2019inscrit dans un contexte de tensions croissantes entre Durov et les autorit\u00e9s fran\u00e7aises.<\/p>\n<h5><strong>La r\u00e9action des souverainistes fran\u00e7ais et roumains<\/strong><\/h5>\n<p>Les accusations de Durov ont trouv\u00e9 un \u00e9cho aupr\u00e8s de figures politiques nationalistes. Le 21 mai 2025, mariustuca.ro rapporte que Jordan Bardella, chef du Rassemblement national, a exig\u00e9 une enqu\u00eate sur l\u2019ing\u00e9rence pr\u00e9sum\u00e9e de la France dans les \u00e9lections roumaines, d\u00e9non\u00e7ant une atteinte \u00e0 la souverainet\u00e9 nationale. En Roumanie, George Simion, leader de l\u2019AUR et candidat au second tour, a saisi la Cour constitutionnelle le 20 mai 2025 pour demander l\u2019annulation du scrutin, invoquant des ing\u00e9rences \u00e9trang\u00e8res, notamment fran\u00e7aises, sur la base des r\u00e9v\u00e9lations de Durov. Ce recours a \u00e9t\u00e9 rejet\u00e9 le 22 mai par la Cour sur fond de polarisation croissante dans le pays.<\/p>\n<h5><strong>Une visite controvers\u00e9e de Nicolas Lerner en Roumanie\u00a0?<\/strong><\/h5>\n<p>Marius Tuca rapporte, dans un article dat\u00e9 du 23 mai 2025, que Nicolas Lerner, directeur de la DGSE, <a target=\"_blank\" href=\"https:\/\/mariustuca.ro\/actualitate\/nicolas-lerner-seful-spionajului-francez-a-facut-o-vizita-in-romania-in-plina-campanie-electorala-74917.html\">aurait effectu\u00e9 une visite en Roumanie<\/a> le 14 mai 2025, en pleine campagne \u00e9lectorale pour l\u2019\u00e9lection pr\u00e9sidentielle. Contact\u00e9 par <em>France-Soir<\/em>, Marius Tuca confirme que cette information provient \u00ab\u00a0<em>de sources au sein des services de renseignement roumains<\/em>\u00a0\u00bb, bien que les d\u00e9tails de la visite restent opaques. Et, il ajoute : \u00ab <em>cette visite a continu\u00e9 en Moldavie d&rsquo;o\u00f9 sont venus une majorit\u00e9 des voix pour le candidat pro-UE \u00bb<\/em>. Cette pr\u00e9sence, survenue dans un contexte politique sensible, a aliment\u00e9 les sp\u00e9culations sur une possible tentative d\u2019influence fran\u00e7aise sur le scrutin, sans que des preuves concr\u00e8tes ne soient publi\u00e9es. Le service de presse du minist\u00e8re des Arm\u00e9es contact\u00e9 par <em>France-Soir<\/em> n\u2019a pas r\u00e9pondu.\u00a0<\/p>\n<p class=\"text-align-center\"><a target=\"_blank\" href=\"https:\/\/mariustuca.ro\/actualitate\/nicolas-lerner-seful-spionajului-francez-a-facut-o-vizita-in-romania-in-plina-campanie-electorala-74917.html\" target=\"_blank\"><img decoding=\"async\" data-entity-uuid=\"4f127cb8-4498-4cf3-8321-be91d9df2aa1\" data-entity-type=\"file\" alt=\"Marius Tuca\" width=\"605\" height=\"593\" loading=\"lazy\" class=\"lazyload\" src=\"https:\/\/www.francesoir.fr\/sites\/default\/files\/inline-images\/Capture%20d%27%C3%A9cran%202025-05-23%20173804.png\"\/><\/a><\/p>\n<h5><strong>Un contexte politique explosif<\/strong><\/h5>\n<p>Les accusations s\u2019inscrivent dans un climat politique roumain tendu. L\u2019\u00e9lection de 2024, initialement remport\u00e9e par le pro-russe C\u0103lin Georgescu, a \u00e9t\u00e9 annul\u00e9e pour des irr\u00e9gularit\u00e9s et des soup\u00e7ons d\u2019ing\u00e9rence russe via les r\u00e9seaux sociaux, notamment TikTok. Georgescu, exclu du scrutin de 2025, a c\u00e9d\u00e9 la place \u00e0 Geroge Simion, qui a affront\u00e9 Nicu\u0219or Dan, maire pro-f\u00e9d\u00e9raliste europ\u00e9en de Bucarest, lors du second tour du 18 mai 2025. Dan l\u2019a emport\u00e9 avec 53,6 % des voix, mais les accusations d\u2019ing\u00e9rence, amplifi\u00e9es par les r\u00e9v\u00e9lations de Durov et relay\u00e9es par Tuca, continuent de diviser la soci\u00e9t\u00e9 roumaine. La victoire surprise de Dan fournit donc un r\u00e9pit aux pro-f\u00e9d\u00e9ralistes, devant la mont\u00e9e en puissance des souverainistes. \u00a0Une v\u00e9ritable illustration de l&rsquo;enjeu repr\u00e9sent\u00e9 par la Roumanie, o\u00f9 les pro-f\u00e9d\u00e9ralistes tentent \u00e0 tout prix de museler les autres visions pour l\u2019Europe &#8211; celle de M.E.G.A. (Make Europe Great Again), projet port\u00e9 par George Simion et les conservateurs europ\u00e9ens voulant un retour \u00e0 une Europe des Nations, en alternative au projet f\u00e9d\u00e9raliste de von der Leyen.<\/p>\n<h5><strong>Une cr\u00e9dibilit\u00e9 mise en doute<\/strong><\/h5>\n<p>Malgr\u00e9 leur retentissement, les informations relay\u00e9es par Tuca, s\u2019appuyant sur Reuters, Politico et des sources locales, sont sujettes \u00e0 caution. Un article de TF1 Info du 19 mai 2025 souligne des incoh\u00e9rences dans le r\u00e9cit de Durov, notamment le d\u00e9lai de plusieurs mois avant qu\u2019il ne rende publique la pr\u00e9tendue rencontre avec Lerner sans apporter plus de preuves. De plus, le g\u00e9n\u00e9ral Fran\u00e7ois Chauvancy cit\u00e9 par Le Figaro, estime que les accusations d\u2019ing\u00e9rence servent souvent \u00e0 alimenter une guerre de l\u2019information sur les r\u00e9seaux sociaux, o\u00f9 Telegram joue un r\u00f4le central. Des d\u00e9clarations habituelles de parties qui se renvoient des accusations r\u00e9ciproques de d\u00e9sinformation. Quand on cherche des preuves et des faits av\u00e9r\u00e9s, notamment au niveau de l\u2019Union europ\u00e9enne, il n\u2019y a aucun document qui porte \u00e0 croire qu\u2019il y ait eu une quelconque influence russe ou chinoise.<\/p>\n<p class=\"text-align-center\"><img decoding=\"async\" alt=\"Demande au service ext\u00e9rieur de l'UE\" width=\"701\" height=\"420\" loading=\"lazy\" class=\"lazyload\" src=\"https:\/\/edition.francesoir.fr\/sites\/default\/files\/inline-images\/image_289.png\"\/><\/p>\n<h5><span><strong>Une crise de confiance<\/strong><\/span><\/h5>\n<p><span>Marius Tuca, relayant les d\u00e9clarations de Pavel Durov, a confirm\u00e9 \u00e0 <\/span><em><span>France-Soir<\/span><\/em><span> l\u2019information sur la visite de Nicolas Lerner en Roumanie, alimentent un d\u00e9bat crucial sur la transparence des processus \u00e9lectoraux. Et, \u00e0 ce titre, ce 24 mai, Durov s&rsquo;interroge sur ce que Lerner est venu faire en Roumanie quelques jours apr\u00e8s la promesse de Macron annonc\u00e9e le 10 mai : \u00ab <\/span><em><span>nous ferons tout ce que nous pouvons sur le terrain pour assurer que le prochain pr\u00e9sident de la Roumanie est pro-europ\u00e9en <\/span><\/em><span>\u00bb.\u00a0<\/span><\/p>\n<blockquote class=\"twitter-tweet\">\n<p lang=\"en\" dir=\"ltr\">\u201cWe will do everything on the ground to ensure that the next Romanian president is pro-European,\u201d said Macron\u2019s closest ally and key party member Val\u00e9rie Hayer to France Info on May 10, 2025. So what did the head of French intelligence do in Romania a few days after this promise?<\/p>\n<p>\u2014 Pavel Durov (@durov) <a target=\"_blank\" href=\"https:\/\/twitter.com\/durov\/status\/1926055354690842875?ref_src=twsrc%5Etfw\">May 23, 2025<\/a><\/p>\n<\/blockquote>\n<p><span>Si les preuves d\u2019une ing\u00e9rence fran\u00e7aise directe restent limit\u00e9es, ces r\u00e9v\u00e9lations ont exacerb\u00e9 les tensions dans une Roumanie fragilis\u00e9e par les crises politiques et les influences ext\u00e9rieures, russes comme occidentales.\u00a0<\/span><\/p>\n<p class=\"text-align-center\"><span><img decoding=\"async\" data-entity-uuid=\"e1f2ff0d-24d7-4ddd-bd39-f4de53499d64\" data-entity-type=\"file\" alt=\"Respect\" width=\"617\" height=\"347\" loading=\"lazy\" class=\"lazyload\" src=\"https:\/\/www.francesoir.fr\/sites\/default\/files\/inline-images\/IMAGE%20FRAMEWORK%20%2847%29.png\"\/><\/span><\/p>\n<p><span>La victoire de Nicu\u0219or Dan fournit un r\u00e9pit \u00e0 l\u2019agenda pro-f\u00e9d\u00e9raliste europ\u00e9en, mais les recours judiciaires et les accusations crois\u00e9es risquent de prolonger l\u2019instabilit\u00e9. Une enqu\u00eate ind\u00e9pendante pourrait clarifier ces all\u00e9gations et restaurer la confiance dans la d\u00e9mocratie roumaine et le respect des roumains. C&rsquo;est dans ce contexte que l&rsquo;AUR demande le contr\u00f4le parlementaire des services de renseignements et, selon nos sources \u00ab <\/span><em><span>envisage de d\u00e9poser une plainte<\/span><\/em><span> \u00bb.\u00a0<\/span><\/p>\n<p><span>\u00ab Respect \u00bb \u00e9tait le slogan de campagne de George Simion. Affaire \u00e0 suivre.<\/span><\/p>\n<p class=\"text-align-center\"><img decoding=\"async\" data-entity-uuid=\"5e4d0035-3108-42bd-81be-b73daed78add\" data-entity-type=\"file\" alt=\"Respect\" width=\"610\" height=\"343\" loading=\"lazy\" class=\"lazyload\" src=\"https:\/\/www.francesoir.fr\/sites\/default\/files\/inline-images\/IMAGE%20FRAMEWORK%20%2848%29.png\"\/><\/p>\n<p>\u00a0<\/p>\n<\/div>\n<p><script async src=\"\/\/platform.twitter.com\/widgets.js\" charset=\"utf-8\"><\/script><script>(function(d, s, id) {  var js, fjs = d.getElementsByTagName(s)[0];  if (d.getElementById(id)) return;  js = d.createElement(s); js.id = id;  js.src = \"\/\/connect.facebook.net\/fr_FR\/sdk.js#xfbml=1&version=v2.3\";  fjs.parentNode.insertBefore(js, fjs);}(document, \"script\", \"facebook-jssdk\"));<\/script><br \/>\n<br \/><br \/>\n<br \/><a href=\"https:\/\/www.francesoir.fr\/politique-monde\/allegations-d-ingerence-francaise-dans-les-elections-roumaines-de-2025\" target=\"_blank\"\">Source link <\/a><\/p>\n","protected":false},"excerpt":{"rendered":"<p>Depuis plusieurs mois, la Roumanie traverse une crise politique sans pr\u00e9c\u00e9dent, marqu\u00e9e par l\u2019annulation de l\u2019\u00e9lection pr\u00e9sidentielle de novembre 2024 pour des soup\u00e7ons d\u2019ing\u00e9rence russe non prouv\u00e9s et la tenue&hellip; <\/p>\n","protected":false},"author":1,"featured_media":8920,"comment_status":"open","ping_status":"open","sticky":false,"template":"","format":"standard","meta":{"footnotes":""},"categories":[1],"tags":[],"class_list":["post-8932","post","type-post","status-publish","format-standard","has-post-thumbnail","hentry","category-non-classe"],"_links":{"self":[{"href":"https:\/\/monde25.info\/index.php\/wp-json\/wp\/v2\/posts\/8932","targetHints":{"allow":["GET"]}}],"collection":[{"href":"https:\/\/monde25.info\/index.php\/wp-json\/wp\/v2\/posts"}],"about":[{"href":"https:\/\/monde25.info\/index.php\/wp-json\/wp\/v2\/types\/post"}],"author":[{"embeddable":true,"href":"https:\/\/monde25.info\/index.php\/wp-json\/wp\/v2\/users\/1"}],"replies":[{"embeddable":true,"href":"https:\/\/monde25.info\/index.php\/wp-json\/wp\/v2\/comments?post=8932"}],"version-history":[{"count":0,"href":"https:\/\/monde25.info\/index.php\/wp-json\/wp\/v2\/posts\/8932\/revisions"}],"wp:featuredmedia":[{"embeddable":true,"href":"https:\/\/monde25.info\/index.php\/wp-json\/wp\/v2\/media\/8920"}],"wp:attachment":[{"href":"https:\/\/monde25.info\/index.php\/wp-json\/wp\/v2\/media?parent=8932"}],"wp:term":[{"taxonomy":"category","embeddable":true,"href":"https:\/\/monde25.info\/index.php\/wp-json\/wp\/v2\/categories?post=8932"},{"taxonomy":"post_tag","embeddable":true,"href":"https:\/\/monde25.info\/index.php\/wp-json\/wp\/v2\/tags?post=8932"}],"curies":[{"name":"wp","href":"https:\/\/api.w.org\/{rel}","templated":true}]}}