{"id":8937,"date":"2025-05-25T18:04:45","date_gmt":"2025-05-25T16:04:45","guid":{"rendered":"https:\/\/monde25.info\/index.php\/2025\/05\/25\/cinq-ans-apres-la-mort-de-george-floyd-black-lives-matter-sessouffle\/"},"modified":"2025-05-25T18:04:45","modified_gmt":"2025-05-25T16:04:45","slug":"cinq-ans-apres-la-mort-de-george-floyd-black-lives-matter-sessouffle","status":"publish","type":"post","link":"https:\/\/monde25.info\/index.php\/2025\/05\/25\/cinq-ans-apres-la-mort-de-george-floyd-black-lives-matter-sessouffle\/","title":{"rendered":"Cinq ans apr\u00e8s la mort de George Floyd, \u00abBlack Lives Matter\u00bb s\u2019essouffle"},"content":{"rendered":"<p> <br \/>\n<br \/>Les \u00c9tats-Unis comm\u00e9morent ce dimanche la mort de l\u2019Afro-Am\u00e9ricain George Floyd, tu\u00e9 il y a cinq ans par un policier blanc \u00e0 Minneapolis. Dans un contexte o\u00f9 le mouvement \u00abBlack Lives Matter\u00bb s\u2019essouffle et o\u00f9 Donald Trump fait marche arri\u00e8re sur toutes les r\u00e9formes destin\u00e9es \u00e0 lutter contre le racisme.<br \/>\n<br \/><br \/>\n<br \/><a href=\"https:\/\/www.mediapart.fr\/journal\/international\/250525\/cinq-ans-apres-la-mort-de-george-floyd-black-lives-matter-s-essouffle\" target=\"_blank\"\">Source link <\/a><\/p>\n","protected":false},"excerpt":{"rendered":"<p>Les \u00c9tats-Unis comm\u00e9morent ce dimanche la mort de l\u2019Afro-Am\u00e9ricain George Floyd, tu\u00e9 il y a cinq ans par un policier blanc \u00e0 Minneapolis. Dans un contexte o\u00f9 le mouvement \u00abBlack&hellip; <\/p>\n","protected":false},"author":1,"featured_media":8938,"comment_status":"open","ping_status":"open","sticky":false,"template":"","format":"standard","meta":{"footnotes":""},"categories":[1],"tags":[],"class_list":["post-8937","post","type-post","status-publish","format-standard","has-post-thumbnail","hentry","category-non-classe"],"_links":{"self":[{"href":"https:\/\/monde25.info\/index.php\/wp-json\/wp\/v2\/posts\/8937","targetHints":{"allow":["GET"]}}],"collection":[{"href":"https:\/\/monde25.info\/index.php\/wp-json\/wp\/v2\/posts"}],"about":[{"href":"https:\/\/monde25.info\/index.php\/wp-json\/wp\/v2\/types\/post"}],"author":[{"embeddable":true,"href":"https:\/\/monde25.info\/index.php\/wp-json\/wp\/v2\/users\/1"}],"replies":[{"embeddable":true,"href":"https:\/\/monde25.info\/index.php\/wp-json\/wp\/v2\/comments?post=8937"}],"version-history":[{"count":0,"href":"https:\/\/monde25.info\/index.php\/wp-json\/wp\/v2\/posts\/8937\/revisions"}],"wp:featuredmedia":[{"embeddable":true,"href":"https:\/\/monde25.info\/index.php\/wp-json\/wp\/v2\/media\/8938"}],"wp:attachment":[{"href":"https:\/\/monde25.info\/index.php\/wp-json\/wp\/v2\/media?parent=8937"}],"wp:term":[{"taxonomy":"category","embeddable":true,"href":"https:\/\/monde25.info\/index.php\/wp-json\/wp\/v2\/categories?post=8937"},{"taxonomy":"post_tag","embeddable":true,"href":"https:\/\/monde25.info\/index.php\/wp-json\/wp\/v2\/tags?post=8937"}],"curies":[{"name":"wp","href":"https:\/\/api.w.org\/{rel}","templated":true}]}}