{"id":8939,"date":"2025-05-25T18:38:10","date_gmt":"2025-05-25T16:38:10","guid":{"rendered":"https:\/\/monde25.info\/index.php\/2025\/05\/25\/une-delegation-diplomatique-sous-le-feu-de-tirs-de-larmee-sioniste\/"},"modified":"2025-05-25T18:38:10","modified_gmt":"2025-05-25T16:38:10","slug":"une-delegation-diplomatique-sous-le-feu-de-tirs-de-larmee-sioniste","status":"publish","type":"post","link":"https:\/\/monde25.info\/index.php\/2025\/05\/25\/une-delegation-diplomatique-sous-le-feu-de-tirs-de-larmee-sioniste\/","title":{"rendered":"Une d\u00e9l\u00e9gation diplomatique sous le feu de tirs de l&rsquo;arm\u00e9e sioniste"},"content":{"rendered":"<p> <br \/>\n<\/p>\n<div id=\"\">\n<p>Mercredi dernier, \u00e0 l\u2019entr\u00e9e du camp de r\u00e9fugi\u00e9s de Jenin, en Cisjordanie occup\u00e9e, l\u2019arm\u00e9e du r\u00e9gime terroriste isra\u00e9lien a ouvert le feu sur une d\u00e9l\u00e9gation diplomatique comprenant des ambassadeurs et des consuls de pays arabes et europ\u00e9ens. Les diplomates se rendaient dans le camp pour \u2018\u00a0\u00e9valuer\u00a0\u2019 \u2013\u00a0une fois encore\u00a0!\u00a0\u2013 la crise humanitaire gravissime que les locaux traversent.<\/p>\n<p>Le minist\u00e8re palestinien des Affaires \u00e9trang\u00e8res a bien \u00e9videmment condamn\u00e9 cette attaque, d\u00e9clarant qu\u2019elle t\u00e9moignait du \u201cm\u00e9pris syst\u00e9matique\u201d d\u2019\u2019\u00a0Isra\u00ebl\u00a0\u2019 pour le droit international et la souverainet\u00e9 palestinienne.<\/p>\n<p>De son c\u00f4t\u00e9, l\u2019arm\u00e9e du r\u00e9gime terroriste isra\u00e9lien a affirm\u00e9 que la d\u00e9l\u00e9gation \u00e9tait entr\u00e9e dans une zone interdite. Et, si aucun bless\u00e9 n\u2019a \u00e9t\u00e9 rapport\u00e9, l\u2019incident a quand m\u00eame provoqu\u00e9 l\u2019annulation instantan\u00e9e de la visite.<\/p>\n<p>Les r\u00e9actions europ\u00e9ennes ont \u00e9t\u00e9 imm\u00e9diates. Divers intervenants de plusieurs pays sont mont\u00e9s au cr\u00e9neau pour d\u00e9noncer le viol du Droit international par le r\u00e9gime colonial \u2013\u00a0\u00e9tait-ce vraiment nouveau\u00a0?\u00a0\u2013 jugeant l\u2019incident <i>\u2019\u2019inacceptable\u2019\u2019<\/i> pour les uns, <i>\u2019\u2019choquant\u2019\u2019<\/i> pour les autres, arguant que les diplomates devaient b\u00e9n\u00e9ficier de l\u2019immunit\u00e9 li\u00e9e \u00e0 leur fonction. Tiens, donc&#8230;<\/p>\n<p>Voil\u00e0 25 ans qu\u2019\u00e0 l\u2019Appel du pr\u00e9sident Yasser Arafat d\u2019une protection internationale pour le peuple palestinien lors de la Deuxi\u00e8me Intifada, aucun de ces gouvernements n\u2019a boug\u00e9 le petit doigt, se limitant comme \u00e0 leur habitude \u00e0 des d\u00e9clarations sans suite, si ce n\u2019est quelques dons aux Palestiniens, pla\u00e7ant ainsi le probl\u00e8me sur le plan humanitaire, alors que celui-ci est \u00e9minemment politique. Les Palestiniens n\u2019ont pas besoin d\u2019\u00eatre assist\u00e9s, ils ne demandent pas des cadeaux, ils demandent que les pays tiers soient cons\u00e9quents avec leurs d\u00e9clarations, arr\u00eatent de soutenir le r\u00e9gime colonial isra\u00e9lien, et obligent ce dernier \u00e0 se conformer au droit international et aux R\u00e9solutions de l\u2019ONU. Les Palestiniens mettent ainsi ces pays face \u00e0 leurs contradictions\u00a0: le droit n\u2019est pas mati\u00e8re \u00e0 g\u00e9om\u00e9trie variable, il doit s\u2019appliquer de la m\u00eame mani\u00e8re pour chacun.<\/p>\n<p>Vu les massacres perp\u00e9tr\u00e9s par l\u2019arm\u00e9e sioniste \u00e0 l\u2019encontre des civils palestiniens lors de la Deuxi\u00e8me Intifada, la soci\u00e9t\u00e9 civile s\u2019est alors mobilis\u00e9e, et c\u2019\u00e9tait le d\u00e9but des \u2018\u00a0Missions civiles d\u2019Observation\u00a0\u2019 dans les Territoires occup\u00e9s, compos\u00e9es de b\u00e9n\u00e9voles de tous pays, se rendant sans la moindre protection, en Palestine, pour tenter par leurs moyens d\u00e9risoires de s\u2019interposer et servir de bouclier aux attaques brutales de l\u2019arm\u00e9e sioniste contre les populations palestiniennes laiss\u00e9es \u00e0 elles-m\u00eames.<\/p>\n<p>Plusieurs y ont \u00e9t\u00e9 bless\u00e9s, quand certains y ont laiss\u00e9s leurs vies, comme Rachel Corrie, militante \u00e9tasunienne d\u2019ISM (International Solidarity Movement), \u00e9cras\u00e9e par un bulldozer isra\u00e9lien \u00e0 Gaza en mars 2003 quand elle se tenait devant une maison palestinienne pour emp\u00eacher qu\u2019elle ne soit ras\u00e9e\u00a0; ou Tom Hurndall, photographe britannique, lui aussi membre d\u2019ISM, tu\u00e9 par balle \u00e0 Rafah en janvier 2004 quand il voulait aider des enfants \u00e0 se mettre \u00e0 l\u2019abri des tirs isra\u00e9liens. Et quelques autres encore\u00a0:\u00a0Iain Hook, travailleur britannique de l\u2019UNRWA assassin\u00e9 en novembre 2002 \u00e0 Jenin, et le r\u00e9alisateur britannique, James Miller, assassin\u00e9 en mai 2003 dans la bande de Gaza, par un tireur isra\u00e9lien.<\/p>\n<p>Faut-il rappeler mai 2010, quand 10 b\u00e9n\u00e9voles turcs \u00e9taient assassin\u00e9s par la soldatesque isra\u00e9lienne, lors de l\u2019assaut de leur bateau \u2018\u00a0Mavi Marmara\u00a0\u2019 en route pour venir en aide \u00e0 la population de Gaza sous inf\u00e2me blocus du r\u00e9gime sioniste\u00a0?<\/p>\n<p>Ou plus r\u00e9cemment encore, o\u00f9 7 humanitaires travaillant pour l\u2019ONG \u00e9tasunienne <a target=\"_blank\" href=\"https:\/\/wck.org\" class=\"spip_out\" rel=\"external\">World Central Kitchen<\/a> ont \u00e9t\u00e9 tu\u00e9s par une frappe dans le centre de Gaza. Sans parler de plus de 250 travailleurs humanitaires morts depuis le d\u00e9but du g\u00e9nocide en cours. Ils \u00e9taient membres des Nations-Unies, notamment de l\u2019UNRWA, ou d\u2019ONG internationales comme Medical Assistance International (MAP), ou de M\u00e9decins sans fronti\u00e8res (MSF), ou du Croissant-rouge palestinien&#8230; et j\u2019en passe.<\/p>\n<p>Qu\u2019on fait les diplomates et les gouvernements \u00e0 l\u2019\u00e9poque des Missions civiles\u00a0? Et qu\u2019ont-ils fait depuis les 19 mois du g\u00e9nocide av\u00e9r\u00e9 et confirm\u00e9 par les instances internationales\u00a0? Rien, sinon quelques molles protestations, pour la forme. Alors, les cris d\u2019orfraies pouss\u00e9s par les gouvernements pour d\u00e9noncer des tirs de semonce de l\u2019arm\u00e9e sioniste, me laissent indiff\u00e9rent&#8230;<\/p>\n<p>Parce que, depuis 25 ans, nous sommes quelques uns \u00e0 avertir et d\u00e9noncer ce qui se pr\u00e9pare, sans que personne en haut lieu n\u2019ait pris le temps d\u2019\u00e9couter, et n\u2019ait eu le courage de tirer la sonnette d\u2019alarme pour prendre des mesures concr\u00e8tes afin d\u2019emp\u00eacher que le pire n\u2019advienne. Et il se d\u00e9roule chaque jour sous nos yeux.<\/p>\n<p>Parce que, depuis 25 ans, nous mettons en garde et alertons sur la d\u00e9t\u00e9rioration des conditions de vie en Palestine, rendant impossible le projet des Accords d\u2019Oslo de \u2018\u00a0Deux Etats vivant c\u00f4te \u00e0 c\u00f4te\u00a0\u2019, alors que des incultes pour ne pas dire des pleutres se bornent \u00e0 \u00e2nonner ce mantra devenu depuis longtemps irr\u00e9alisable, du fait de la poursuite du cancer de la colonisation isra\u00e9lienne tous azimuts.<\/p>\n<p>Parce que, depuis 25 ans, nous avons multipli\u00e9 les articles, les livres, les manifestations, les soir\u00e9es-d\u00e9bats, les t\u00e9moignages et reportages au retour de d\u00e9l\u00e9gations civiles pour informer comme les Palestiniens nous le demandaient, et d\u00e9noncer les mensonges d\u2019une presse de caniveau au service des gouvernements qui maquillent les faits pour pr\u00e9server ce r\u00e9gime d\u2019apartheid isra\u00e9lien dont ils nous r\u00e9p\u00e8tent r\u00e9guli\u00e8rement son \u2018\u00a0droit \u00e0 se d\u00e9fendre\u00a0\u2019, quand il est sans le moindre doute l\u2019occupant et l\u2019agresseur. Et qu\u2019il viole all\u00e8grement toutes les r\u00e9solutions de l\u2019ONU depuis des d\u00e9cennies.<\/p>\n<p>M\u00eame au cours des derniers mois et malgr\u00e9 ses tentatives de censure, alors que le r\u00e9gime terroriste isra\u00e9lien commet ce que les plus hauts tribunaux internationaux d\u00e9signent comme \u2018\u00a0g\u00e9nocide\u00a0\u2019 que chacun peut v\u00e9rifier sur ses \u00e9crans, nos gouvernements europ\u00e9ens continuent \u00e0 livrer des armes \u00e0 ce r\u00e9gime assassin, et alimentent sans sourciller l\u2019Accord d\u2019association avec \u2018\u00a0Isra\u00ebl\u00a0\u2019, comme si de rien n\u2019\u00e9tait.<\/p>\n<p>En r\u00e9alit\u00e9, il en est de ce r\u00e9gime comme d\u2019un enfant\u00a0: \u00e0 force de l\u2019avoir g\u00e2t\u00e9-pourri, nous en voyons le r\u00e9sultat. Nous sommes face \u00e0 un d\u00e9linquant incontr\u00f4lable. Un sondage r\u00e9cent vient d\u2019annoncer que plus de 80% des Isra\u00e9liens approuve l\u2019expulsion forc\u00e9e des Palestiniens de Gaza, et une majorit\u00e9 s\u2019oppose \u00e0 l\u2019entr\u00e9e d\u2019aide humanitaire. La soci\u00e9t\u00e9 isra\u00e9lienne est, je le r\u00e9p\u00e8te une fois encore, une soci\u00e9t\u00e9 profond\u00e9ment malade, profond\u00e9ment injuste, profond\u00e9ment raciste, bien \u00e9loign\u00e9e de la d\u00e9mocratie dont elle se targue.<\/p>\n<p>Quant \u00e0 certains gouvernements arabes et leur Oumma fantasm\u00e9e, toujours press\u00e9s pour satisfaire le couple maudit Etats-unis\/Isra\u00ebl jusqu\u2019\u00e0 ratifier la \u2018\u00a0normalisation\u00a0\u2019 avec ce r\u00e9gime de terreur sioniste, ils auraient pu abr\u00e9ger les souffrances de leurs fr\u00e8res et s\u0153urs palestiniens depuis longtemps, en coupant tout simplement l\u2019approvisionnement en fuel de la machine de guerre sioniste.<\/p>\n<p>L\u00e0, sous nos yeux \u00e9pouvant\u00e9s, le pire se d\u00e9roule et nous assistons en direct \u00e0 l\u2019agonie de tout un peuple, enfants compris, sans qu\u2019aucune des huiles en hauts-lieux ne prennent les mesures qu\u2019une telle situation exige. Alors, peu importe que quelques diplomates aient eu une frayeur. Et qu\u2019ils ne viennent surtout pas se pr\u00e9senter comme \u2018\u00a0victimes\u00a0\u2019\u00a0: ils ne r\u00e9coltent que le minimum de ce qu\u2019en r\u00e9alit\u00e9 ils m\u00e9ritent, et peuvent s\u2019estimer heureux de s\u2019en sortir \u00e0 si bon compte\u00a0! Au train o\u00f9 vont les choses, la prochaine fois sera peut-\u00eatre pire, pour eux aussi&#8230;<\/p>\n<p><strong>Daniel Vanhove &#8211;<\/strong><br class=\"autobr\"\/><br \/>\n24.05.25<\/p>\n<\/div>\n<p><br \/>\n<br \/><a href=\"https:\/\/www.legrandsoir.info\/une-delegation-diplomatique-secouee-par-des-tirs-de-l-armee-sioniste.html\" target=\"_blank\"\">Source link <\/a><\/p>\n","protected":false},"excerpt":{"rendered":"<p>Mercredi dernier, \u00e0 l\u2019entr\u00e9e du camp de r\u00e9fugi\u00e9s de Jenin, en Cisjordanie occup\u00e9e, l\u2019arm\u00e9e du r\u00e9gime terroriste isra\u00e9lien a ouvert le feu sur une d\u00e9l\u00e9gation diplomatique comprenant des ambassadeurs et&hellip; <\/p>\n","protected":false},"author":1,"featured_media":8940,"comment_status":"open","ping_status":"open","sticky":false,"template":"","format":"standard","meta":{"footnotes":""},"categories":[1],"tags":[],"class_list":["post-8939","post","type-post","status-publish","format-standard","has-post-thumbnail","hentry","category-non-classe"],"_links":{"self":[{"href":"https:\/\/monde25.info\/index.php\/wp-json\/wp\/v2\/posts\/8939","targetHints":{"allow":["GET"]}}],"collection":[{"href":"https:\/\/monde25.info\/index.php\/wp-json\/wp\/v2\/posts"}],"about":[{"href":"https:\/\/monde25.info\/index.php\/wp-json\/wp\/v2\/types\/post"}],"author":[{"embeddable":true,"href":"https:\/\/monde25.info\/index.php\/wp-json\/wp\/v2\/users\/1"}],"replies":[{"embeddable":true,"href":"https:\/\/monde25.info\/index.php\/wp-json\/wp\/v2\/comments?post=8939"}],"version-history":[{"count":0,"href":"https:\/\/monde25.info\/index.php\/wp-json\/wp\/v2\/posts\/8939\/revisions"}],"wp:featuredmedia":[{"embeddable":true,"href":"https:\/\/monde25.info\/index.php\/wp-json\/wp\/v2\/media\/8940"}],"wp:attachment":[{"href":"https:\/\/monde25.info\/index.php\/wp-json\/wp\/v2\/media?parent=8939"}],"wp:term":[{"taxonomy":"category","embeddable":true,"href":"https:\/\/monde25.info\/index.php\/wp-json\/wp\/v2\/categories?post=8939"},{"taxonomy":"post_tag","embeddable":true,"href":"https:\/\/monde25.info\/index.php\/wp-json\/wp\/v2\/tags?post=8939"}],"curies":[{"name":"wp","href":"https:\/\/api.w.org\/{rel}","templated":true}]}}