{"id":8948,"date":"2025-05-25T21:57:46","date_gmt":"2025-05-25T19:57:46","guid":{"rendered":"https:\/\/monde25.info\/index.php\/2025\/05\/25\/au-moins-un-blesse-grave-lors-dun-affrontement-a-la-machette-dans-un-centre-commercial-de-melbourne-rt-en-francais\/"},"modified":"2025-05-25T21:57:46","modified_gmt":"2025-05-25T19:57:46","slug":"au-moins-un-blesse-grave-lors-dun-affrontement-a-la-machette-dans-un-centre-commercial-de-melbourne-rt-en-francais","status":"publish","type":"post","link":"https:\/\/monde25.info\/index.php\/2025\/05\/25\/au-moins-un-blesse-grave-lors-dun-affrontement-a-la-machette-dans-un-centre-commercial-de-melbourne-rt-en-francais\/","title":{"rendered":"au moins un bless\u00e9 grave lors d\u2019un affrontement \u00e0 la machette dans un centre commercial de Melbourne \u2014 RT en fran\u00e7ais"},"content":{"rendered":"<p> <br \/>\n<br \/><img decoding=\"async\" src=\"https:\/\/mf.b37mrtl.ru\/french\/images\/2025.05\/thumbnail\/68334f7387f3ec2ae771ee47.jpg\" \/><\/p>\n<div>\n<p class=\"text__summary\">\n                                        Un homme a \u00e9t\u00e9 gri\u00e8vement bless\u00e9 ce 25 mai lors d&rsquo;un affrontement \u00e0 la machette dans un centre commercial en banlieue de Melbourne. La police avance la piste d\u2019un r\u00e8glement de compte entre \u00abgangs rivaux\u00bb. Deux individus ont \u00e9t\u00e9 interpell\u00e9s, dont un adolescent \u00e2g\u00e9 de 15 ans.\n                                    <\/p>\n<p>Vent de panique au centre commercial Northland\u00a0\u00e0 Preston, dans la banlieue de Melbourne, ce 25 mai, apr\u00e8s un affrontement \u00e0 l\u2019arme blanche qui a fait plusieurs bless\u00e9s.<\/p>\n<p>\u00ab\u00a0Tout le monde courait pour sauver sa vie\u00a0\u00bb,\u00a0<a target=\"_blank\" href=\"https:\/\/www.abc.net.au\/news\/2025-05-25\/northland-shopping-centre-knives-attack-preston-police-update\/105334604\">a confi\u00e9<\/a>\u00a0\u00e0 <em>ABC News <\/em>une cliente qui s\u2019est r\u00e9fugi\u00e9e sous le comptoir d\u2019une boutique. \u00ab\u00a0C&rsquo;\u00e9tait un peu chaotique\u2026 beaucoup de voitures sortaient du centre commercial\u00a0\u00bb, a d\u00e9clar\u00e9 une autre, elle aussi cit\u00e9e par le m\u00e9dia public australien. Selon la m\u00eame source, des t\u00e9moins ont d\u00e9clar\u00e9 avoir vu des individus agiter \u00ab\u00a0sauvagement\u00a0\u00bb des machettes avant que les clients aux alentours ne prennent la fuite.<\/p>\n<p>Des\u00a0<a target=\"_blank\" href=\"https:\/\/x.com\/TheWorldVoices\/status\/1926555776446833058\" target=\"_blank\" rel=\"noopener noreferrer\">images<\/a>\u00a0ont circul\u00e9 sur les r\u00e9seaux sociaux, montrant des clients fuyant \u00e0 travers les couloirs du centre commercial ou encore un homme s\u2019\u00e9tant jet\u00e9 sur l\u2019un des individus apr\u00e8s l\u2019avoir fait tomber au sol. Annon\u00e7ant l\u2019attaque, la cha\u00eene <em>7News<\/em> a d\u00e9clar\u00e9 que \u00ab\u00a0jusqu\u2019\u00e0 quatre personnes\u00a0\u00bb auraient \u00e9t\u00e9 poignard\u00e9es.<\/p>\n<p>Cit\u00e9e par <em>ABC News<\/em>, la surintendante de la police de Victoria, Kelly Lawson, a \u00e9voqu\u00e9 un affrontement entre membres de deux \u00ab\u00a0gangs rivaux\u00a0\u00bb qui aurait \u00e9clat\u00e9 vers 14h30 dans l\u2019\u00e8re de restauration du centre commercial. \u00ab\u00a0Je veux rassurer la communaut\u00e9 sur le fait qu&rsquo;il ne s&rsquo;agit pas d&rsquo;un \u00e9v\u00e9nement al\u00e9atoire, mais d&rsquo;une rencontre de gangs pr\u00e9-organis\u00e9e o\u00f9 cette bagarre a eu lieu\u00a0\u00bb, a-t-elle encore d\u00e9clar\u00e9, toujours selon la m\u00eame source.<\/p>\n<h2>Une Australie marqu\u00e9e par les attaques \u00e0 l&rsquo;arme blanche<\/h2>\n<p>Selon Lawson, deux individus ont \u00e9t\u00e9 interpell\u00e9s, dont un adolescent de quinze ans, et les forces de police s&rsquo;efforceraient d&rsquo;identifi\u00e9 huit autres personnes impliqu\u00e9es. Par ailleurs, un homme d&rsquo;une vingtaine d&rsquo;ann\u00e9es a \u00e9t\u00e9 transport\u00e9 \u00e0 l&rsquo;h\u00f4pital avec de graves blessures au haut du corps, mais il \u00e9tait\u00a0dans un \u00e9tat stable en fin d&rsquo;apr\u00e8s-midi.<\/p>\n<p>Cet \u00e9v\u00e8nement, ainsi que les sc\u00e8nes de paniques, ne sont pas sans rappeler\u00a0<a target=\"_blank\" href=\"https:\/\/francais.rt.com\/international\/110625-australie-attaque-couteau-victimes-centre-commercial-police\">l\u2019attaque au couteau<\/a>\u00a0survenue en avril 2024 dans un centre commercial en banlieue de Sydney, o\u00f9 six personnes avaient \u00e9t\u00e9 tu\u00e9es et huit autres \u2013 dont un nourrisson de neuf mois \u2013 bless\u00e9es par un quarantenaire qui aurait \u00e9t\u00e9 atteint de troubles mentaux.<\/p>\n<p>Deux jours plus tard, \u00e9galement en banlieue de Sydney, dans une \u00e9glise assyrienne, un adolescent de 15 ans avait violemment poignard\u00e9 un \u00e9v\u00eaque\u00a0alors en plein service. Dans la m\u00eame veine, deux semaines plus tard, le 4 mai \u00e0 Perth, la police\u00a0<a target=\"_blank\" href=\"https:\/\/francais.rt.com\/international\/110981-attaque-terroriste-australie-adolescent-16\">abattait un adolescent<\/a>\u00a0de 16 ans qui s\u2019\u00e9tait \u00ab\u00a0pr\u00e9cipit\u00e9\u00a0\u00bb sur eux avec un couteau de cuisine.<\/p>\n<\/div>\n<p><br \/>\n<br \/><a href=\"https:\/\/francais.rt.com\/international\/121200-australie-blesse-banlieue-melbourne-machette\" target=\"_blank\"\">Source link <\/a><\/p>\n","protected":false},"excerpt":{"rendered":"<p>Un homme a \u00e9t\u00e9 gri\u00e8vement bless\u00e9 ce 25 mai lors d&rsquo;un affrontement \u00e0 la machette dans un centre commercial en banlieue de Melbourne. La police avance la piste d\u2019un r\u00e8glement&hellip; <\/p>\n","protected":false},"author":1,"featured_media":8949,"comment_status":"open","ping_status":"open","sticky":false,"template":"","format":"standard","meta":{"footnotes":""},"categories":[1],"tags":[],"class_list":["post-8948","post","type-post","status-publish","format-standard","has-post-thumbnail","hentry","category-non-classe"],"_links":{"self":[{"href":"https:\/\/monde25.info\/index.php\/wp-json\/wp\/v2\/posts\/8948","targetHints":{"allow":["GET"]}}],"collection":[{"href":"https:\/\/monde25.info\/index.php\/wp-json\/wp\/v2\/posts"}],"about":[{"href":"https:\/\/monde25.info\/index.php\/wp-json\/wp\/v2\/types\/post"}],"author":[{"embeddable":true,"href":"https:\/\/monde25.info\/index.php\/wp-json\/wp\/v2\/users\/1"}],"replies":[{"embeddable":true,"href":"https:\/\/monde25.info\/index.php\/wp-json\/wp\/v2\/comments?post=8948"}],"version-history":[{"count":0,"href":"https:\/\/monde25.info\/index.php\/wp-json\/wp\/v2\/posts\/8948\/revisions"}],"wp:featuredmedia":[{"embeddable":true,"href":"https:\/\/monde25.info\/index.php\/wp-json\/wp\/v2\/media\/8949"}],"wp:attachment":[{"href":"https:\/\/monde25.info\/index.php\/wp-json\/wp\/v2\/media?parent=8948"}],"wp:term":[{"taxonomy":"category","embeddable":true,"href":"https:\/\/monde25.info\/index.php\/wp-json\/wp\/v2\/categories?post=8948"},{"taxonomy":"post_tag","embeddable":true,"href":"https:\/\/monde25.info\/index.php\/wp-json\/wp\/v2\/tags?post=8948"}],"curies":[{"name":"wp","href":"https:\/\/api.w.org\/{rel}","templated":true}]}}