{"id":8954,"date":"2025-05-26T00:12:02","date_gmt":"2025-05-25T22:12:02","guid":{"rendered":"https:\/\/monde25.info\/index.php\/2025\/05\/26\/reduction-des-dechets-a-paris-un-marche-experimente-la-consigne\/"},"modified":"2025-05-26T00:12:02","modified_gmt":"2025-05-25T22:12:02","slug":"reduction-des-dechets-a-paris-un-marche-experimente-la-consigne","status":"publish","type":"post","link":"https:\/\/monde25.info\/index.php\/2025\/05\/26\/reduction-des-dechets-a-paris-un-marche-experimente-la-consigne\/","title":{"rendered":"R\u00e9duction des d\u00e9chets\u00a0: \u00e0 Paris, un march\u00e9 exp\u00e9rimente la consigne"},"content":{"rendered":"<p> <br \/>\n<br \/><img loading=\"lazy\" decoding=\"async\" src=\"https:\/\/reporterre.net\/local\/cache-vignettes\/L700xH467\/14-_illustration_stand_fabienne_-_charcuterie_-6284f.jpg?1747986828\" class=\"spip_logo\" width=\"700\" height=\"467\" alt=\"\" \/><\/p>\n<p>Depuis d\u00e9cembre 2024, le march\u00e9 de La Chapelle \u00e0 Paris propose un syst\u00e8me de consigne pour limiter les d\u00e9chets plastiques. Malgr\u00e9 l&rsquo;int\u00e9r\u00eat des commer\u00e7ants, le dispositif peine \u00e0 se populariser parmi les clients. <br class=\"autobr\" \/><br \/>\nParis, march\u00e9 de La Chapelle, reportage <br class=\"autobr\" \/><br \/>\nEmporter son repas dans un r\u00e9cipient en verre plut\u00f4t que dans les traditionnels emballages jetables, c&rsquo;est possible au march\u00e9 de La Chapelle (dit aussi de l&rsquo;Olive), dans le 18\u1d49\u00a0arrondissement de Paris. Un syst\u00e8me de consigne a \u00e9t\u00e9 inaugur\u00e9\u00a0(\u2026)<\/p>\n<p>                    <a target=\"_blank\" href=\"https:\/\/reporterre.net\/Reduction-des-dechets-a-Paris-un-marche-experimente-la-consigne?utm_source=RSS&amp;utm_medium=RSS\">Lire la suite<\/a><\/p>\n<p>                    &#8211;<br \/>\n                        <a target=\"_blank\" href=\"https:\/\/reporterre.net\/Reportage\" rel=\"directory\">Reportage<\/a><\/p>\n<p>                    \/<br \/>\n                        <a target=\"_blank\" href=\"https:\/\/reporterre.net\/Photographies\" rel=\"tag\">Photographies<\/a><br \/>\n                    ,<br \/>\n                        <a target=\"_blank\" href=\"https:\/\/reporterre.net\/Quotidien\" rel=\"tag\">Quotidien<\/a><br \/>\n                    ,<br \/>\n                        <a target=\"_blank\" href=\"https:\/\/reporterre.net\/Alternatives\" rel=\"tag\">Alternatives<\/a><br \/>\n                    ,<br \/>\n                        <a target=\"_blank\" href=\"https:\/\/reporterre.net\/Plastique-227\" rel=\"tag\">Plastique<\/a><br \/>\n<br \/><br \/>\n<br \/><a href=\"https:\/\/reporterre.net\/Reduction-des-dechets-a-Paris-un-marche-experimente-la-consigne\" target=\"_blank\"\">Source link <\/a><\/p>\n","protected":false},"excerpt":{"rendered":"<p>Depuis d\u00e9cembre 2024, le march\u00e9 de La Chapelle \u00e0 Paris propose un syst\u00e8me de consigne pour limiter les d\u00e9chets plastiques. Malgr\u00e9 l&rsquo;int\u00e9r\u00eat des commer\u00e7ants, le dispositif peine \u00e0 se populariser&hellip; <\/p>\n","protected":false},"author":1,"featured_media":0,"comment_status":"open","ping_status":"open","sticky":false,"template":"","format":"standard","meta":{"footnotes":""},"categories":[1],"tags":[],"class_list":["post-8954","post","type-post","status-publish","format-standard","hentry","category-non-classe"],"_links":{"self":[{"href":"https:\/\/monde25.info\/index.php\/wp-json\/wp\/v2\/posts\/8954","targetHints":{"allow":["GET"]}}],"collection":[{"href":"https:\/\/monde25.info\/index.php\/wp-json\/wp\/v2\/posts"}],"about":[{"href":"https:\/\/monde25.info\/index.php\/wp-json\/wp\/v2\/types\/post"}],"author":[{"embeddable":true,"href":"https:\/\/monde25.info\/index.php\/wp-json\/wp\/v2\/users\/1"}],"replies":[{"embeddable":true,"href":"https:\/\/monde25.info\/index.php\/wp-json\/wp\/v2\/comments?post=8954"}],"version-history":[{"count":0,"href":"https:\/\/monde25.info\/index.php\/wp-json\/wp\/v2\/posts\/8954\/revisions"}],"wp:attachment":[{"href":"https:\/\/monde25.info\/index.php\/wp-json\/wp\/v2\/media?parent=8954"}],"wp:term":[{"taxonomy":"category","embeddable":true,"href":"https:\/\/monde25.info\/index.php\/wp-json\/wp\/v2\/categories?post=8954"},{"taxonomy":"post_tag","embeddable":true,"href":"https:\/\/monde25.info\/index.php\/wp-json\/wp\/v2\/tags?post=8954"}],"curies":[{"name":"wp","href":"https:\/\/api.w.org\/{rel}","templated":true}]}}