{"id":899,"date":"2024-11-25T22:27:40","date_gmt":"2024-11-25T21:27:40","guid":{"rendered":"https:\/\/monde25.info\/index.php\/2024\/11\/25\/conquistador-francesoir\/"},"modified":"2024-11-25T22:27:40","modified_gmt":"2024-11-25T21:27:40","slug":"conquistador-francesoir","status":"publish","type":"post","link":"https:\/\/monde25.info\/index.php\/2024\/11\/25\/conquistador-francesoir\/","title":{"rendered":"Conquistador&#8230; | FranceSoir"},"content":{"rendered":"<p> <br \/>\n<\/p>\n<div>\n<p><a target=\"_blank\" href=\"https:\/\/youtu.be\/Ix0Bnrxpyz0\" target=\"_blank\">&#8230; ou con qui s&rsquo;adore ?<\/a><\/p>\n<p>Le narcissisme de Jupiter 1er, alias Emmanuel Macron, serait connu et moqu\u00e9 partout sur la plan\u00e8te (1), autant que lui-m\u00eame est connu (et pareillement moqu\u00e9) \u00e0 l&rsquo;international, comme \u00e9tant l&rsquo;invit\u00e9 vedette d&rsquo;un remake politique de \u00ab\u00a0<em>Le d\u00eener de cons<\/em>\u00a0\u00bb de Francis Veber, auquel on assiste m\u00e9dus\u00e9 (nous Fran\u00e7ais), \u00e0 chacune des r\u00e9unions publiques pluri-\u00e9tatiques auxquelles il participe.<\/p>\n<p>Partant de l\u00e0, ne devrait-on pas pouvoir privil\u00e9gier \u00ab\u00a0con qui s&rsquo;adore\u00a0\u00bb \u00e0 \u00ab\u00a0Conquistador\u00a0\u00bb\u00a0?<\/p>\n<p><iframe loading=\"lazy\" title=\"Conquistador - Parodie de &quot;Machistador&quot; (M)\" width=\"1110\" height=\"624\" src=\"https:\/\/www.youtube.com\/embed\/Ix0Bnrxpyz0?feature=oembed\" frameborder=\"0\" allow=\"accelerometer; autoplay; clipboard-write; encrypted-media; gyroscope; picture-in-picture; web-share\" referrerpolicy=\"strict-origin-when-cross-origin\" allowfullscreen><\/iframe><\/p>\n<p>N\u00e9anmoins, un b\u00e9mol semble devoir \u00eatre mis au caract\u00e8re incontestable de cette affirmation, au regard d&rsquo;\u00e9l\u00e9ments de droit et de fait qui eux sont 100% patents. Celui-ci tout particuli\u00e8rement.<\/p>\n<p>Si d\u00e9claration de guerre officielle entre la France et la Russie, il y a (vot\u00e9e par le Parlement fran\u00e7ais ou ent\u00e9rin\u00e9e par une riposte russe sur le territoire fran\u00e7ais, en r\u00e9plique \u00e0 des tirs, sur le territoire russe, de missiles \u00e0 longue port\u00e9e autoris\u00e9s et donc valid\u00e9s par l&rsquo;OTAN), premi\u00e8rement <a target=\"_blank\" href=\"https:\/\/youtu.be\/RGHHEp6iCtg\">Emmanuel Macron ne pourra pas \u00eatre pouss\u00e9 \u00e0 la d\u00e9mission (d\u00e9mission \u00ab\u00a0imminente<\/a>\u00a0\u00bb a affirm\u00e9 Florian Philippot\u00a0 \u00ab\u00a0sauf \u00e9v\u00e9nement majeur\u00a0\u00bb. Et deuxi\u00e8mement, Emmanuel Macron pourra se maintenir en fonction au-del\u00e0 du terme \u00e9chu de son mandat (\u00e0 savoir en mai 2027), l&rsquo;\u00e9lection pr\u00e9sidentielle ne pouvant se faire en p\u00e9riode de guerre. \u00c0 fortiori, quand il est fait application de l&rsquo;article 16 de la Constitution\u00a0: les pleins pouvoirs pour le pr\u00e9sident de la R\u00e9publique \u00ab\u00a0en cas de crise grave \u00bb. Or, une guerre militaire contre la Russie remplirait toutes les conditions mat\u00e9rielles requises pour que le Conseil constitutionnel valid\u00e2t un recours \u00e0 cet article 16 invoquant ce motif.<\/p>\n<p>En outre, Code du travail, syst\u00e8me de retraite, agriculture, industrie, ind\u00e9pendance \u00e9nerg\u00e9tique, etc., <strong>\u00ab\u00a0tout d\u00e9truire pour mieux reconstruire\u00a0\u00bb<\/strong> (au profit de ses commanditaires) \u00e9tant aussi, \u00e0 l&rsquo;\u00e9vidence, la strat\u00e9gie d&rsquo;Emmanuel Macron pour mener \u00e0 bien le \u00ab\u00a0<em>Parce que c&rsquo;est notre projet\u00a0!<\/em>\u00a0\u00bb pour lequel il a \u00e9t\u00e9 plac\u00e9 \u00e0 l\u2019\u00c9lys\u00e9e, la troisi\u00e8me guerre mondiale dans laquelle nous entra\u00eene un embrasement de la guerre en Ukraine, serait une b\u00e9n\u00e9diction pour Emmanuel Macron et consorts.<\/p>\n<p>Diable\u00a0!<\/p>\n<p>Obligatoirement synonyme quasiment d&rsquo;apocalypse nucl\u00e9aire plan\u00e9taire que cette troisi\u00e8me guerre mondiale serait, l&#8217;embrasement de la guerre en Ukraine, pour Emmanuel Macron et consorts, serait le sc\u00e9nario id\u00e9al. Le chaos \u00e9conomique et humain dans lequel la France serait plong\u00e9e serait d&rsquo;une ampleur sans pr\u00e9c\u00e9dent. Le jour de gloire enfin arriv\u00e9 pour les fossoyeurs des peuples que sont les hommes de pouvoir. Ces politiciens tra\u00eetres \u00e0 la Patrie qui \u0153uvrent \u00e0 l&rsquo;av\u00e8nement d&rsquo;un nouvel ordre mondial, synonyme lui d&rsquo;un quatri\u00e8me Reich qui lui effectivement pourra durer mille ans, gr\u00e2ce \u00e0 un contr\u00f4le total et permanent de la population d\u00e9sormais possible, avec ce que ceux que certains h\u00e9sitent encore \u00e0 consid\u00e9rer comme des \u00ab\u00a0<em>fous complets<\/em>\u00a0\u00bb, ce que ces individus appellent \u00ab\u00a0l&rsquo;intelligence artificielle.\u00a0\u00bb<\/p>\n<p>Oui. Emmanuel Macron\u00a0: en Marche forc\u00e9e direction la guerre. La guerre \u00ab\u00a0quoiqu&rsquo;il en co\u00fbte\u00a0\u00bb pour rester sur le tr\u00f4ne. Et, comme \u00e0 chaque fois, depuis son arriv\u00e9e tronqu\u00e9e au pouvoir, ce n&rsquo;est pas lui qui paiera l&rsquo;addition. Ce seront les Fran\u00e7ais. Les 68 millions d&rsquo;hommes, de femmes et d&rsquo;enfants qui, d&rsquo;accord, tous morts qu&rsquo;ils seront, n&rsquo;auront plus \u00e0 rembourser la dette publique de 3 200 milliards d&rsquo;euros que Macron et Cie nous ont coll\u00e9s. Mais, convenez-en avec moi\u00a0: quelle pi\u00e8tre consolation\u00a0!<\/p>\n<p>Qu&rsquo;elle soit nucl\u00e9aire ou non, la guerre profite uniquement aux industriels et aux politiciens v\u00e9reux, qui forcent les peuples \u00e0 y mourir en masse. Elle leur profite \u00ab\u00a0syst\u00e9matiquement\u00a0\u00bb, m\u00eame, dirais-je plus exactement.<\/p>\n<p>Pardi\u00a0!<\/p>\n<p>Le recours \u00e0 la guerre militaire est le syst\u00e8me utilis\u00e9 par les politiciens v\u00e9reux, d\u00e8s qu&rsquo;arrive le moment o\u00f9 ils devraient normalement rendre des comptes. \u00catre jug\u00e9s en place publique pour la guerre \u00e9conomique qu&rsquo;ils m\u00e8nent en permanence contre les peuples, entre deux guerres, pour le compte de leurs commanditaires. Les ultra-riches qui apr\u00e8s chaque nouvelle \u00ab\u00a0crise\u00a0\u00bb \u00e9conomique orchestr\u00e9e par eux \u00e0 cette fin machiav\u00e9lique de d\u00e9pouiller les peuples l\u00e9galement (2), accroissent autant leurs fortunes que l&#8217;emprise \u00e9conomique et politique qu&rsquo;ils ont sur les peuples.<\/p>\n<p>Parmi les politiciens fran\u00e7ais, disons, d&rsquo;envergure, Dominique de Villepin semble \u00eatre le seul \u00e0 avoir <a target=\"_blank\" href=\"https:\/\/www.francesoir.fr\/opinions-editos\/le-courage-de-la-paix\">le courage de la Paix<\/a>.<\/p>\n<p>Il vient en tout cas d&rsquo;en faire <a target=\"_blank\" href=\"https:\/\/x.com\/xazalbert\/status\/1860629233304756638\">la d\u00e9monstration face \u00e0 une \u00c9lisabeth Borne<\/a>, elle, plus va-t-en-guerre encore que son ancien patron\u00a0: Emmanuel Macron. \u00ab\u00a0L&rsquo;apanage du kapo\u00a0\u00bb, me souffle-t-on en r\u00e9gie.<\/p>\n<p>Sa compr\u00e9hension et son exp\u00e9rience de ce qu&rsquo;est la diplomatie rel\u00e8guent au rang de petits amateurs, les technocrates comme \u00c9lisabeth Borne. Car ce qu&rsquo;elle d\u00e9montre, elle, c&rsquo;est qu&rsquo;elle n&rsquo;a pas le niveau de pens\u00e9e ind\u00e9pendante et autonome indispensable dans ce domaine. Elle ressasse le normatif impos\u00e9 par la propagande, sans cette capacit\u00e9 exig\u00e9e du diplomate, \u00e0 prendre acte de ce qui est vrai et de ce qui est faux. Et surtout, elle fait totalement fi de l&rsquo;int\u00e9r\u00eat des Fran\u00e7ais.<\/p>\n<p><a target=\"_blank\" href=\"https:\/\/x.com\/AndreBurnol\/status\/1860636135849935131?t=jxILkntNeylHUJ9hh0AXpw&amp;s=19\"><img decoding=\"async\" data-entity-uuid=\"fe1df0ac-3bc2-4071-8447-e4bc353bcc8f\" data-entity-type=\"file\" alt=\"https:\/\/x.com\/AndreBurnol\/status\/1860636135849935131?t=jxILkntNeylHUJ9hh0AXpw&amp;s=19\" width=\"527\" height=\"193\" loading=\"lazy\" class=\"lazyload\" src=\"https:\/\/www.francesoir.fr\/sites\/default\/files\/inline-images\/Capture%20d%27%C3%A9cran%202024-11-25%20171924.png\"\/><\/a><\/p>\n<p>Malheureusement pour nos pr\u00e9tendues \u00ab\u00a0\u00e9lites\u00a0\u00bb, et heureusement pour nous, peuple de France, Vladimir Poutine a une grande intelligence de l&rsquo;art de la guerre. Sa strat\u00e9gie est simple. Leur donner des sueurs froides, face \u00e0 la tentative d&rsquo;intox de la CIA, avec le New-York Times, qui a embarqu\u00e9 Macron et les autres dirigeants europ\u00e9ens dans l&rsquo;accord pour des frappes profondes. J\u2019en d\u00e9cryptai les \u00e9l\u00e9ments essentiels dans ce tweet\u00a0:<\/p>\n<blockquote class=\"twitter-tweet\">\n<p lang=\"fr\" dir=\"ltr\">La riposte arrivera comme l&rsquo;a bien d\u00e9crit <a target=\"_blank\" href=\"https:\/\/twitter.com\/HerveHannoun?ref_src=twsrc%5Etfw\">@HerveHannoun<\/a>.\u00a0<br \/>\u27a1\ufe0fCependant reste \u00e0 savoir quelles cibles seront choisies et surtout \u00e0 quelles oreilles Poutine parlera avant d&rsquo;agir.<br \/>\u27a1\ufe0fL&rsquo;objectif de donner des sueurs froides \u00e0 certains avec sa derni\u00e8re riposte \u00e0 \u00e9t\u00e9 atteint. Le niveau\u2026 <a target=\"_blank\" href=\"https:\/\/t.co\/oBSlWytLJz\">https:\/\/t.co\/oBSlWytLJz<\/a> <a target=\"_blank\" href=\"https:\/\/t.co\/fOPXchhJSG\">pic.twitter.com\/fOPXchhJSG<\/a><\/p>\n<p>\u2014 Xavier Azalbert FreeSpeech \ud83c\udde7\ud83c\uddf7 \ud83c\uddeb\ud83c\uddf7 (@xazalbert) <a target=\"_blank\" href=\"https:\/\/twitter.com\/xazalbert\/status\/1860487217732292985?ref_src=twsrc%5Etfw\">November 24, 2024<\/a><\/p>\n<\/blockquote>\n<p>On dit bien jou\u00e9 \u00e0 la CIA, la manipulation est belle. Mais, on dit aussi super bien jou\u00e9 \u00e0 un Vladimir Poutine qui aura probablement parl\u00e9 \u00e0 l&rsquo;oreille de Donald Trump par services interpos\u00e9s.<\/p>\n<p>Toutefois, il va falloir \u00e0 un moment arr\u00eater de jouer en se disant que Vladimir Poutine va \u00eatre intelligent dans sa riposte.<\/p>\n<p>Alors, qui pour dire \u00e0 nos \u00e9lites que le point de non-retour ne doit pas \u00eatre franchi et qu\u2019il serait peut-\u00eatre temps de devenir plus r\u00e9aliste concernant nos capacit\u00e9s militaires.<\/p>\n<p>La paix ou la mort, ai-je \u00e9crit le 2 octobre en terminant avec la phrase de JFK :<\/p>\n<blockquote>\n<p><a target=\"_blank\" href=\"https:\/\/francesoir.fr\/opinions-editos-tribunes\/la-paix-ou-la-mort\"><strong>\u00ab <\/strong><em><strong>l\u2019humanit\u00e9 devra mettre un terme \u00e0 la guerre, ou la guerre mettra un terme \u00e0 l\u2019humanit\u00e9<\/strong><\/em><strong> \u00bb.<\/strong><\/a><\/p>\n<\/blockquote>\n<p>Nous y sommes.<\/p>\n<p>En effet, il n\u2019y aura pas beaucoup d\u2019autres degr\u00e9s de libert\u00e9 \u00e0 jouer. Or, pour <a target=\"_blank\" href=\"https:\/\/francesoir.fr\/opinions-editos\/borne-be-lie-ou-borne-t-elle-le-mensonge-dans-la-peau-episode-2\">faire de la diplomatie<\/a>, il faut commencer <a target=\"_blank\" href=\"https:\/\/francesoir.fr\/opinions-editos\/au-nom-de-la-verite-si-je-mens-ou-le-mensonge-dans-la-peau\">par \u00e9viter de se mentir<\/a> et de <a target=\"_blank\" href=\"https:\/\/francesoir.fr\/opinions-editos\/borne-be-lie-ou-borne-t-elle-le-mensonge-dans-la-peau-episode-2\">se conformer \u00e0 la norme<\/a>,\u00a0celle-ci \u00e9tant par nature r\u00e9ductrice des degr\u00e9s de libert\u00e9 tel que j\u2019ai pu l\u2019exprimer dans un post sur X au sujet du d\u00e9bat entre deux anciens premiers ministres Dominique de Villepin et Elizabeth Borne qui d\u00e9montre la diff\u00e9rence flagrante de connaissance quand il s\u2019agit de la diplomatie.<\/p>\n<blockquote class=\"twitter-tweet\">\n<p lang=\"fr\" dir=\"ltr\">Dominique de <a target=\"_blank\" href=\"https:\/\/twitter.com\/Villepin?ref_src=twsrc%5Etfw\">@Villepin<\/a> d\u00e9montre sa compr\u00e9hension et son exp\u00e9rience de ce qu&rsquo;est la diplomatie rel\u00e9guant au rend des amateurs les technocrates comme Elisabeth Borne qui d\u00e9montre qu&rsquo;elle n&rsquo;a pas le niveau de pens\u00e9e ind\u00e9pendante et autonome si necessaire. Elle ressasse le normatif\u2026 <a target=\"_blank\" href=\"https:\/\/t.co\/qQZSkmrh3i\">https:\/\/t.co\/qQZSkmrh3i<\/a><\/p>\n<p>\u2014 Xavier Azalbert FreeSpeech \ud83c\udde7\ud83c\uddf7 \ud83c\uddeb\ud83c\uddf7 (@xazalbert) <a target=\"_blank\" href=\"https:\/\/twitter.com\/xazalbert\/status\/1860629233304756638?ref_src=twsrc%5Etfw\">November 24, 2024<\/a><\/p>\n<\/blockquote>\n<p>Cependant, il en est un <a target=\"_blank\" href=\"https:\/\/francesoir.fr\/politique-france\/une-bonne-fois-pour-toutes-depasse-la-borne\">qui d\u00e9passe, une bonne fois pour toutes, les bornes<\/a> en diplomatie bien plus qu&rsquo;elle\u00a0: Emmanuel Macron.<\/p>\n<p>La semaine derni\u00e8re encore, il s&rsquo;est montr\u00e9 une fois de plus ridicule au possible, lamentable, calamiteux et path\u00e9tique. Chef d&rsquo;\u00e9tat en visite officielle au Br\u00e9sil, c&rsquo;est telle une racaille de quartier (hupp\u00e9) qu&rsquo;il a grossi\u00e8rement interloqu\u00e9 un homme d&rsquo;une soixantaine d&rsquo;ann\u00e9es, paisible citoyen lambda francophone qui l&rsquo;avait interpell\u00e9 on ne peut plus poliment sur la responsabilit\u00e9 de la France dans <a target=\"_blank\" href=\"https:\/\/youtube.com\/shorts\/ifIRlmb3ewA?si=P2kq9FsuQYT_rB8B\">la situation chaotique en Ha\u00efti\u00a0<\/a> :<\/p>\n<p>\u00ab\u00a0<em>Non. L\u00e0, l\u00e0 je vais vous dire. H\u00e9\u00a0! \u00c9coute-moi. \u00c9coute-moi\u00a0! Franchement, ce sont les Ha\u00eftiens qui ont tu\u00e9 Ha\u00efti, en laissant le narco trafic. Et l\u00e0 ce qu&rsquo;ils ont fait. Le Premier Ministre \u00e9tait super. Je l&rsquo;ai d\u00e9fendu, ils l&rsquo;ont vir\u00e9. C&rsquo;est terrible. C&rsquo;est terrible\u00a0! Et moi j&rsquo; peux pas remplacer. Ils sont compl\u00e8tement cons. Ils auraient jamais d\u00fb le sortir. Le Premier Ministre \u00e9tait formidable<\/em>.\u00a0\u00bb<\/p>\n<p class=\"text-align-center\"><iframe loading=\"lazy\" title=\"&quot;Ils sont compl\u00e8tement cons&quot; : Macron s&#039;en prend aux dirigeants d&#039;#Haiti FRANCE 24\" width=\"1110\" height=\"624\" src=\"https:\/\/www.youtube.com\/embed\/ifIRlmb3ewA?feature=oembed\" frameborder=\"0\" allow=\"accelerometer; autoplay; clipboard-write; encrypted-media; gyroscope; picture-in-picture; web-share\" referrerpolicy=\"strict-origin-when-cross-origin\" allowfullscreen><\/iframe><\/p>\n<p>\u00a0<\/p>\n<p>Oui : \u00ab\u00a0<a target=\"_blank\" href=\"https:\/\/youtu.be\/oNHhU9EAepk\"><em>Quelle indignit\u00e9\u00a0!<\/em><\/a>\u00a0\u00bb Sarkozy en dix fois pire.<\/p>\n<p>Parfois une image vaut bien des mots et celle-ci, publi\u00e9e sur internet, en dit long<\/p>\n<p class=\"text-align-center\"><img decoding=\"async\" data-entity-uuid=\"846288fe-c9c5-4651-9e14-9afe0a8ba90f\" data-entity-type=\"file\" alt=\"efface moi\" width=\"379\" height=\"352\" loading=\"lazy\" class=\"lazyload\" src=\"https:\/\/www.francesoir.fr\/sites\/default\/files\/inline-images\/Capture%20d%27%C3%A9cran%202024-11-25%20155504.png\"\/><\/p>\n<p>Et, ceci d&rsquo;autant plus qu&rsquo;il para\u00eet que, pour une fois, c&rsquo;\u00e9tait \u00e0 un Emmanuel Macron \u00ab\u00a0au naturel\u00a0\u00bb que nous avions l\u00e0 : sans poudre, ni maquillage, il avait pris la tangente.<\/p>\n<p>Si-si. Une fois \u00ab\u00a0nez\u00a0\u00bb pas coutume, il s&rsquo;\u00e9tait abstenu de livrer ses sinus-cosinus, \u00e0 la trigonom\u00e9trie psych\u00e9d\u00e9lique que lui pr\u00eatent nombre d&rsquo;observateurs. C&rsquo;est ce qui m&rsquo;a \u00e9t\u00e9 affirm\u00e9 par d&rsquo;\u00e9minents sp\u00e9cialistes en la mati\u00e8re qui en d\u00e9tectent les sympt\u00f4mes dans le regard et dans le body-language.<\/p>\n<p>Et je ne vous parle pas ici seulement de Pierre Palmade et G\u00e9rard Faur\u00e9.<\/p>\n<p>Ah \u00e7a, blague \u00e0 part, le moins que l&rsquo;on puisse dire est que l<a target=\"_blank\" href=\"https:\/\/francesoir.fr\/politique-france-economie\/la-fracture-entre-les-francais-et-macron-est-consommee-confirme-un\" target=\"_blank\">a fracture est pleinement consomm\u00e9e entre le pr\u00e9sident de la R\u00e9publique et les Fran\u00e7ais<\/a>. Les degr\u00e9s de libert\u00e9 politique qu&rsquo;il lui reste sont peu nombreux, son gouvernement devra probablement faire face \u00e0 une motion de censure qui pourrait le faire tomber et hormis un r\u00e9f\u00e9rendum pour soumettre aux Fran\u00e7ais un nouveau projet, la derni\u00e8re carte qu&rsquo;il lui resterait serait celle de remettre sa d\u00e9mission.<\/p>\n<p>Surtout s&rsquo;il s&rsquo;ent\u00eate \u00e0 contourner les lois en pronon\u00e7ant un discours politique d\u00e9guis\u00e9 en remerciement au sein de Notre-Dame ce 29 novembre 2024 \u00e0 l&rsquo;occasion d&rsquo;une \u00ab <em>derni\u00e8re visite de chantier<\/em> \u00bb. En effet, par le biais d&rsquo;un communiqu\u00e9,<a target=\"_blank\" href=\"https:\/\/bonsens.info\/bonsens-org-met-en-demeure-larcheveche-de-paris-de-demander-au-president-de-tenir-son-discours-de-chantier-du-29-novembre-en-dehors-de-notre-dame\/\"> l&rsquo;association BonSens.org d\u00e9clare avoir proc\u00e9d\u00e9 \u00e0 une nouvelle mise en demeure<\/a> par voie d\u2019huissier de monseigneur Ulrich :\u00a0<\/p>\n<ul>\n<li><em>d\u2019avoir \u00e0 demander \u00e0 Emmanuel Macron <strong>de ne prononcer aucun discours public dans l\u2019enceinte<\/strong> de la cath\u00e9drale lors de sa derni\u00e8re visite du chantier pr\u00e9vue le 29 novembre 2024,<\/em><\/li>\n<li><em>et de pr\u00e9voir s\u2019il <strong>entend remercier les milliers d\u2019ouvriers et de m\u00e9c\u00e8nes<\/strong> qui ont contribu\u00e9 \u00e0 sa restauration de le faire en les invitant \u00e0 l\u2019\u00c9lys\u00e9e comme il le fait habituellement, par exemple pour f\u00e9liciter au nom de la Nation des sportifs ayant remport\u00e9 des m\u00e9dailles.<\/em><\/li>\n<\/ul>\n<p>Comme quoi le conquistador jupit\u00e9rien qui se voyait mettre la R\u00e9publique \u00ab en marche \u00bb en faisant usage de la strat\u00e9gie du \u00ab\u00a0nudge\u00a0\u00bb (3) se retrouve non seulement \u00e0 faire face au constat qu&rsquo;il a mis la Nation \u00e0 l&rsquo;arr\u00eat avec 1100 milliards de dettes additionnelles, mais en sus, c&rsquo;est lui qui est \u00ab nudg\u00e9 \u00bb en dehors de Notre-Dame.<\/p>\n<p>Tel est \u00ab nudg\u00e9 \u00bb qui croyait \u00a0\u00ab\u00a0nudger\u00a0\u00bb. (4) \u00a0<\/p>\n<p>\u00a0<\/p>\n<p>1) notamment pour le pu\u00e9ril \u00ab\u00a0<em>Le monde, c&rsquo;est moi\u00a0!<\/em>\u00a0\u00bb, qu&rsquo;Emmanuel Macron revendique niaisement pouvoir afficher \u00e0 chacune de ses prises de parole, alors qu&rsquo;en r\u00e9alit\u00e9 il n&rsquo;a de prise en g\u00e9opolitique absolument sur rien. Question narcissisme, il a d\u00e9pass\u00e9, et de loin, le pourtant d\u00e9j\u00e0 hyper balaise \u00ab<em>\u00a0L&rsquo;\u00c9tat, c&rsquo;est moi\u00a0!<\/em>\u00a0\u00bb de Louis XIV. \u00ab\u00a0Le Roi Soleil\u00a0\u00bb qui nonobstant l&rsquo;\u00e9clat que la version officielle de l&rsquo;Histoire lui pr\u00eate fort g\u00e9n\u00e9reusement, a pour ombre \u00e0 son tableau d&rsquo;avoir fait la guerre un peu partout en Europe tout son r\u00e8gne durant. Ce fut au prix de plusieurs centaines de milliers de morts en France, et c&rsquo;est un pays totalement exsangue, \u00e9conomiquement, qu&rsquo;il a laiss\u00e9 \u00e0 son d\u00e9c\u00e8s.<\/p>\n<p>2) \u00ab\u00a0l\u00e9galement\u00a0\u00bb, car c&rsquo;est par application des lois que les politiciens v\u00e9reux votent \u00e0 cet effet-l\u00e0, que les ultrariches d\u00e9pouillent le peuple sans risque d&rsquo;\u00eatre inqui\u00e9t\u00e9s par la justice.<\/p>\n<p>3) la th\u00e9orie du \u00ab\u00a0nudge\u00a0\u00bb ou du paternalisme lib\u00e9ral est la strat\u00e9gie <a target=\"_blank\" href=\"https:\/\/fr.wikipedia.org\/wiki\/Th%C3%A9orie_du_nudge\">qui fait valoir que des suggestions indirectes peuvent, sans forcer,\u00a0influencer\u00a0les motivations et inciter \u00e0 la\u00a0prise de d\u00e9cision\u00a0des groupes et des individus, de mani\u00e8re au moins aussi efficace que l&rsquo;instruction directe, la l\u00e9gislation ou l&rsquo;ex\u00e9cution<\/a>.<\/p>\n<p>4) en \u00e9cho au proverbe, tel est pris qui croyait prendre, je me suis permis de faire rentrer le verbe \u00ab nudger \u00bb temporairement dans la langue fran\u00e7aise. Une permission dont, j&rsquo;esp\u00e8re, vous ne me tiendrez pas rigueur.<\/p>\n<\/div>\n<p><script async src=\"\/\/platform.twitter.com\/widgets.js\" charset=\"utf-8\"><\/script><script>(function(d, s, id) {  var js, fjs = d.getElementsByTagName(s)[0];  if (d.getElementById(id)) return;  js = d.createElement(s); js.id = id;  js.src = \"\/\/connect.facebook.net\/fr_FR\/sdk.js#xfbml=1&version=v2.3\";  fjs.parentNode.insertBefore(js, fjs);}(document, \"script\", \"facebook-jssdk\"));<\/script><br \/>\n<br \/><br \/>\n<br \/><a href=\"https:\/\/www.francesoir.fr\/opinions-editos\/conquistador\" target=\"_blank\"\">Source link <\/a><\/p>\n","protected":false},"excerpt":{"rendered":"<p>&#8230; ou con qui s&rsquo;adore ? Le narcissisme de Jupiter 1er, alias Emmanuel Macron, serait connu et moqu\u00e9 partout sur la plan\u00e8te (1), autant que lui-m\u00eame est connu (et pareillement&hellip; <\/p>\n","protected":false},"author":1,"featured_media":0,"comment_status":"open","ping_status":"open","sticky":false,"template":"","format":"standard","meta":{"footnotes":""},"categories":[1],"tags":[],"class_list":["post-899","post","type-post","status-publish","format-standard","hentry","category-non-classe"],"_links":{"self":[{"href":"https:\/\/monde25.info\/index.php\/wp-json\/wp\/v2\/posts\/899","targetHints":{"allow":["GET"]}}],"collection":[{"href":"https:\/\/monde25.info\/index.php\/wp-json\/wp\/v2\/posts"}],"about":[{"href":"https:\/\/monde25.info\/index.php\/wp-json\/wp\/v2\/types\/post"}],"author":[{"embeddable":true,"href":"https:\/\/monde25.info\/index.php\/wp-json\/wp\/v2\/users\/1"}],"replies":[{"embeddable":true,"href":"https:\/\/monde25.info\/index.php\/wp-json\/wp\/v2\/comments?post=899"}],"version-history":[{"count":0,"href":"https:\/\/monde25.info\/index.php\/wp-json\/wp\/v2\/posts\/899\/revisions"}],"wp:attachment":[{"href":"https:\/\/monde25.info\/index.php\/wp-json\/wp\/v2\/media?parent=899"}],"wp:term":[{"taxonomy":"category","embeddable":true,"href":"https:\/\/monde25.info\/index.php\/wp-json\/wp\/v2\/categories?post=899"},{"taxonomy":"post_tag","embeddable":true,"href":"https:\/\/monde25.info\/index.php\/wp-json\/wp\/v2\/tags?post=899"}],"curies":[{"name":"wp","href":"https:\/\/api.w.org\/{rel}","templated":true}]}}