{"id":91,"date":"2024-11-14T13:44:35","date_gmt":"2024-11-14T12:44:35","guid":{"rendered":"https:\/\/monde25.info\/index.php\/2024\/11\/14\/lutte-contre-la-deforestation-le-parlement-europeen-assouplit-encore-la-loi\/"},"modified":"2024-11-14T13:44:35","modified_gmt":"2024-11-14T12:44:35","slug":"lutte-contre-la-deforestation-le-parlement-europeen-assouplit-encore-la-loi","status":"publish","type":"post","link":"https:\/\/monde25.info\/index.php\/2024\/11\/14\/lutte-contre-la-deforestation-le-parlement-europeen-assouplit-encore-la-loi\/","title":{"rendered":"Lutte contre la d\u00e9forestation : le Parlement europ\u00e9en assouplit encore la loi"},"content":{"rendered":"<p> <br \/>\n<\/p>\n<div>\n<p><span data-contrast=\"auto\">Le Parlement europ\u00e9en a approuv\u00e9 jeudi le report d&rsquo;un an de la loi contre la d\u00e9forestation, mais aussi un nouvel assouplissement du texte par une alliance des voix de la droite et de l&rsquo;extr\u00eame droite, que redoutaient les autres groupes.<\/span><span data-ccp-props=\"{&quot;134233117&quot;:false,&quot;134233118&quot;:false,&quot;335559738&quot;:300,&quot;335559739&quot;:180}\">\u00a0<\/span><\/p>\n<p><span data-contrast=\"auto\">Ce vote relance un cycle de n\u00e9gociations avec les Etats membres de l&rsquo;Union europ\u00e9enne au sein du Conseil et laisse planer une incertitude sur l&rsquo;avenir de cette loi.<\/span><span data-ccp-props=\"{&quot;134233117&quot;:false,&quot;134233118&quot;:false,&quot;335559738&quot;:300,&quot;335559739&quot;:180}\">\u00a0<\/span><\/p>\n<p><span data-contrast=\"auto\">Ce nouveau r\u00e8glement europ\u00e9en est cens\u00e9 interdire la commercialisation en Europe de produits (cacao, caf\u00e9, soja, huile de palme, bois&#8230;) provenant de terres d\u00e9bois\u00e9es apr\u00e8s d\u00e9cembre 2020.<\/span><span data-ccp-props=\"{&quot;134233117&quot;:false,&quot;134233118&quot;:false,&quot;335559738&quot;:300,&quot;335559739&quot;:180}\">\u00a0<\/span><\/p>\n<p><span data-contrast=\"auto\">Sous la pression du Br\u00e9sil, des Etats-Unis et m\u00eame de l&rsquo;Allemagne, la Commission europ\u00e9enne avait propos\u00e9 de reporter d&rsquo;une ann\u00e9e son entr\u00e9e en vigueur, du 30 d\u00e9cembre 2024 au 30 d\u00e9cembre 2025.<\/span><span data-ccp-props=\"{&quot;134233117&quot;:false,&quot;134233118&quot;:false,&quot;335559738&quot;:300,&quot;335559739&quot;:180}\">\u00a0<\/span><\/p>\n<p><span data-contrast=\"auto\">Ce d\u00e9calage a re\u00e7u l&rsquo;aval des Etats membres puis du Parlement. Mais le Parti Populaire Europ\u00e9en (PPE), premi\u00e8re force parlementaire, a pouss\u00e9 pour aller plus loin.<\/span><span data-ccp-props=\"{&quot;134233117&quot;:false,&quot;134233118&quot;:false,&quot;335559738&quot;:300,&quot;335559739&quot;:180}\">\u00a0<\/span><\/p>\n<p><span data-contrast=\"auto\">La droite a fait voter des amendements cr\u00e9ant une nouvelle cat\u00e9gorie de pays consid\u00e9r\u00e9s comme \u00ab\u00a0sans risque\u00a0\u00bb, qui seraient exempt\u00e9s de certaines obligations de ce r\u00e8glement, par exemple l&rsquo;Allemagne.<\/span><span data-ccp-props=\"{&quot;134233117&quot;:false,&quot;134233118&quot;:false,&quot;335559738&quot;:300,&quot;335559739&quot;:180}\">\u00a0<\/span><\/p>\n<p><span data-contrast=\"auto\">Le PPE affirme d\u00e9fendre \u00ab\u00a0les entreprises europ\u00e9ennes\u00a0\u00bb pour qu&rsquo;elles \u00ab\u00a0ne soient pas injustement p\u00e9nalis\u00e9es par des charges administratives excessives\u00a0\u00bb, selon l&rsquo;eurod\u00e9put\u00e9e fran\u00e7aise C\u00e9line Imart (LR).<\/span><span data-ccp-props=\"{&quot;134233117&quot;:false,&quot;134233118&quot;:false,&quot;335559738&quot;:300,&quot;335559739&quot;:180}\">\u00a0<\/span><\/p>\n<p><span data-contrast=\"auto\">La mesure a tr\u00e8s peu de chance de rester dans le texte final mais elle pourrait retarder la mise en oeuvre de la loi.<\/span><span data-ccp-props=\"{&quot;134233117&quot;:false,&quot;134233118&quot;:false,&quot;335559738&quot;:300,&quot;335559739&quot;:180}\">\u00a0<\/span><\/p>\n<p><span data-contrast=\"auto\">A gauche et chez une partie des centristes, on y voit une tentative de \u00ab\u00a0vider le texte de sa substance\u00a0\u00bb et couper l&rsquo;\u00e9lan environnemental de la pr\u00e9c\u00e9dente l\u00e9gislature marqu\u00e9e par le Pacte vert.<\/span><span data-ccp-props=\"{&quot;134233117&quot;:false,&quot;134233118&quot;:false,&quot;335559738&quot;:300,&quot;335559739&quot;:180}\">\u00a0<\/span><\/p>\n<p><span data-contrast=\"auto\">En outre, ce vote marque une alliance de fait entre la droite et l&rsquo;extr\u00eame droite. Depuis la rentr\u00e9e, elle s&rsquo;\u00e9tait d\u00e9j\u00e0 produite sur des textes symboliques sur le Venezuela ou le budget, mais pas sur le fond d&rsquo;une loi europ\u00e9enne.<\/span><span data-ccp-props=\"{&quot;134233117&quot;:false,&quot;134233118&quot;:false,&quot;335559738&quot;:300,&quot;335559739&quot;:180}\">\u00a0<\/span><\/p>\n<p><span data-contrast=\"none\" data-ccp-parastyle=\"heading 2\"><strong>&#8211; \u00ab\u00a0Majorit\u00e9 alternative\u00a0\u00bb &#8211;<\/strong><\/span><span data-ccp-props=\"{&quot;134233117&quot;:false,&quot;134233118&quot;:false,&quot;134245418&quot;:true,&quot;134245529&quot;:true,&quot;201341983&quot;:0,&quot;335559738&quot;:349,&quot;335559739&quot;:360,&quot;335559740&quot;:450}\">\u00a0<\/span><\/p>\n<p><span data-contrast=\"auto\">Cette fois, la \u00ab\u00a0majorit\u00e9 alternative\u00a0\u00bb que craignaient les autres forces politiques s&rsquo;est bien form\u00e9e pour retoucher un r\u00e8glement environnemental.<\/span><span data-ccp-props=\"{&quot;134233117&quot;:false,&quot;134233118&quot;:false,&quot;335559738&quot;:300,&quot;335559739&quot;:180}\">\u00a0<\/span><\/p>\n<p><span data-contrast=\"auto\">Ce vote va \u00e0 rebours de l&rsquo;alliance du mois de juillet quand PPE, sociaux-d\u00e9mocrates et centristes soutenaient de concert la reconduction d&rsquo;Ursula von der Leyen \u00e0 la t\u00eate de la Commission europ\u00e9enne.<\/span><span data-ccp-props=\"{&quot;134233117&quot;:false,&quot;134233118&quot;:false,&quot;335559738&quot;:300,&quot;335559739&quot;:180}\">\u00a0<\/span><\/p>\n<p><span data-contrast=\"auto\">\u00ab\u00a0Le signal est d\u00e9vastateur pour l&rsquo;engagement de l&rsquo;Europe en faveur de la protection du climat et de la biodiversit\u00e9\u00a0\u00bb, s&rsquo;\u00e9tait d\u00e9j\u00e0 indign\u00e9e l&rsquo;\u00e9cologiste allemande Anna Cavazzini.<\/span><span data-ccp-props=\"{&quot;134233117&quot;:false,&quot;134233118&quot;:false,&quot;335559738&quot;:300,&quot;335559739&quot;:180}\">\u00a0<\/span><\/p>\n<p><span data-contrast=\"auto\">Finalis\u00e9e fin 2022 et promulgu\u00e9e en 2023, la nouvelle r\u00e9glementation contre la d\u00e9forestation suscite globalement une lev\u00e9e de boucliers des milieux d&rsquo;affaires de l&rsquo;agrobusiness et de nombreux \u00c9tats africains, asiatiques et sud-am\u00e9ricains, inquiets des co\u00fbts suppl\u00e9mentaires engendr\u00e9s pour les agriculteurs, \u00e9leveurs et exploitants forestiers.<\/span><span data-ccp-props=\"{&quot;134233117&quot;:false,&quot;134233118&quot;:false,&quot;335559738&quot;:300,&quot;335559739&quot;:180}\">\u00a0<\/span><\/p>\n<p><span data-contrast=\"auto\">Les entreprises importatrices, responsables de leur cha\u00eene d&rsquo;approvisionnement, devront prouver la tra\u00e7abilit\u00e9 via des donn\u00e9es de g\u00e9olocalisation fournies par les agriculteurs, associ\u00e9es \u00e0 des photos satellitaires.<\/span><span data-ccp-props=\"{&quot;134233117&quot;:false,&quot;134233118&quot;:false,&quot;335559738&quot;:300,&quot;335559739&quot;:180}\">\u00a0<\/span><\/p>\n<p><span data-contrast=\"auto\">Pour les conservateurs du PPE, ce texte est un \u00ab\u00a0monstre bureaucratique\u00a0\u00bb. La droite reprend son positionnement anti-normes affich\u00e9 lors de la col\u00e8re agricole d\u00e9but 2024.<\/span><span data-ccp-props=\"{&quot;134233117&quot;:false,&quot;134233118&quot;:false,&quot;335559738&quot;:300,&quot;335559739&quot;:180}\">\u00a0<\/span><\/p>\n<p><span data-contrast=\"auto\">Cette nouvelle l\u00e9gislation est pourtant jug\u00e9e essentielle par les organisations environnementales qui esp\u00e8rent une premi\u00e8re mondiale susceptible d&rsquo;entra\u00eener d&rsquo;autres r\u00e9gions du monde.<\/span><span data-ccp-props=\"{&quot;134233117&quot;:false,&quot;134233118&quot;:false,&quot;335559738&quot;:300,&quot;335559739&quot;:180}\">\u00a0<\/span><\/p>\n<p><span data-contrast=\"auto\">Les ONG avaient d\u00e9j\u00e0 fustig\u00e9 le report d&rsquo;un an de l&rsquo;entr\u00e9e en vigueur du texte, un \u00ab\u00a0coup de tron\u00e7onneuse\u00a0\u00bb.<\/span><span data-ccp-props=\"{&quot;134233117&quot;:false,&quot;134233118&quot;:false,&quot;335559738&quot;:300,&quot;335559739&quot;:180}\">\u00a0<\/span><\/p>\n<p><span data-contrast=\"auto\">Le vote de jeudi \u00ab\u00a0rouvre le d\u00e9bat de mani\u00e8re d\u00e9l\u00e9t\u00e8re, alors que cette l\u00e9gislation est assez ambitieuse et innovante\u00a0\u00bb, estime Blaise Desbordes, directeur g\u00e9n\u00e9ral de l&rsquo;association de commerce \u00e9quitable Max Havelaar.<\/span><span data-ccp-props=\"{&quot;134233117&quot;:false,&quot;134233118&quot;:false,&quot;335559738&quot;:300,&quot;335559739&quot;:180}\">\u00a0<\/span><\/p>\n<p><span data-contrast=\"auto\">Ce d\u00e9bat prend un relief particulier au moment o\u00f9 l&rsquo;UE semble d\u00e9termin\u00e9e, malgr\u00e9 l\u2019opposition de la France, \u00e0 signer d&rsquo;ici la fin de l&rsquo;ann\u00e9e un accord de libre-\u00e9change avec les pays latino-am\u00e9ricains du Mercosur, susceptible de d\u00e9multiplier les importations agricoles.<\/span><span data-ccp-props=\"{&quot;134233117&quot;:false,&quot;134233118&quot;:false,&quot;335559738&quot;:300,&quot;335559739&quot;:180}\">\u00a0<\/span><\/p>\n<p><span data-contrast=\"auto\">L\u2019Organisation des Nations unies pour l\u2019alimentation et l\u2019agriculture (FAO) estime que 420 millions d\u2019hectares de for\u00eats ont \u00e9t\u00e9 d\u00e9truits \u00e0 cause de la d\u00e9forestation entre 1990 et 2020. La consommation europ\u00e9enne repr\u00e9sente environ 10% de la d\u00e9forestation mondiale, selon le Parlement europ\u00e9en.<\/span><span data-ccp-props=\"{&quot;134233117&quot;:false,&quot;134233118&quot;:false,&quot;335559738&quot;:300,&quot;335559739&quot;:180}\">\u00a0<\/span><\/p>\n<p><span data-ccp-props=\"{}\">\u00a0<\/span><\/p>\n<\/div>\n<p><script>(function(d, s, id) {  var js, fjs = d.getElementsByTagName(s)[0];  if (d.getElementById(id)) return;  js = d.createElement(s); js.id = id;  js.src = \"\/\/connect.facebook.net\/fr_FR\/sdk.js#xfbml=1&version=v2.3\";  fjs.parentNode.insertBefore(js, fjs);}(document, \"script\", \"facebook-jssdk\"));<\/script><br \/>\n<br \/><br \/>\n<br \/><a href=\"https:\/\/www.francesoir.fr\/politique-monde\/lutte-contre-la-deforestation-le-parlement-europeen-assouplit-encore-la-loi\" target=\"_blank\"\">Source link <\/a><\/p>\n","protected":false},"excerpt":{"rendered":"<p>Le Parlement europ\u00e9en a approuv\u00e9 jeudi le report d&rsquo;un an de la loi contre la d\u00e9forestation, mais aussi un nouvel assouplissement du texte par une alliance des voix de la&hellip; <\/p>\n","protected":false},"author":1,"featured_media":92,"comment_status":"open","ping_status":"open","sticky":false,"template":"","format":"standard","meta":{"footnotes":""},"categories":[1],"tags":[],"class_list":["post-91","post","type-post","status-publish","format-standard","has-post-thumbnail","hentry","category-non-classe"],"_links":{"self":[{"href":"https:\/\/monde25.info\/index.php\/wp-json\/wp\/v2\/posts\/91","targetHints":{"allow":["GET"]}}],"collection":[{"href":"https:\/\/monde25.info\/index.php\/wp-json\/wp\/v2\/posts"}],"about":[{"href":"https:\/\/monde25.info\/index.php\/wp-json\/wp\/v2\/types\/post"}],"author":[{"embeddable":true,"href":"https:\/\/monde25.info\/index.php\/wp-json\/wp\/v2\/users\/1"}],"replies":[{"embeddable":true,"href":"https:\/\/monde25.info\/index.php\/wp-json\/wp\/v2\/comments?post=91"}],"version-history":[{"count":0,"href":"https:\/\/monde25.info\/index.php\/wp-json\/wp\/v2\/posts\/91\/revisions"}],"wp:featuredmedia":[{"embeddable":true,"href":"https:\/\/monde25.info\/index.php\/wp-json\/wp\/v2\/media\/92"}],"wp:attachment":[{"href":"https:\/\/monde25.info\/index.php\/wp-json\/wp\/v2\/media?parent=91"}],"wp:term":[{"taxonomy":"category","embeddable":true,"href":"https:\/\/monde25.info\/index.php\/wp-json\/wp\/v2\/categories?post=91"},{"taxonomy":"post_tag","embeddable":true,"href":"https:\/\/monde25.info\/index.php\/wp-json\/wp\/v2\/tags?post=91"}],"curies":[{"name":"wp","href":"https:\/\/api.w.org\/{rel}","templated":true}]}}