{"id":910,"date":"2024-11-26T01:45:42","date_gmt":"2024-11-26T00:45:42","guid":{"rendered":"https:\/\/monde25.info\/index.php\/2024\/11\/26\/la-loi-c-293-risque-de-nous-mener-vers-un-dangereux-totalitarisme-sanitaire-enfant-de-la-societe-sott-net\/"},"modified":"2024-11-26T01:45:42","modified_gmt":"2024-11-26T00:45:42","slug":"la-loi-c-293-risque-de-nous-mener-vers-un-dangereux-totalitarisme-sanitaire-enfant-de-la-societe-sott-net","status":"publish","type":"post","link":"https:\/\/monde25.info\/index.php\/2024\/11\/26\/la-loi-c-293-risque-de-nous-mener-vers-un-dangereux-totalitarisme-sanitaire-enfant-de-la-societe-sott-net\/","title":{"rendered":"la loi C-293 risque de nous mener vers un dangereux totalitarisme sanitaire \u2014 Enfant de la Soci\u00e9t\u00e9 \u2014 Sott.net"},"content":{"rendered":"<p> <br \/>\n<\/p>\n<div>\n<div class=\"article-image-large to-center\"><a target=\"_blank\" href=\"https:\/\/fr.sott.net\/image\/s35\/713609\/full\/contactophoto_0851027633_1_1.jpg\" target=\"_blank\"><img decoding=\"async\" src=\"https:\/\/fr.sott.net\/image\/s35\/713609\/large\/contactophoto_0851027633_1_1.jpg\" alt=\"Justin Trudeau.\" title=\"Cliquer pour agrandir\"\/><\/a><\/p>\n<p><span class=\"caption\">Le Premier ministre canadien, Justin Trudeau.<\/span><\/p>\n<\/div>\n<p>D\u00e9cid\u00e9ment, Justin Trudeau est la pire plaie que le Canada ait connue depuis la Conf\u00e9d\u00e9ration! Et s&rsquo;il s&rsquo;accroche opini\u00e2trement au pouvoir en d\u00e9pit du tsunami de contestations, c&rsquo;est sans doute parce qu&rsquo;il nous reste encore quelques libert\u00e9s qu&rsquo;il n&rsquo;a pas mises sous verrou.<\/p>\n<p>J&rsquo;ai d\u00e9j\u00e0 d\u00e9nonc\u00e9 la loi C-63 portant sur les soi-disant \u00ab pr\u00e9judices en ligne \u00bb, car il s&rsquo;agit fondamentalement d&rsquo;une bo\u00eete de Pandore qui permettra d&rsquo;an\u00e9antir la libert\u00e9 d&rsquo;expression et la d\u00e9mocratie.\n      <\/p>\n<p><span class=\"BoldGrey\">Trudeau<\/span><\/p>\n<p>Mais Trudeau semble avoir davantage d&rsquo;ambitions. Un d\u00e9put\u00e9 de son gouvernement a d\u00e9pos\u00e9 le projet de loi priv\u00e9e C-293 sur la \u00ab pr\u00e9vention et la pr\u00e9paration en mati\u00e8re de pand\u00e9mie \u00bb. Ce projet de loi a chemin\u00e9 \u00e0 la Chambre des communes, o\u00f9 il a d\u00e9j\u00e0 franchi l&rsquo;\u00e9tape de la troisi\u00e8me lecture. Il est pr\u00e9sentement \u00e0 l&rsquo;\u00e9tude au S\u00e9nat&#8230;<\/p>\n<p>Le titre de la loi est ronflant. Mais avec son vocabulaire vague et ses nombreuses impr\u00e9cisions, sa quintessence est autoritaire et arbitraire.<\/p>\n<p>Ainsi, sous pr\u00e9texte de \u00ab pr\u00e9vention et de pr\u00e9paration \u00bb en vue de pand\u00e9mies futures, l&rsquo;\u00c9tat pourra \u00ab r\u00e9glementer les activit\u00e9s commerciales susceptibles de contribuer au risque de pand\u00e9mie, notamment l&rsquo;\u00e9levage industriel \u00bb.<\/p>\n<p>Est-ce que l&rsquo;\u00c9tat pourrait bannir la consommation de viande par mesure de \u00ab pr\u00e9vention \u00bb? On dirait bien que oui. Mais qu&rsquo;importe puisque la loi pr\u00e9voit \u00e9galement que l&rsquo;\u00c9tat s&rsquo;immiscera dans notre assiette en promouvant \u00ab les prot\u00e9ines de remplacement \u00bb, notamment la viande de laboratoire et les insectes.<\/p>\n<p>La loi stipule \u00e9galement que l&rsquo;\u00c9tat peut \u00ab \u00e9liminer progressivement les activit\u00e9s commerciales qui contribuent de mani\u00e8re disproportionn\u00e9e au risque de pand\u00e9mie \u00bb. Par d\u00e9finition, toute activit\u00e9 qui exige des interactions humaines ou avec des animaux contribue au risque de pand\u00e9mie. Donc, par \u00ab pr\u00e9vention \u00bb, l&rsquo;\u00c9tat pourrait-il interdire de mani\u00e8re discr\u00e9tionnaire toute activit\u00e9 qu&rsquo;il jugera risqu\u00e9e? Chose certaine, la loi ne pr\u00e9voit aucun garde-fou.<\/p>\n<p><span class=\"BoldGrey\">Domination<\/span><\/p>\n<p>Le texte de loi, qui encha\u00eene les formules parapluies et les termes aseptis\u00e9s, laisse \u00e0 l&rsquo;\u00c9tat les coud\u00e9es franches pour imposer tout et n&rsquo;importe quoi au nom d&rsquo;une hypoth\u00e9tique menace virale.<\/p>\n<p>Sous couvert de protection, il pourrait imposer la domination.<\/p>\n<p>\u00c0 ce rythme, ce n&rsquo;est pas notre sant\u00e9 que l&rsquo;on sauvera, mais notre libert\u00e9 que l&rsquo;on enterrera.\n\t\t<\/p>\n<\/div>\n<p><br \/>\n<br \/><a href=\"https:\/\/fr.sott.net\/article\/44091-Pandemie-la-loi-C-293-risque-de-nous-mener-vers-un-dangereux-totalitarisme-sanitaire\" target=\"_blank\"\">Source link <\/a><\/p>\n","protected":false},"excerpt":{"rendered":"<p>Le Premier ministre canadien, Justin Trudeau. D\u00e9cid\u00e9ment, Justin Trudeau est la pire plaie que le Canada ait connue depuis la Conf\u00e9d\u00e9ration! Et s&rsquo;il s&rsquo;accroche opini\u00e2trement au pouvoir en d\u00e9pit du&hellip; <\/p>\n","protected":false},"author":1,"featured_media":911,"comment_status":"open","ping_status":"open","sticky":false,"template":"","format":"standard","meta":{"footnotes":""},"categories":[1],"tags":[],"class_list":["post-910","post","type-post","status-publish","format-standard","has-post-thumbnail","hentry","category-non-classe"],"_links":{"self":[{"href":"https:\/\/monde25.info\/index.php\/wp-json\/wp\/v2\/posts\/910","targetHints":{"allow":["GET"]}}],"collection":[{"href":"https:\/\/monde25.info\/index.php\/wp-json\/wp\/v2\/posts"}],"about":[{"href":"https:\/\/monde25.info\/index.php\/wp-json\/wp\/v2\/types\/post"}],"author":[{"embeddable":true,"href":"https:\/\/monde25.info\/index.php\/wp-json\/wp\/v2\/users\/1"}],"replies":[{"embeddable":true,"href":"https:\/\/monde25.info\/index.php\/wp-json\/wp\/v2\/comments?post=910"}],"version-history":[{"count":0,"href":"https:\/\/monde25.info\/index.php\/wp-json\/wp\/v2\/posts\/910\/revisions"}],"wp:featuredmedia":[{"embeddable":true,"href":"https:\/\/monde25.info\/index.php\/wp-json\/wp\/v2\/media\/911"}],"wp:attachment":[{"href":"https:\/\/monde25.info\/index.php\/wp-json\/wp\/v2\/media?parent=910"}],"wp:term":[{"taxonomy":"category","embeddable":true,"href":"https:\/\/monde25.info\/index.php\/wp-json\/wp\/v2\/categories?post=910"},{"taxonomy":"post_tag","embeddable":true,"href":"https:\/\/monde25.info\/index.php\/wp-json\/wp\/v2\/tags?post=910"}],"curies":[{"name":"wp","href":"https:\/\/api.w.org\/{rel}","templated":true}]}}