{"id":914,"date":"2024-11-26T03:57:39","date_gmt":"2024-11-26T02:57:39","guid":{"rendered":"https:\/\/monde25.info\/index.php\/2024\/11\/26\/les-megabassines-de-vendee-un-modele-plein-de-fuites\/"},"modified":"2024-11-26T03:57:39","modified_gmt":"2024-11-26T02:57:39","slug":"les-megabassines-de-vendee-un-modele-plein-de-fuites","status":"publish","type":"post","link":"https:\/\/monde25.info\/index.php\/2024\/11\/26\/les-megabassines-de-vendee-un-modele-plein-de-fuites\/","title":{"rendered":"Les m\u00e9gabassines de Vend\u00e9e, un \u00ab\u00a0mod\u00e8le\u00a0\u00bb plein de fuites"},"content":{"rendered":"<p> <br \/>\n<\/p>\n<div>\n<p class=\"indication_lieu\">Fontenay-le-Comte (Vend\u00e9e), reportage<\/p>\n<p>Au si\u00e8ge du Syndicat mixte Vend\u00e9e S\u00e8vre Autise (<span class=\"caps\">SMVSA<\/span>) illumin\u00e9 par un soleil de moisson tardive, le technicien Fabrice Enon re\u00e7oit <i>Reporterre<\/i> suivant un rituel bien rod\u00e9. Installation du moniteur, apparition de son fond d\u2019\u00e9cran aux couleurs d\u2019une libellule du Marais poitevin, image d\u2019ouverture d\u2019une pr\u00e9sentation de trente diapositives sur la r\u00e9ussite de la gestion de l\u2019eau dans la zone g\u00e9r\u00e9e par le syndicat dans le Sud du d\u00e9partement o\u00f9 furent d\u00e9ploy\u00e9es d\u00e8s 2007 les premi\u00e8res <i>\u00ab<small class=\"fine d-inline\">\u00a0<\/small>r\u00e9serves de substitution<small class=\"fine d-inline\">\u00a0<\/small>\u00bb<\/i> de France.<\/p>\n<p>Bien moins m\u00e9diatis\u00e9es que leurs cousines de Poitou-Charentes contest\u00e9es sous le nom de <i>\u00ab<small class=\"fine d-inline\">\u00a0<\/small>m\u00e9gabassines<small class=\"fine d-inline\">\u00a0<\/small>\u00bb<\/i>. \u00ab<small class=\"fine d-inline\">\u00a0<\/small>Des scientifiques sont venus de Paris sceptiques et repartis <i>\u00ab<small class=\"fine d-inline\">\u00a0<\/small>convaincus<small class=\"fine d-inline\">\u00a0<\/small>\u00bb<\/i>, explique le guide avec des accents de directeur marketing. Il soul\u00e8ve une pommette dans un clin d\u2019\u0153il\u00a0: <i>\u00ab<small class=\"fine d-inline\">\u00a0<\/small>Les Vend\u00e9ens sont chauvins, d\u00e9sol\u00e9<small class=\"fine d-inline\">\u00a0<\/small>!<small class=\"fine d-inline\">\u00a0<\/small>\u00bb<\/i> Au vu de la publicit\u00e9 que les partisans de ce type de gestion de l\u2019eau font de la r\u00e9ussite vend\u00e9enne, il aurait tort de se priver<small class=\"fine d-inline\">\u00a0<\/small>!<\/p>\n<div class=\"spip_document_86552 spip_document spip_documents spip_document_image spip_documents_center spip_document_center spip_document_avec_legende\" data-legende-len=\"140\" data-legende-lenx=\"xxx\">\n<figure class=\"spip_doc_inner\">\n      <picture><source type=\"image\/webp\" srcset=\"https:\/\/reporterre.net\/local\/cache-vignettes\/L1050xH700\/mode_le_vende_en_des_bassines-1-e8b7f.jpg@.webp?1732529334\"><img decoding=\"async\" src=\"https:\/\/reporterre.net\/IMG\/jpg\/mode_le_vende_en_des_bassines-1.jpg\" width=\"1500\" height=\"1000\" loading=\"lazy\" alt=\"\"\/><br \/>\n    <\/source><\/picture><figcaption class=\"spip_doc_legende\">\n<p>\u00c0 quelques m\u00e8tres de la m\u00e9gabassine, cette pompe d\u2019irrigation a \u00e9t\u00e9 install\u00e9e pour l\u2019arrosage des plantations.<br \/>\n<i>\u00a9  Quentin Hulo \/ Reporterre<\/i><\/p>\n<\/figcaption><\/figure>\n<\/p><\/div>\n<p>Contrairement aux projets tr\u00e8s contest\u00e9s de Nouvelle Aquitaine, les 25\u00a0m\u00e9gabassines du sud de la Vend\u00e9e feraient <i>\u00ab<small class=\"fine d-inline\">\u00a0<\/small>l\u2019unanimit\u00e9<small class=\"fine d-inline\">\u00a0<\/small>\u00bb<\/i>, selon les propos de ses partisans rapport\u00e9s <a target=\"_blank\" href=\"https:\/\/www.lefigaro.fr\/story\/megabassines-en-vendee-des-retenues-de-substitution-qui-font-l-unanimite-20230419\" class=\"spip_out\" rel=\"external\">par <i>Le Figaro<\/i><\/a>. Situ\u00e9s au nord du Marais Poitevin, les ouvrages sont pr\u00e9sent\u00e9s par la chambre d\u2019agriculture des Pays de la Loire comme un <i>\u00ab<small class=\"fine d-inline\">\u00a0<\/small>mod\u00e8le<small class=\"fine d-inline\">\u00a0<\/small>\u00bb<\/i>.<\/p>\n<h2 class=\"spip\">Un \u00ab<small class=\"fine d-inline\">\u00a0<\/small>mod\u00e8le<small class=\"fine d-inline\">\u00a0<\/small>\u00bb loin d\u2019\u00eatre irr\u00e9prochable<\/h2>\n<p>Alors que fr\u00e9missait le mouvement de contestation agricole d\u00e9but 2024, c\u2019est en Vend\u00e9e que s\u2019\u00e9tait rendu le ministre de l\u2019Agriculture, Marc Fesneau, clamant\u00a0: <i>\u00ab<small class=\"fine d-inline\">\u00a0<\/small>Il y a besoin de r\u00e9serves de substitution [le nom technique des bassines], le mod\u00e8le de Sainte-Soline est un mod\u00e8le vertueux.<small class=\"fine d-inline\">\u00a0<\/small>\u00bb<\/i> Vertueux pour les b\u00e9n\u00e9fices de l\u2019agriculture irrigu\u00e9e, peut-\u00eatre, mais <a target=\"_blank\" href=\"https:\/\/reporterre.net\/Megabassines-barrages-Le-prix-a-payer-c-est-un-effondrement-de-nos-ecosystemes\" class=\"spip_in\">pour affronter la crise de l\u2019eau, cela fait d\u00e9bat<\/a>.<\/p>\n<p>Si les restrictions sur l\u2019usage de l\u2019eau ont permis de r\u00e9els progr\u00e8s localement, ces r\u00e9serves g\u00e9antes n\u2019ont eu qu\u2019un effet marginal sur les pratiques agricoles, maintenant la d\u00e9pendance \u00e0 l\u2019irrigation massive et les tensions durant des p\u00e9riodes de s\u00e9cheresse de plus en plus marqu\u00e9es. De quoi questionner l\u2019id\u00e9e que le <i>\u00ab<small class=\"fine d-inline\">\u00a0<\/small>mod\u00e8le vend\u00e9en<small class=\"fine d-inline\">\u00a0<\/small>\u00bb<\/i> prouve l\u2019efficacit\u00e9 du syst\u00e8me des bassines.<\/p>\n<div class=\"spip_document_86553 spip_document spip_documents spip_document_image spip_documents_center spip_document_center spip_document_avec_legende\" data-legende-len=\"163\" data-legende-lenx=\"xxx\">\n<figure class=\"spip_doc_inner\">\n      <picture><source type=\"image\/webp\" srcset=\"https:\/\/reporterre.net\/local\/cache-vignettes\/L1050xH700\/mode_le_vende_en_des_bassines-9-59b16.jpg@.webp?1732529334\"><img decoding=\"async\" src=\"https:\/\/reporterre.net\/IMG\/jpg\/mode_le_vende_en_des_bassines-9.jpg\" width=\"1500\" height=\"1000\" loading=\"lazy\" alt=\"\"\/><br \/>\n    <\/source><\/picture><figcaption class=\"spip_doc_legende\">\n<p>Dans les bureaux du Syndicat mixte Vend\u00e9e S\u00e8vre Autizes, un dossier sur la gestion et le bilan des r\u00e9serves de substitution du <span class=\"caps\"><span class=\"caps\">SMVSA<\/span><\/span>.<br \/>\n<i>\u00a9  Quentin Hulo \/ Reporterre<\/i><\/p>\n<\/figcaption><\/figure>\n<\/p><\/div>\n<p>Premi\u00e8re diff\u00e9rence flagrante entre le Poitou-Charentes et la Vend\u00e9e\u00a0: la construction de ces r\u00e9serves s\u2019inscrivait dans un projet de gestion de l\u2019eau visant \u00e0 sauver le Marais poitevin et non l\u2019agriculture irrigu\u00e9e. La deuxi\u00e8me zone humide de France, dont l\u2019altitude se trouve par endroits sous le niveau de la mer, voyait au tournant du mill\u00e9naire ses foss\u00e9s s\u2019ass\u00e9cher s\u00e9v\u00e8rement \u00e0 la p\u00e9riode estivale, quand les grandes cultures c\u00e9r\u00e9ali\u00e8res puisaient sans contr\u00f4le dans leurs forages, vidant les nappes peu profondes de la zone.<\/p>\n<p>Adieu prairies inond\u00e9es, libellules, martins p\u00eacheurs\u2026 et statut de parc naturel r\u00e9gional. Au d\u00e9but des ann\u00e9es 2000, les techniciens du <span class=\"caps\">SMVSA<\/span> ont sorti pi\u00e9zom\u00e8tres et calculettes pour \u00e9valuer les quantit\u00e9s raisonnables pouvant \u00eatre puis\u00e9es.<\/p>\n<blockquote class=\"spip\">\n<p>\u00ab<small class=\"fine d-inline\">\u00a0<\/small>Il y avait 60<small class=\"fine d-inline\">\u00a0<\/small>% de pr\u00e9l\u00e8vements en trop l\u2019\u00e9t\u00e9<small class=\"fine d-inline\">\u00a0<\/small>\u00bb<\/p>\n<\/blockquote>\n<p><i>\u00ab<small class=\"fine d-inline\">\u00a0<\/small>Il y avait 60<small class=\"fine d-inline\">\u00a0<\/small>% de pr\u00e9l\u00e8vements en trop l\u2019\u00e9t\u00e9<\/i>, synth\u00e9tise Fabrice Enon pour <i>Reporterre<\/i>. <i>Sauf que, si on d\u00e9cidait de baisser de 60<small class=\"fine d-inline\">\u00a0<\/small>% l\u2019utilisation de l\u2019eau, c\u2019\u00e9tait l\u2019effondrement \u00e9conomique pour les exploitations.<small class=\"fine d-inline\">\u00a0<\/small>\u00bb<\/i> Une n\u00e9gociation a \u00e9t\u00e9 men\u00e9e d\u00e9but 2000 entre repr\u00e9sentants du monde agricole et collectivit\u00e9s territoriales\u00a0: les irrigants ont accept\u00e9 de baisser de 20<small class=\"fine d-inline\">\u00a0<\/small>% les pr\u00e9l\u00e8vements estivaux en \u00e9change de la construction de bassines qui stockeraient en hiver les 40<small class=\"fine d-inline\">\u00a0<\/small>% d\u2019eau restant \u00e0 \u00e9conomiser en \u00e9t\u00e9.<\/p>\n<p>Pour encadrer cette politique, un \u00e9tablissement public a \u00e9t\u00e9 cr\u00e9\u00e9, l\u2019\u00c9tablissement public du Marais poitevin. L\u00e0 o\u00f9, pour les m\u00e9gabassines de Poitou-Charentes, c\u2019est un \u00e9tablissement priv\u00e9, la Coop de l\u2019eau des Deux-S\u00e8vres, qui a la main sur les robinets.<\/p>\n<div class=\"spip_document_86558 spip_document spip_documents spip_document_image spip_documents_center spip_document_center spip_document_avec_legende\" data-legende-len=\"123\" data-legende-lenx=\"xx\">\n<figure class=\"spip_doc_inner\">\n      <picture><source type=\"image\/webp\" srcset=\"https:\/\/reporterre.net\/local\/cache-vignettes\/L1050xH700\/mode_le_vende_en_des_bassines-5-a8d80.jpg@.webp?1732529335\"><img decoding=\"async\" src=\"https:\/\/reporterre.net\/IMG\/jpg\/mode_le_vende_en_des_bassines-5.jpg\" width=\"1500\" height=\"1000\" loading=\"lazy\" alt=\"\"\/><br \/>\n    <\/source><\/picture><figcaption class=\"spip_doc_legende\">\n<p>Cette m\u00e9gabassine, ferm\u00e9e au public, est entour\u00e9e d\u2019un grillage plac\u00e9 sous vid\u00e9osurveillance.<br \/>\n<i>\u00a9  Quentin Hulo \/ Reporterre<\/i><\/p>\n<\/figcaption><\/figure>\n<\/p><\/div>\n<p>Premi\u00e8re mesure mise en place en 2007 en Vend\u00e9e\u00a0: la hausse des limites l\u00e9gales en dessous desquelles il \u00e9tait autoris\u00e9 de puiser dans la nappe\u00a0: de 0\u00a0m\u00e8tre, le seuil dit <i>\u00ab<small class=\"fine d-inline\">\u00a0<\/small>niveau de crise<small class=\"fine d-inline\">\u00a0<\/small>\u00bb<\/i> a \u00e9t\u00e9 relev\u00e9 \u00e0 1,7\u00a0m\u00e8tre puis \u00e0 2,5\u00a0m\u00e8tres. Oblig\u00e9s d\u2019attendre le remplissage, les agriculteurs ont puis\u00e9 moins.<\/p>\n<p>Effet imm\u00e9diat, la nappe est remont\u00e9e. Proche de la surface, elle a pu abreuver de nouveau rivi\u00e8res, canaux et foss\u00e9s, le Marais a retrouv\u00e9 de ses couleurs, ses libellules et, en 2014, son label. Et tout \u00e7a avant m\u00eame que les bassines ne soient construites.<\/p>\n<blockquote class=\"spip\">\n<p>\u00ab<small class=\"fine d-inline\">\u00a0<\/small>Il n\u2019y avait pas besoin de construire des bassines pour restaurer le milieu<small class=\"fine d-inline\">\u00a0<\/small>\u00bb<\/p>\n<\/blockquote>\n<p><i>\u00ab<small class=\"fine d-inline\">\u00a0<\/small>Quand on rel\u00e8ve le niveau de la nappe jusqu\u2019o\u00f9 il est autoris\u00e9 de pomper, la police de l\u2019eau intervient quand il y a des pr\u00e9l\u00e8vements ill\u00e9gaux, c\u2019est pour \u00e7a que \u00e7a marche<\/i>, analyse un hydrologue contact\u00e9 par <i>Reporterre<\/i>. <i>Mais cette mesure politique aurait pu \u00eatre prise sans compensation\u00a0: il n\u2019y avait pas besoin de construire des bassines pour restaurer le milieu.<small class=\"fine d-inline\">\u00a0<\/small>\u00bb<\/i><\/p>\n<p>De l\u2019avis de la plupart des parties prenantes, la construction des bassines visait \u00e0 faire passer la pilule des restrictions d\u2019eau. Et les seuils eux-m\u00eames sont contest\u00e9s. <i>\u00ab<small class=\"fine d-inline\">\u00a0<\/small>Ces autorisations sont tr\u00e8s permissives, elles ont \u00e9t\u00e9 fix\u00e9es pour permettre l\u2019irrigation, pas pour r\u00e9tablir les milieux<small class=\"fine d-inline\">\u00a0<\/small>\u00bb<\/i>, r\u00e9sume s\u00e8chement David Briffaud, agriculteur membre de Bassines non merci Vend\u00e9e.<\/p>\n<div class=\"spip_document_86559 spip_document spip_documents spip_document_image spip_documents_center spip_document_center spip_document_avec_legende\" data-legende-len=\"200\" data-legende-lenx=\"xxx\">\n<figure class=\"spip_doc_inner\">\n      <picture><source type=\"image\/webp\" srcset=\"https:\/\/reporterre.net\/local\/cache-vignettes\/L1050xH700\/mode_le_vende_en_des_bassines-11-538ba.jpg@.webp?1732529335\"><img decoding=\"async\" src=\"https:\/\/reporterre.net\/IMG\/jpg\/mode_le_vende_en_des_bassines-11.jpg\" width=\"1500\" height=\"1000\" loading=\"lazy\" alt=\"\"\/><br \/>\n    <\/source><\/picture><figcaption class=\"spip_doc_legende\">\n<p>\u00ab<small class=\"fine d-inline\">\u00a0<\/small><small class=\"fine d-inline\">\u00a0<\/small>On va pas lancer les pompes pour une petite exploitation comme la mienne<small class=\"fine d-inline\">\u00a0<\/small><small class=\"fine d-inline\">\u00a0<\/small>\u00bb, dit Olivier Cotron, mara\u00eecher dans une petite exploitation qui a besoin d\u2019eau toute l\u2019ann\u00e9e.<br \/>\n<i>\u00a9  Quentin Hulo \/ Reporterre<\/i><\/p>\n<\/figcaption><\/figure>\n<\/p><\/div>\n<p>Le <a target=\"_blank\" href=\"Qu-est-ce-que-le-rechauffement-climatique\">changement climatique<\/a> est venu gripper les rouages de ce mod\u00e8le. Le nombre de jours o\u00f9 le niveau de la nappe permet le remplissage des bassines dans la p\u00e9riode pr\u00e9vue par la loi diminue drastiquement en ann\u00e9e s\u00e8che\u00a0:  entre novembre et mars, le d\u00e9ficit en eau ne permet pas de lancer les pompes entre 20 \u00e0 60\u00a0jours selon les ann\u00e9es, obligeant \u00e0 des pr\u00e9l\u00e8vements plus intenses sur des p\u00e9riodes plus courtes. Les promoteurs du mod\u00e8le proposent de s\u2019affranchir des dates pour ne remplir qu\u2019en fonction du niveau de la nappe ou de d\u00e9caler les p\u00e9riodes de remplissage\u2026 sans modifier les pratiques agricoles.<\/p>\n<h2 class=\"spip\">Valeur ajout\u00e9e et ouverture de march\u00e9s<\/h2>\n<p>Il faut dire que, pour les repr\u00e9sentants des principales organisations agricoles, les bassines du sud de la Vend\u00e9e ont permis la conqu\u00eate de nouveaux d\u00e9bouch\u00e9s\u00a0: <i>\u00ab<small class=\"fine d-inline\">\u00a0<\/small>\u00c0 partir du moment o\u00f9 l\u2019eau est s\u00e9curis\u00e9e, \u00e7a ouvre des march\u00e9s et l\u2019irrigation apporte de la valeur ajout\u00e9e<small class=\"fine d-inline\">\u00a0<\/small>\u00bb<\/i>, explique \u00c9ric Porcher, membre de la chambre d\u2019agriculture des Pays de la Loire et exploitant c\u00e9r\u00e9alier \u00e0 Long\u00e8ves.<\/p>\n<p>Ma\u00efs semence, l\u00e9gumes sous serre\u2026 mais peu de petites exploitations ou de mara\u00eechage, pour une raison technique propre aux bassines, en Vend\u00e9e comme en Poitou. <i>\u00ab<small class=\"fine d-inline\">\u00a0<\/small>Les pompes qui injectent l\u2019eau des bassines dans les r\u00e9seaux d\u2019irrigation sont mises en marche en avril, pour les bl\u00e9s et ma\u00efs, or, moi, j\u2019ai besoin d\u2019eau toute l\u2019ann\u00e9e<\/i>, explique Olivier Cotron, mara\u00eecher \u00e0 la ferme des Ores, \u00e0 Sainte-Gemme-la-Plaine. Rin\u00e7ant ses poireaux avant le march\u00e9 avec une eau tir\u00e9e d\u2019un forage, il ajoute dans un sourire\u00a0: <i>\u00ab<small class=\"fine d-inline\">\u00a0<\/small>On va pas lancer les pompes pour une petite exploitation comme la mienne<small class=\"fine d-inline\">\u00a0<\/small>!<small class=\"fine d-inline\">\u00a0<\/small>\u00bb<\/i><\/p>\n<div class=\"spip_document_86560 spip_document spip_documents spip_document_image spip_documents_center spip_document_center spip_document_avec_legende\" data-legende-len=\"131\" data-legende-lenx=\"xxx\">\n<figure class=\"spip_doc_inner\">\n      <picture><source type=\"image\/webp\" srcset=\"https:\/\/reporterre.net\/local\/cache-vignettes\/L1050xH700\/mode_le_vende_en_des_bassines-7-025c9.jpg@.webp?1732529883\"><img decoding=\"async\" src=\"https:\/\/reporterre.net\/IMG\/jpg\/mode_le_vende_en_des_bassines-7.jpg\" width=\"1500\" height=\"1000\" loading=\"lazy\" alt=\"\"\/><br \/>\n    <\/source><\/picture><figcaption class=\"spip_doc_legende\">\n<p>\u00c9ric Porcher, producteur de c\u00e9r\u00e9ales, est charg\u00e9 du dossier Eau \u00e0 la chambre d\u2019agriculture de Vend\u00e9e.<br \/>\n<i>\u00a9  Quentin Hulo \/ Reporterre<\/i><\/p>\n<\/figcaption><\/figure>\n<\/p><\/div>\n<p>Le mod\u00e8le vend\u00e9en de gestion de l\u2019eau a re\u00e7u d\u2019importants financements publics via l\u2019Agence de l\u2019eau Loire Bretagne (<span class=\"caps\">AELB<\/span>), qui couvre les bassins du Centre Ouest de la France incluant la Vend\u00e9e et la majeure partie de Poitou-Charentes. En 2021, <a target=\"_blank\" href=\"https:\/\/agence.eau-loire-bretagne.fr\/home\/agence-de-leau\/politique-devaluation-de-lagence\/gestion-quantitative-sud-marais-poitevin.html\" class=\"spip_out\" rel=\"external\">un rapport<\/a> command\u00e9 par cette agence a fait un bilan du projet et a soulign\u00e9 notamment les objectifs en mati\u00e8re de changement de pratique agricole\u00a0: entre 2010 et 2019, les surfaces irrigu\u00e9es sont rest\u00e9es stables avec un recul de 5<small class=\"fine d-inline\">\u00a0<\/small>% du ma\u00efs et un progr\u00e8s des cultures \u00e0 forte valeur ajout\u00e9e (l\u00e9gumes, fleurs) sur les surfaces ainsi lib\u00e9r\u00e9es.<\/p>\n<p>Parmi les contreparties aux aides publiques, des <i>\u00ab<small class=\"fine d-inline\">\u00a0<\/small>mesures agro\u00e9cologiques et environnementales<small class=\"fine d-inline\">\u00a0<\/small>\u00bb<\/i>, dont la <i>\u00ab<small class=\"fine d-inline\">\u00a0<\/small>d\u00e9sirrigation<small class=\"fine d-inline\">\u00a0<\/small>\u00bb<\/i>, c\u2019est-\u00e0-dire la r\u00e9duction du recours aux cultures irrigu\u00e9es cens\u00e9es peser pour un quart des \u00e9conomies d\u2019eau. Une mesure abandonn\u00e9e d\u00e8s 2014 du fait, selon le rapport, des <i>\u00ab<small class=\"fine d-inline\">\u00a0<\/small>r\u00e9ticences<small class=\"fine d-inline\">\u00a0<\/small>\u00bb<\/i> des irrigants au vu des investissements.<\/p>\n<div class=\"spip_document_86562 spip_document spip_documents spip_document_image spip_documents_center spip_document_center spip_document_avec_legende\" data-legende-len=\"233\" data-legende-lenx=\"xxx\">\n<figure class=\"spip_doc_inner\">\n      <picture><source type=\"image\/webp\" srcset=\"https:\/\/reporterre.net\/local\/cache-vignettes\/L1050xH700\/mode_le_vende_en_des_bassines-12-d5d0e.jpg@.webp?1732529883\"><img decoding=\"async\" src=\"https:\/\/reporterre.net\/IMG\/jpg\/mode_le_vende_en_des_bassines-12.jpg\" width=\"1500\" height=\"1000\" loading=\"lazy\" alt=\"\"\/><br \/>\n    <\/source><\/picture><figcaption class=\"spip_doc_legende\">\n<p>Olivier Cotron, en compagnie de Florence, travaille en bio. Une pratique qui contraste avec les contrats de gestion de l\u2019eau qui ne pensent pas \u00e0 la r\u00e9duction des produits phytosanitaires et des engrais.<br \/>\n<i>\u00a9  Quentin Hulo \/ Reporterre<\/i><\/p>\n<\/figcaption><\/figure>\n<\/p><\/div>\n<p><i>\u00ab<small class=\"fine d-inline\">\u00a0<\/small>Les contrats de gestion de l\u2019eau pass\u00e9s entre les gestionnaires et les financeurs publics ont \u00e9t\u00e9 con\u00e7us dans une vision tr\u00e8s quantitative\u00a0: la r\u00e9duction de l\u2019usage des phytosanitaires et engrais n\u2019a pas \u00e9t\u00e9 pens\u00e9e<\/i>, reconna\u00eet Morgan Priol, directrice territoriale de la d\u00e9l\u00e9gation Maine Loire Oc\u00e9an de l\u2019<span class=\"caps\">AELB<\/span>. <i>Les r\u00e9sultats ont \u00e9t\u00e9 insuffisants, le monde agricole doit repenser son rapport au changement climatique.<small class=\"fine d-inline\">\u00a0<\/small>\u00bb<\/i><\/p>\n<blockquote class=\"spip\">\n<p>\u00ab<small class=\"fine d-inline\">\u00a0<\/small>Nous ne l\u00e2cherons aucun m\u00e8tre cube en Vend\u00e9e<small class=\"fine d-inline\">\u00a0<\/small>\u00bb<\/p>\n<\/blockquote>\n<p>En juillet dernier, le tribunal administratif de Poitiers a renvoy\u00e9 \u00e0 leur copie les gestionnaires de l\u2019eau des deux c\u00f4t\u00e9s du Marais Poitevin <a target=\"_blank\" href=\"https:\/\/reporterre.net\/Megabassines-la-justice-coupe-le-robinet\">comme l\u2019analysait <i>Reporterre<\/i><\/a>\u00a0: les volumes de pr\u00e9l\u00e8vements autoris\u00e9s d\u00e9passaient syst\u00e9matiquement la capacit\u00e9 des milieux et ne respectaient pas la loi sur l\u2019eau.<\/p>\n<p>Parmi les repr\u00e9sentants agricoles r\u00e9unis devant l\u2019instance le 21\u00a0octobre \u00e0 Poitiers pour contester la d\u00e9cision, \u00c9ric Porcher d\u00e9clarait <a target=\"_blank\" href=\"https:\/\/www.ouest-france.fr\/economie\/agriculture\/marais-poitevin-le-recours-des-irrigants-opposes-a-la-limitation-des-prelevements-en-eau-rejete-f16f2422-8fd2-11ef-8390-40b2162b6ed9\" class=\"spip_out\" rel=\"external\">\u00e0 nos confr\u00e8res de <i>Ouest France<\/i><\/a>\u00a0:\u00a0<i>\u00ab<small class=\"fine d-inline\">\u00a0<\/small>Nous ne l\u00e2cherons aucun m\u00e8tre cube en Vend\u00e9e et nous allons faire appel.<small class=\"fine d-inline\">\u00a0<\/small>\u00bb<\/i> Cach\u00e9s derri\u00e8re la solution pr\u00e9tendue miracle des m\u00e9gabassines, le probl\u00e8me de la gestion de l\u2019eau s\u2019av\u00e8re, en Vend\u00e9e comme ailleurs, \u00eatre d\u2019abord celui d\u2019une \u00e9volution des pratiques agricoles et de sa r\u00e9gulation politique au-del\u00e0 des int\u00e9r\u00eats des irrigants.<\/p>\n<aside class=\"boite_encarts\">\n<div class=\"encart encart_gris noprint\">\n<p><strong>Il est de retour.<\/strong><\/p>\n<p>Dans quelques semaines, Donald Trump se r\u00e9-installera \u00e0 la Maison Blanche.<\/p>\n<p>Un milliardaire, pour qui le r\u00e9chauffement climatique est \u00ab<small class=\"fine d-inline\">\u00a0<\/small>un canular<small class=\"fine d-inline\">\u00a0<\/small>\u00bb, sera \u00e0 la t\u00eate de la plus grande puissance mondiale.<\/p>\n<p>Dans une d\u00e9cennie cruciale pour l\u2019\u00e9cologie, nous ne pouvons pas nous permettre de perdre plus de temps.<\/p>\n<p>La soci\u00e9t\u00e9 civile doit continuer de se soulever, de se mobiliser et de faire pression sur les puissants.<\/p>\n<p>Mais pour agir, il faut savoir.<\/p>\n<p><strong>Depuis 11 ans, nous publions des articles de qualit\u00e9 sur l\u2019\u00e9cologie, en acc\u00e8s libre et sans publicit\u00e9, pour tous.<\/strong><\/p>\n<p>Nous avons la conviction que l\u2019urgence \u00e9cologique est l\u2019enjeu majeur de notre \u00e9poque.<br class=\"autobr\"\/><br \/>\n Et comme plus de 2 millions de lectrices et lecteurs chaque mois, vous partagez sans doute cette conviction&#8230;<\/p>\n<p>Alors si vous en avez les moyens, sachez qu\u2019un don, m\u00eame d\u20191\u20ac, est un acte de soutien fort pour l\u2019\u00e9cologie et le journalisme ind\u00e9pendant.<br class=\"autobr\"\/><br \/>\n (Et \u00e7a vous prendra moins de temps que la lecture de ce texte).<\/p>\n<p><strong>Si vous le pouvez, choisissez un soutien mensuel. Merci.<\/strong><\/p>\n<p><a target=\"_blank\" href=\"https:\/\/reporterre.net\/dons\" class=\"bt_soutenir\">Je soutiens <i>Reporterre<\/i><\/a><\/p>\n<\/p><\/div>\n<div class=\"encart encart_vert noprint montre_1023\">\n<div class=\"infolettre-form-container noprint\">\n<p>Abonnez-vous \u00e0 la lettre d\u2019info de Reporterre<\/p>\n<\/div><\/div>\n<\/aside>\n<aside class=\"boite_apresarticle encart_note\">\n<h4>Apr\u00e8s cet article<\/h4>\n<p>      <a target=\"_blank\" href=\"https:\/\/reporterre.net\/Megabassines-comment-l-Etat-a-pris-le-parti-des-gros-cerealiers\" class=\"lien_article\">\n      <picture class=\"vignette_gauche\"><source type=\"image\/webp\" srcset=\"https:\/\/reporterre.net\/local\/cache-gd2\/91\/f802c89bcbcd5a4b490599b7b46142.jpg@.webp?1730134348\"><img decoding=\"async\" src=\"https:\/\/reporterre.net\/local\/cache-gd2\/91\/f802c89bcbcd5a4b490599b7b46142.jpg?1730134348\" width=\"450\" height=\"300\" alt=\"\" class=\"marge12\" loading=\"lazy\"\/><br \/>\n<\/source><\/picture>\n<p class=\"libelle\">\n<p>          Enqu\u00eate \u2014<\/p>\n<p>      M\u00e9gabassines\n    <\/p>\n<p class=\"titre pol20\">M\u00e9gabassines\u00a0: comment l\u2019\u00c9tat a pris le parti des gros c\u00e9r\u00e9aliers<\/p>\n<p>      <\/a><br \/>\n    <\/aside>\n<aside class=\"boite_complement texte\">\n<p>      <!-- zone_forum --><br \/>\n          <\/aside>\n<aside class=\"boite_lireaussi noprint\">\n<\/aside>\n<aside class=\"colonne\">\n<div class=\"article_info cache_1023 noprint\">\n<p>    <span class=\"date\">25 novembre 2024  \u00e0 16h32<\/span><\/p>\n<p class=\"duree_lecture\">\n        Dur\u00e9e de lecture : 8 minutes\n      <\/p>\n<\/p><\/div>\n<div class=\"bloc_infolettre\">\n<div class=\"infolettre-form-container noprint\">\n<p>Abonnez-vous \u00e0 la lettre d\u2019info de Reporterre<\/p>\n<\/div><\/div>\n<\/aside><\/div>\n<p><br \/>\n<br \/><a href=\"https:\/\/reporterre.net\/Les-megabassines-de-Vendee-un-modele-plein-de-fuites\" target=\"_blank\"\">Source link <\/a><\/p>\n","protected":false},"excerpt":{"rendered":"<p>Fontenay-le-Comte (Vend\u00e9e), reportage Au si\u00e8ge du Syndicat mixte Vend\u00e9e S\u00e8vre Autise (SMVSA) illumin\u00e9 par un soleil de moisson tardive, le technicien Fabrice Enon re\u00e7oit Reporterre suivant un rituel bien rod\u00e9.&hellip; <\/p>\n","protected":false},"author":1,"featured_media":915,"comment_status":"open","ping_status":"open","sticky":false,"template":"","format":"standard","meta":{"footnotes":""},"categories":[1],"tags":[],"class_list":["post-914","post","type-post","status-publish","format-standard","has-post-thumbnail","hentry","category-non-classe"],"_links":{"self":[{"href":"https:\/\/monde25.info\/index.php\/wp-json\/wp\/v2\/posts\/914","targetHints":{"allow":["GET"]}}],"collection":[{"href":"https:\/\/monde25.info\/index.php\/wp-json\/wp\/v2\/posts"}],"about":[{"href":"https:\/\/monde25.info\/index.php\/wp-json\/wp\/v2\/types\/post"}],"author":[{"embeddable":true,"href":"https:\/\/monde25.info\/index.php\/wp-json\/wp\/v2\/users\/1"}],"replies":[{"embeddable":true,"href":"https:\/\/monde25.info\/index.php\/wp-json\/wp\/v2\/comments?post=914"}],"version-history":[{"count":0,"href":"https:\/\/monde25.info\/index.php\/wp-json\/wp\/v2\/posts\/914\/revisions"}],"wp:featuredmedia":[{"embeddable":true,"href":"https:\/\/monde25.info\/index.php\/wp-json\/wp\/v2\/media\/915"}],"wp:attachment":[{"href":"https:\/\/monde25.info\/index.php\/wp-json\/wp\/v2\/media?parent=914"}],"wp:term":[{"taxonomy":"category","embeddable":true,"href":"https:\/\/monde25.info\/index.php\/wp-json\/wp\/v2\/categories?post=914"},{"taxonomy":"post_tag","embeddable":true,"href":"https:\/\/monde25.info\/index.php\/wp-json\/wp\/v2\/tags?post=914"}],"curies":[{"name":"wp","href":"https:\/\/api.w.org\/{rel}","templated":true}]}}