{"id":916,"date":"2024-11-26T05:03:34","date_gmt":"2024-11-26T04:03:34","guid":{"rendered":"https:\/\/monde25.info\/index.php\/2024\/11\/26\/kiev-pourrait-tirer-des-missiles-francais-a-longue-portee-sur-la-russie-dans-une-logique-de-legitime-defense-affirme-jean-noel-barrot\/"},"modified":"2024-11-26T05:03:34","modified_gmt":"2024-11-26T04:03:34","slug":"kiev-pourrait-tirer-des-missiles-francais-a-longue-portee-sur-la-russie-dans-une-logique-de-legitime-defense-affirme-jean-noel-barrot","status":"publish","type":"post","link":"https:\/\/monde25.info\/index.php\/2024\/11\/26\/kiev-pourrait-tirer-des-missiles-francais-a-longue-portee-sur-la-russie-dans-une-logique-de-legitime-defense-affirme-jean-noel-barrot\/","title":{"rendered":"Kiev pourrait tirer des missiles fran\u00e7ais \u00e0 longue port\u00e9e sur la Russie \u201cdans une logique de l\u00e9gitime d\u00e9fense\u201d, affirme Jean-No\u00ebl Barrot"},"content":{"rendered":"<p> <br \/>\n<\/p>\n<div>\n<p><span data-contrast=\"auto\">La position de la France sur l\u2019utilisation de missiles fran\u00e7ais \u00e0 longue port\u00e9e sur le sol russe se pr\u00e9cise. C\u2019est encore le ministre des Affaires \u00e9trang\u00e8res, Jean-No\u00ebl Barrot, interview\u00e9 samedi 23 novembre 2024 par la BBC, qui en d\u00e9voile plus de d\u00e9tails. Kiev pourrait tirer des missiles fran\u00e7ais \u00e0 longue port\u00e9e sur la Russie \u00ab\u00a0dans le cadre de la logique de l\u00e9gitime d\u00e9fense\u00a0\u00bb, il n&rsquo;a pas confirm\u00e9 si des armes fran\u00e7aises avaient d\u00e9j\u00e0 \u00e9t\u00e9 utilis\u00e9es. Jean-No\u00ebl Barrot a estim\u00e9 qu\u2019il ne faut pas \u00ab\u00a0fixer des lignes rouges\u00a0\u00bb, n\u2019\u00e9cartant \u201caucune option\u201d, pas m\u00eame l\u2019envoi de troupes fran\u00e7aises sur le front ukrainien.<\/span><span data-ccp-props=\"{&quot;134233117&quot;:false,&quot;134233118&quot;:false,&quot;201341983&quot;:0,&quot;335559738&quot;:270,&quot;335559739&quot;:270,&quot;335559740&quot;:324}\">\u00a0<\/span><\/p>\n<p><span data-contrast=\"auto\">\u00a0<\/span><span data-ccp-props=\"{&quot;134233117&quot;:false,&quot;134233118&quot;:false,&quot;201341983&quot;:0,&quot;335559738&quot;:270,&quot;335559739&quot;:270,&quot;335559740&quot;:324}\"> <\/span><span data-contrast=\"auto\">Cette interview intervient une semaine apr\u00e8s l\u2019escalade du conflit en Ukraine. De nombreux m\u00e9dias, aussi bien aux \u00c9tats-Unis, le New York Times \u00e0 leur t\u00eate, qu\u2019en Europe, \u00e9voquaient un feu vert de Joe Biden \u00e0 Kiev pour l\u2019usage de missiles am\u00e9ricains \u00e0 longue port\u00e9e sur le sol russe. Si une telle d\u00e9cision n\u2019a pas \u00e9t\u00e9 confirm\u00e9e officiellement, Moscou accusait d\u00e8s le lendemain l\u2019Ukraine d\u2019avoir tir\u00e9 six missiles am\u00e9ricains ATACMS de longue port\u00e9e contre un site militaire de la r\u00e9gion frontali\u00e8re russe de Briansk.<\/span><span data-ccp-props=\"{&quot;134233117&quot;:false,&quot;134233118&quot;:false,&quot;201341983&quot;:0,&quot;335559738&quot;:270,&quot;335559739&quot;:270,&quot;335559740&quot;:324}\">\u00a0<\/span><\/p>\n<p><span data-contrast=\"auto\">\u201cLe principe a \u00e9t\u00e9 pos\u00e9&#8230;\u201d<\/span><span data-ccp-props=\"{&quot;134233117&quot;:false,&quot;134233118&quot;:false,&quot;201341983&quot;:0,&quot;335559738&quot;:150,&quot;335559739&quot;:270,&quot;335559740&quot;:288}\">\u00a0<\/span><\/p>\n<p><span data-contrast=\"auto\">\u00a0<\/span><span data-ccp-props=\"{&quot;134233117&quot;:false,&quot;134233118&quot;:false,&quot;201341983&quot;:0,&quot;335559738&quot;:270,&quot;335559739&quot;:270,&quot;335559740&quot;:324}\"> <\/span><span data-contrast=\"auto\">Dans la foul\u00e9e, le pr\u00e9sident Vladimir Poutine <\/span><a target=\"_blank\" href=\"https:\/\/www.francesoir.fr\/politique-monde\/poutine-signe-le-decret-revisant-la-doctrine-nucleaire-russe\"><span data-contrast=\"none\" data-ccp-charstyle=\"Hyperlink\">signait<\/span><\/a><span data-contrast=\"auto\"> mardi un d\u00e9cret r\u00e9visant la doctrine nucl\u00e9aire de la Russie avant que l\u2019arm\u00e9e russe ne cible jeudi la ville ukrainienne de Dnipro avec un missile balistique intercontinental. Pour le chef du Kremlin, le conflit prend \u201cune tournure mondiale\u201d. Il affirme que la Russie est \u00ab\u00a0pr\u00eate \u00e0 tous\u00a0\u00bb les sc\u00e9narios dans ce conflit qui l&rsquo;oppose \u00e0 l&rsquo;Ukraine et ses alli\u00e9s occidentaux.<\/span><span data-ccp-props=\"{&quot;134233117&quot;:false,&quot;134233118&quot;:false,&quot;201341983&quot;:0,&quot;335559738&quot;:270,&quot;335559739&quot;:270,&quot;335559740&quot;:324}\">\u00a0<\/span><\/p>\n<p><span data-contrast=\"auto\">\u00a0<\/span><span data-ccp-props=\"{&quot;134233117&quot;:false,&quot;134233118&quot;:false,&quot;201341983&quot;:0,&quot;335559738&quot;:270,&quot;335559739&quot;:270,&quot;335559740&quot;:324}\"> <\/span><span data-contrast=\"auto\">L\u2019arm\u00e9e ukrainienne a \u00e9galement fait usage mercredi des missiles de croisi\u00e8re britanniques Storm Shadow sur la Russie. Des fragments auraient \u00e9t\u00e9 retrouv\u00e9s dans la r\u00e9gion de Koursk. Le feu vert britannique remontait d\u00e9j\u00e0 \u00e0 de nombreux mois, bien avant celui de Berlin et Paris <\/span><a target=\"_blank\" href=\"https:\/\/www.francesoir.fr\/politique-monde\/guerre-en-ukraine-feu-vert-de-paris-berlin-et-washington-kiev-pour-frapper-le\"><span data-contrast=\"none\" data-ccp-charstyle=\"Hyperlink\">en juin<\/span><\/a><span data-contrast=\"auto\">.<\/span><span data-ccp-props=\"{&quot;134233117&quot;:false,&quot;134233118&quot;:false,&quot;201341983&quot;:0,&quot;335559738&quot;:270,&quot;335559739&quot;:270,&quot;335559740&quot;:324}\">\u00a0<\/span><\/p>\n<p><span data-contrast=\"auto\">\u00a0<\/span><span data-ccp-props=\"{&quot;134233117&quot;:false,&quot;134233118&quot;:false,&quot;201341983&quot;:0,&quot;335559738&quot;:270,&quot;335559739&quot;:270,&quot;335559740&quot;:324}\"> <\/span><span data-contrast=\"auto\">Peu apr\u00e8s le tir de six missiles ATACMS par Kiev, le ministre fran\u00e7ais des Affaires \u00e9trang\u00e8res, Jean-No\u00ebl Barrot r\u00e9agissait d\u00e9j\u00e0 en l\u00e9gitimant les attaques ukrainiennes. \u201cOn parle de cibles sur le territoire russe qui sont utilis\u00e9es par les Russes pour agresser les Ukrainiens\u201d, avait-il d\u00e9clar\u00e9 mercredi dernier. Il a insist\u00e9 sur le \u201cprincipe de l\u00e9gitime d\u00e9fense\u201d de Kiev qui cherche \u00e0 \u201cd\u00e9fendre l\u2019int\u00e9grit\u00e9 de leur territoire mais aussi la s\u00e9curit\u00e9 des Europ\u00e9ens\u201d.<\/span><span data-ccp-props=\"{&quot;134233117&quot;:false,&quot;134233118&quot;:false,&quot;201341983&quot;:0,&quot;335559738&quot;:270,&quot;335559739&quot;:270,&quot;335559740&quot;:324}\">\u00a0<\/span><\/p>\n<p><span data-contrast=\"auto\">\u00a0<\/span><span data-ccp-props=\"{&quot;134233117&quot;:false,&quot;134233118&quot;:false,&quot;201341983&quot;:0,&quot;335559738&quot;:270,&quot;335559739&quot;:270,&quot;335559740&quot;:324}\"> <\/span><span data-contrast=\"auto\">Samedi, le m\u00eame ministre revenait sur la position de la France. Dans une interview accord\u00e9e \u00e0 BBC, il a une fois de plus \u00e9voqu\u00e9 la guerre en Ukraine, les questions de l\u2019utilisation des missiles fran\u00e7ais \u00e0 longue port\u00e9e ou encore l\u2019envoi de troupes. Jean-No\u00ebl Barrot a d\u00e9clar\u00e9 que l\u2019Ukraine pouvait faire l\u2019usage des missiles fran\u00e7ais sur des cibles russes \u201cdans une logique de l\u00e9gitime d\u00e9fense\u201d.\u00a0<\/span><span data-ccp-props=\"{&quot;134233117&quot;:false,&quot;134233118&quot;:false,&quot;201341983&quot;:0,&quot;335559738&quot;:270,&quot;335559739&quot;:270,&quot;335559740&quot;:324}\">\u00a0<\/span><\/p>\n<p><span data-contrast=\"auto\">\u00a0<\/span><span data-ccp-props=\"{&quot;134233117&quot;:false,&quot;134233118&quot;:false,&quot;201341983&quot;:0,&quot;335559738&quot;:270,&quot;335559739&quot;:270,&quot;335559740&quot;:324}\"> <\/span><span data-contrast=\"auto\">\u00ab\u00a0Le principe a \u00e9t\u00e9 pos\u00e9&#8230; Nos messages au pr\u00e9sident Zelensky ont \u00e9t\u00e9 bien re\u00e7us\u00a0\u00bb, s\u2019est-il content\u00e9 de d\u00e9clarer.\u00a0<\/span><span data-ccp-props=\"{&quot;134233117&quot;:false,&quot;134233118&quot;:false,&quot;201341983&quot;:0,&quot;335559738&quot;:270,&quot;335559739&quot;:270,&quot;335559740&quot;:324}\">\u00a0<\/span><\/p>\n<p><span data-contrast=\"auto\">\u201cPas de lignes rouges\u201d<\/span><span data-ccp-props=\"{&quot;134233117&quot;:false,&quot;134233118&quot;:false,&quot;201341983&quot;:0,&quot;335559738&quot;:150,&quot;335559739&quot;:270,&quot;335559740&quot;:288}\">\u00a0<\/span><\/p>\n<p><span data-contrast=\"auto\">Le chef de la diplomatie fran\u00e7aise a par la suite affirm\u00e9 l\u2019intention de Paris et ses alli\u00e9s de soutenir l\u2019Ukraine \u201caussi intens\u00e9ment et aussi longtemps que n\u00e9cessaire (&#8230;) Parce que c&rsquo;est notre s\u00e9curit\u00e9 qui est en jeu. Chaque fois que l&rsquo;arm\u00e9e russe avance d&rsquo;un kilom\u00e8tre carr\u00e9, la menace se rapproche d&rsquo;un kilom\u00e8tre carr\u00e9 de l&rsquo;Europe\u00a0\u00bb, a-t-il ajout\u00e9.<\/span><span data-ccp-props=\"{&quot;134233117&quot;:false,&quot;134233118&quot;:false,&quot;201341983&quot;:0,&quot;335559738&quot;:270,&quot;335559739&quot;:270,&quot;335559740&quot;:324}\">\u00a0<\/span><\/p>\n<p><span data-contrast=\"auto\">\u00a0<\/span><span data-ccp-props=\"{&quot;134233117&quot;:false,&quot;134233118&quot;:false,&quot;201341983&quot;:0,&quot;335559738&quot;:270,&quot;335559739&quot;:270,&quot;335559740&quot;:324}\"> <\/span><span data-contrast=\"auto\">Jean-No\u00ebl Barrot estime que \u201cface \u00e0 la menace russe, les pays occidentaux ne devraient pas \u00ab\u00a0fixer des lignes rouges\u00a0\u00bb, plaidant pour une augmentation, \u201cn\u00e9cessaire\u201d, des d\u00e9penses militaires. \u201cNous devrons d\u00e9penser davantage si nous voulons faire plus, et je pense que nous devons faire face \u00e0 ces nouveaux d\u00e9fis\u201d, a-t-il ajout\u00e9 \u00e0 la BBC.<\/span><span data-ccp-props=\"{&quot;134233117&quot;:false,&quot;134233118&quot;:false,&quot;201341983&quot;:0,&quot;335559738&quot;:270,&quot;335559739&quot;:270,&quot;335559740&quot;:324}\">\u00a0<\/span><\/p>\n<p><span data-contrast=\"auto\">\u00a0<\/span><span data-ccp-props=\"{&quot;134233117&quot;:false,&quot;134233118&quot;:false,&quot;201341983&quot;:0,&quot;335559738&quot;:270,&quot;335559739&quot;:270,&quot;335559740&quot;:324}\"> <\/span><span data-contrast=\"auto\">Interrog\u00e9 sur un \u00e9ventuel envoi de troupes fran\u00e7aises sur le front ukrainien, id\u00e9e d\u00e9j\u00e0 \u00e9voqu\u00e9e en d\u00e9but d\u2019ann\u00e9e par Emmanuel Macron, lui valant des critiques acerbes de la part de plusieurs dirigeants europ\u00e9ens, le ministre des Affaires \u00e9trang\u00e8res affirme \u201cn\u2019\u00e9carter aucune option\u201d.<\/span><span data-ccp-props=\"{&quot;134233117&quot;:false,&quot;134233118&quot;:false,&quot;201341983&quot;:0,&quot;335559738&quot;:270,&quot;335559739&quot;:270,&quot;335559740&quot;:324}\">\u00a0<\/span><\/p>\n<p><span data-contrast=\"auto\">\u00a0<\/span><span data-ccp-props=\"{&quot;134233117&quot;:false,&quot;134233118&quot;:false,&quot;201341983&quot;:0,&quot;335559738&quot;:270,&quot;335559739&quot;:270,&quot;335559740&quot;:324}\"> <\/span><span data-contrast=\"auto\">\u00c0 propos d\u2019une adh\u00e9sion de Kiev \u00e0 l\u2019OTAN, une ambition ukrainienne que Moscou souhaite voir abandonn\u00e9e, l\u2019invit\u00e9 du Sunday estime qu\u2019il serait possible d\u2019inviter l\u2019Ukraine. \u201cNous sommes ouverts \u00e0 une invitation, et donc dans nos discussions avec nos amis et alli\u00e9s, ainsi qu&rsquo;avec les amis et alli\u00e9s de l&rsquo;Ukraine, nous travaillons \u00e0 les rapprocher de nos positions\u201d, a-t-il d\u00e9clar\u00e9.<\/span><span data-ccp-props=\"{&quot;134233117&quot;:false,&quot;134233118&quot;:false,&quot;201341983&quot;:0,&quot;335559738&quot;:270,&quot;335559739&quot;:270,&quot;335559740&quot;:324}\">\u00a0<\/span><\/p>\n<p><span data-ccp-props=\"{}\">\u00a0<\/span><\/p>\n<\/div>\n<p><script>(function(d, s, id) {  var js, fjs = d.getElementsByTagName(s)[0];  if (d.getElementById(id)) return;  js = d.createElement(s); js.id = id;  js.src = \"\/\/connect.facebook.net\/fr_FR\/sdk.js#xfbml=1&version=v2.3\";  fjs.parentNode.insertBefore(js, fjs);}(document, \"script\", \"facebook-jssdk\"));<\/script><br \/>\n<br \/><br \/>\n<br \/><a href=\"https:\/\/www.francesoir.fr\/monde\/kiev-pourrait-tirer-des-missiles-francais-longue-portee-sur-la-russie-dans-une-logique-de\" target=\"_blank\"\">Source link <\/a><\/p>\n","protected":false},"excerpt":{"rendered":"<p>La position de la France sur l\u2019utilisation de missiles fran\u00e7ais \u00e0 longue port\u00e9e sur le sol russe se pr\u00e9cise. C\u2019est encore le ministre des Affaires \u00e9trang\u00e8res, Jean-No\u00ebl Barrot, interview\u00e9 samedi&hellip; <\/p>\n","protected":false},"author":1,"featured_media":917,"comment_status":"open","ping_status":"open","sticky":false,"template":"","format":"standard","meta":{"footnotes":""},"categories":[1],"tags":[],"class_list":["post-916","post","type-post","status-publish","format-standard","has-post-thumbnail","hentry","category-non-classe"],"_links":{"self":[{"href":"https:\/\/monde25.info\/index.php\/wp-json\/wp\/v2\/posts\/916","targetHints":{"allow":["GET"]}}],"collection":[{"href":"https:\/\/monde25.info\/index.php\/wp-json\/wp\/v2\/posts"}],"about":[{"href":"https:\/\/monde25.info\/index.php\/wp-json\/wp\/v2\/types\/post"}],"author":[{"embeddable":true,"href":"https:\/\/monde25.info\/index.php\/wp-json\/wp\/v2\/users\/1"}],"replies":[{"embeddable":true,"href":"https:\/\/monde25.info\/index.php\/wp-json\/wp\/v2\/comments?post=916"}],"version-history":[{"count":0,"href":"https:\/\/monde25.info\/index.php\/wp-json\/wp\/v2\/posts\/916\/revisions"}],"wp:featuredmedia":[{"embeddable":true,"href":"https:\/\/monde25.info\/index.php\/wp-json\/wp\/v2\/media\/917"}],"wp:attachment":[{"href":"https:\/\/monde25.info\/index.php\/wp-json\/wp\/v2\/media?parent=916"}],"wp:term":[{"taxonomy":"category","embeddable":true,"href":"https:\/\/monde25.info\/index.php\/wp-json\/wp\/v2\/categories?post=916"},{"taxonomy":"post_tag","embeddable":true,"href":"https:\/\/monde25.info\/index.php\/wp-json\/wp\/v2\/tags?post=916"}],"curies":[{"name":"wp","href":"https:\/\/api.w.org\/{rel}","templated":true}]}}