{"id":9182,"date":"2025-05-29T10:22:12","date_gmt":"2025-05-29T08:22:12","guid":{"rendered":"https:\/\/monde25.info\/index.php\/2025\/05\/29\/lassemblee-nationale-met-fin-aux-restrictions-pour-vehicules-thermiques-rt-en-francais\/"},"modified":"2025-05-29T10:22:12","modified_gmt":"2025-05-29T08:22:12","slug":"lassemblee-nationale-met-fin-aux-restrictions-pour-vehicules-thermiques-rt-en-francais","status":"publish","type":"post","link":"https:\/\/monde25.info\/index.php\/2025\/05\/29\/lassemblee-nationale-met-fin-aux-restrictions-pour-vehicules-thermiques-rt-en-francais\/","title":{"rendered":"l\u2019Assembl\u00e9e nationale met fin aux restrictions pour v\u00e9hicules thermiques \u2014 RT en fran\u00e7ais"},"content":{"rendered":"<p> <br \/>\n<br \/><img decoding=\"async\" src=\"https:\/\/mf.b37mrtl.ru\/french\/images\/2025.05\/thumbnail\/6837faf36f7ccc16bb37eedc.jpg\" \/><\/p>\n<div>\n<p class=\"text__summary\">\n                                        L\u2019Assembl\u00e9e nationale a vot\u00e9 la suppression des zones \u00e0 faibles \u00e9missions (ZFE), critiqu\u00e9es pour leur impact social. Cette modification, port\u00e9e par le RN et LR, suscite des critiques des \u00e9cologistes et fait d\u00e9bat dans le centre macronistes.\n                                    <\/p>\n<p>Dans une d\u00e9cision marquante, l\u2019Assembl\u00e9e nationale a approuv\u00e9, le 28 mai, la suppression des zones \u00e0 faibles \u00e9missions (ZFE), ces p\u00e9rim\u00e8tres restreignant la circulation des v\u00e9hicules thermiques jug\u00e9s polluants, dans le cadre du projet de loi de \u00ab\u00a0simplification\u00a0\u00bb. Adopt\u00e9 par 98 voix contre 51, l\u2019article, initi\u00e9 par les groupes LR et RN, a b\u00e9n\u00e9fici\u00e9 du soutien de certains macronistes et de LFI, malgr\u00e9 l\u2019opposition des \u00e9cologistes, socialistes et d\u2019une partie du MoDem et d\u2019Horizons. Ce vote, qui doit encore \u00eatre confirm\u00e9 par l\u2019adoption finale du projet de loi, marque un tournant dans la politique environnementale fran\u00e7aise.<\/p>\n<h2>Une mesure \u00e9cologique qui p\u00e9nalise les plus pauvres<\/h2>\n<p>Introduites en 2019 sous la loi Climat et r\u00e9silience, les ZFE visaient \u00e0 r\u00e9duire les \u00e9missions de particules fines, responsables de pr\u00e8s de 40 000 d\u00e9c\u00e8s pr\u00e9matur\u00e9s par an selon la ministre de la Transition \u00e9cologique, Agn\u00e8s Pannier-Runacher. Cette derni\u00e8re avait \u00e9t\u00e9 vivement critiqu\u00e9 lors des d\u00e9bats autour du texte. Elle avait ainsi affirm\u00e9 que \u00ab\u00a0<a target=\"_blank\" href=\"https:\/\/francais.rt.com\/france\/119105-moins-riches-n-ont-pas-voiture-agnes-pannier-runacher\">les moins riches n\u2019ont pas de voitures\u00a0<\/a>\u00bb et \u00e9t\u00e9 accus\u00e9 d\u2019une m\u00e9connaissance crasse des couches populaires.<\/p>\n<p>En interdisant les v\u00e9hicules Crit\u2019Air 3 ou plus dans certaines agglom\u00e9rations, elles ont contribu\u00e9 \u00e0 am\u00e9liorer la qualit\u00e9 de l\u2019air. Cependant, leur mise en \u0153uvre a suscit\u00e9 une lev\u00e9e de boucliers. \u00ab\u00a0Tout le monde veut am\u00e9liorer la qualit\u00e9 de l\u2019air, mais pas au prix de l\u2019exclusion sociale\u00a0\u00bb, a d\u00e9clar\u00e9 le d\u00e9put\u00e9 LR Ian Boucard. Parmi les d\u00e9put\u00e9s les plus engag\u00e9s contre cette mesure, <a target=\"_blank\" href=\"https:\/\/x.com\/Meurin_P\/status\/1927870179897184446\">Pierre Meurin<\/a> (RN), s\u2019est f\u00e9licit\u00e9 : \u00ab J&rsquo;ai rarement \u00e9t\u00e9 aussi fier que ce soir ; toutes mes tripes pour un long combat si fran\u00e7ais de Libert\u00e9\u00a0\u00bb.<\/p>\n<div class=\"rtcode\">\n<blockquote class=\"twitter-tweet\">\n<p lang=\"fr\" dir=\"ltr\">Trois ann\u00e9es de combat personnel contre les ZFE. Nous d\u00e9fendons au RN notre devise r\u00e9publicaine. Et j&rsquo;ai rarement \u00e9t\u00e9 aussi fier que ce soir ; toutes mes tripes pour un long combat si fran\u00e7ais de Libert\u00e9. Quel bonheur. VICTOIRE !<a target=\"_blank\" href=\"https:\/\/twitter.com\/hashtag\/stopZFE?src=hash&amp;ref_src=twsrc%5Etfw\">#stopZFE<\/a><a target=\"_blank\" href=\"https:\/\/t.co\/30APdBOIl6\">pic.twitter.com\/30APdBOIl6<\/a><\/p>\n<p>\u2014 Pierre Meurin (@Meurin_P) <a target=\"_blank\" href=\"https:\/\/twitter.com\/Meurin_P\/status\/1927870179897184446?ref_src=twsrc%5Etfw\">May 28, 2025<\/a><\/p><\/blockquote>\n<\/div>\n<p>L\u2019application de la mesure aurait en effet provoqu\u00e9 la mise au ban de nombreux v\u00e9hicules et p\u00e9nalis\u00e9 les automobilistes les moins fortun\u00e9s.<\/p>\n<p>A gauche, si les \u00e9cologistes soutenaient le maintien de ces zones, la France Insoumise (LFI) d\u00e9noncait un dispositif injuste. La vice-pr\u00e9sidente LFI de l\u2019Assembl\u00e9e <a target=\"_blank\" href=\"https:\/\/x.com\/Clemence_Guette\/status\/1927831533030707432\">Cl\u00e9mence Guett\u00e9<\/a> a ainsi revendiqu\u00e9 une victoire et affirm\u00e9\u00a0: \u00ab\u00a0L&rsquo;\u00e9cologie ne doit pas se faire sur le dos des classes populaires\u00a0\u00bb.<\/p>\n<div class=\"rtcode\">\n<blockquote class=\"twitter-tweet\">\n<p lang=\"fr\" dir=\"ltr\">C&rsquo;est une grande victoire. <\/p>\n<p>Nous venons de voter \u00e0 l&rsquo;Assembl\u00e9e nationale la suppression des ZFE.<\/p>\n<p>L&rsquo;\u00e9cologie ne doit pas se faire sur le dos des classes populaires. Au travail, pour le droit \u00e0 la mobilit\u00e9, et pour des alternatives \u00e9cologiques et sociales. <a target=\"_blank\" href=\"https:\/\/t.co\/ohpd2wnfpy\">pic.twitter.com\/ohpd2wnfpy<\/a><\/p>\n<p>\u2014 Cl\u00e9mence Guett\u00e9 (@Clemence_Guette) <a target=\"_blank\" href=\"https:\/\/twitter.com\/Clemence_Guette\/status\/1927831533030707432?ref_src=twsrc%5Etfw\">May 28, 2025<\/a><\/p><\/blockquote>\n<\/div>\n<p><a target=\"_blank\" href=\"https:\/\/x.com\/Clemence_Guette\/status\/1927831533030707432\"\/>Du c\u00f4t\u00e9 des d\u00e9fenseurs du texte, on d\u00e9plore ce retrait des zones.<\/p>\n<p>Face \u00e0 ces critiques, la ministre a tent\u00e9, sans succ\u00e8s, de proposer un compromis limitant les ZFE aux agglom\u00e9rations de Paris et Lyon, avec des exceptions pour les collectivit\u00e9s. L\u2019\u00e9cologiste Lisa Belluco a de son c\u00f4t\u00e9 d\u00e9fendu un \u00ab\u00a0dispositif utile\u00a0\u00bb n\u00e9cessitant des mesures d\u2019accompagnement pour \u00eatre mieux accept\u00e9.<\/p>\n<p>Ce vote s\u2019inscrit dans un contexte de r\u00e9\u00e9criture du texte, illustr\u00e9 par l\u2019assouplissement du \u00ab\u00a0z\u00e9ro artificialisation nette\u00a0\u00bb (ZAN) dans le m\u00eame projet de loi, permettant jusqu\u2019\u00e0 30 % de d\u00e9passement des limites de b\u00e9tonisation. Des \u00e9lus craignent toutefois une censure du Conseil constitutionnel, estimant que la suppression des ZFE pourrait \u00eatre jug\u00e9e comme un cavalier l\u00e9gislatif. Les d\u00e9bats sur le texte reprendront mi-juin, avec plus de 600 amendements \u00e0 examiner.<\/p>\n<\/div>\n<p><script async src=\"\/\/platform.twitter.com\/widgets.js\" charset=\"utf-8\"><\/script><br \/>\n<br \/><br \/>\n<br \/><a href=\"https:\/\/francais.rt.com\/france\/121335-suppression-zfe-assemblee-nationale\" target=\"_blank\"\">Source link <\/a><\/p>\n","protected":false},"excerpt":{"rendered":"<p>L\u2019Assembl\u00e9e nationale a vot\u00e9 la suppression des zones \u00e0 faibles \u00e9missions (ZFE), critiqu\u00e9es pour leur impact social. Cette modification, port\u00e9e par le RN et LR, suscite des critiques des \u00e9cologistes&hellip; <\/p>\n","protected":false},"author":1,"featured_media":9183,"comment_status":"open","ping_status":"open","sticky":false,"template":"","format":"standard","meta":{"footnotes":""},"categories":[1],"tags":[],"class_list":["post-9182","post","type-post","status-publish","format-standard","has-post-thumbnail","hentry","category-non-classe"],"_links":{"self":[{"href":"https:\/\/monde25.info\/index.php\/wp-json\/wp\/v2\/posts\/9182","targetHints":{"allow":["GET"]}}],"collection":[{"href":"https:\/\/monde25.info\/index.php\/wp-json\/wp\/v2\/posts"}],"about":[{"href":"https:\/\/monde25.info\/index.php\/wp-json\/wp\/v2\/types\/post"}],"author":[{"embeddable":true,"href":"https:\/\/monde25.info\/index.php\/wp-json\/wp\/v2\/users\/1"}],"replies":[{"embeddable":true,"href":"https:\/\/monde25.info\/index.php\/wp-json\/wp\/v2\/comments?post=9182"}],"version-history":[{"count":0,"href":"https:\/\/monde25.info\/index.php\/wp-json\/wp\/v2\/posts\/9182\/revisions"}],"wp:featuredmedia":[{"embeddable":true,"href":"https:\/\/monde25.info\/index.php\/wp-json\/wp\/v2\/media\/9183"}],"wp:attachment":[{"href":"https:\/\/monde25.info\/index.php\/wp-json\/wp\/v2\/media?parent=9182"}],"wp:term":[{"taxonomy":"category","embeddable":true,"href":"https:\/\/monde25.info\/index.php\/wp-json\/wp\/v2\/categories?post=9182"},{"taxonomy":"post_tag","embeddable":true,"href":"https:\/\/monde25.info\/index.php\/wp-json\/wp\/v2\/tags?post=9182"}],"curies":[{"name":"wp","href":"https:\/\/api.w.org\/{rel}","templated":true}]}}