{"id":9187,"date":"2025-05-29T13:40:38","date_gmt":"2025-05-29T11:40:38","guid":{"rendered":"https:\/\/monde25.info\/index.php\/2025\/05\/29\/la69-relancee-la-lutte-reprend-de-plus-belle\/"},"modified":"2025-05-29T13:40:38","modified_gmt":"2025-05-29T11:40:38","slug":"la69-relancee-la-lutte-reprend-de-plus-belle","status":"publish","type":"post","link":"https:\/\/monde25.info\/index.php\/2025\/05\/29\/la69-relancee-la-lutte-reprend-de-plus-belle\/","title":{"rendered":"L&#039;A69 relanc\u00e9e\u00a0: la lutte reprend de plus belle"},"content":{"rendered":"<p> <br \/>\n<br \/><img loading=\"lazy\" decoding=\"async\" src=\"https:\/\/reporterre.net\/local\/cache-vignettes\/L700xH467\/280525_nmn_7908_rassemblement_conseildetat_contrereprisea69__c_nnoman_resized-b1fd2.jpg?1748512056\" class=\"spip_logo\" width=\"700\" height=\"467\" alt=\"\" \/><\/p>\n<p>Apr\u00e8s l&rsquo;annonce de l&rsquo;autorisation de reprise du chantier de l&rsquo;A69, les opposants \u00e0 cette autoroute ont organis\u00e9 des rassemblements partout en France. \u00c0 Paris et Toulouse, les militants \u00e9taient sid\u00e9r\u00e9s mais restaient combatifs. <br class=\"autobr\" \/><br \/>\nToulouse et Paris, reportage <br class=\"autobr\" \/><br \/>\n\u00ab<small class=\"fine d-inline\">\u00a0<\/small>Un espoir fou, bris\u00e9 brutalement.<small class=\"fine d-inline\">\u00a0<\/small>\u00bb Les mains agripp\u00e9es \u00e0 la hampe d&rsquo;un drapeau sur lequel figure une genette \u2014 un petit carnivore \u2014 arm\u00e9e d&rsquo;une tenaille, Daphn\u00e9 ne conna\u00eet pas le territoire tarnais, o\u00f9 doit \u00eatre construite\u00a0(\u2026)<\/p>\n<p>                    <a target=\"_blank\" href=\"https:\/\/reporterre.net\/L-A69-relancee-la-lutte-reprend-de-plus-belle?utm_source=RSS&amp;utm_medium=RSS\">Lire la suite<\/a><\/p>\n<p>                    &#8211;<br \/>\n                        <a target=\"_blank\" href=\"https:\/\/reporterre.net\/Reportage\" rel=\"directory\">Reportage<\/a><\/p>\n<p>                    \/<br \/>\n                        <a target=\"_blank\" href=\"https:\/\/reporterre.net\/Photographies\" rel=\"tag\">Photographies<\/a><br \/>\n                    ,<br \/>\n                        <a target=\"_blank\" href=\"https:\/\/reporterre.net\/Transports\" rel=\"tag\">Transports<\/a><br \/>\n                    ,<br \/>\n                        <a target=\"_blank\" href=\"https:\/\/reporterre.net\/Autoroutes\" rel=\"tag\">Autoroutes<\/a><br \/>\n                    ,<br \/>\n                        <a target=\"_blank\" href=\"https:\/\/reporterre.net\/A69\" rel=\"tag\">A69<\/a><br \/>\n<br \/><br \/>\n<br \/><a href=\"https:\/\/reporterre.net\/L-A69-relancee-la-lutte-reprend-de-plus-belle\" target=\"_blank\"\">Source link <\/a><\/p>\n","protected":false},"excerpt":{"rendered":"<p>Apr\u00e8s l&rsquo;annonce de l&rsquo;autorisation de reprise du chantier de l&rsquo;A69, les opposants \u00e0 cette autoroute ont organis\u00e9 des rassemblements partout en France. \u00c0 Paris et Toulouse, les militants \u00e9taient sid\u00e9r\u00e9s&hellip; <\/p>\n","protected":false},"author":1,"featured_media":0,"comment_status":"open","ping_status":"open","sticky":false,"template":"","format":"standard","meta":{"footnotes":""},"categories":[1],"tags":[],"class_list":["post-9187","post","type-post","status-publish","format-standard","hentry","category-non-classe"],"_links":{"self":[{"href":"https:\/\/monde25.info\/index.php\/wp-json\/wp\/v2\/posts\/9187","targetHints":{"allow":["GET"]}}],"collection":[{"href":"https:\/\/monde25.info\/index.php\/wp-json\/wp\/v2\/posts"}],"about":[{"href":"https:\/\/monde25.info\/index.php\/wp-json\/wp\/v2\/types\/post"}],"author":[{"embeddable":true,"href":"https:\/\/monde25.info\/index.php\/wp-json\/wp\/v2\/users\/1"}],"replies":[{"embeddable":true,"href":"https:\/\/monde25.info\/index.php\/wp-json\/wp\/v2\/comments?post=9187"}],"version-history":[{"count":0,"href":"https:\/\/monde25.info\/index.php\/wp-json\/wp\/v2\/posts\/9187\/revisions"}],"wp:attachment":[{"href":"https:\/\/monde25.info\/index.php\/wp-json\/wp\/v2\/media?parent=9187"}],"wp:term":[{"taxonomy":"category","embeddable":true,"href":"https:\/\/monde25.info\/index.php\/wp-json\/wp\/v2\/categories?post=9187"},{"taxonomy":"post_tag","embeddable":true,"href":"https:\/\/monde25.info\/index.php\/wp-json\/wp\/v2\/tags?post=9187"}],"curies":[{"name":"wp","href":"https:\/\/api.w.org\/{rel}","templated":true}]}}