{"id":920,"date":"2024-11-26T06:09:37","date_gmt":"2024-11-26T05:09:37","guid":{"rendered":"https:\/\/monde25.info\/index.php\/2024\/11\/26\/le-hezbollah-revendique-51-operations-contre-des-interets-israeliens-rt-en-francais\/"},"modified":"2024-11-26T06:09:37","modified_gmt":"2024-11-26T05:09:37","slug":"le-hezbollah-revendique-51-operations-contre-des-interets-israeliens-rt-en-francais","status":"publish","type":"post","link":"https:\/\/monde25.info\/index.php\/2024\/11\/26\/le-hezbollah-revendique-51-operations-contre-des-interets-israeliens-rt-en-francais\/","title":{"rendered":"le Hezbollah revendique 51 \u00abop\u00e9rations\u00bb contre des int\u00e9r\u00eats isra\u00e9liens \u2014 RT en fran\u00e7ais"},"content":{"rendered":"<p> <br \/>\n<br \/><img decoding=\"async\" src=\"https:\/\/mf.b37mrtl.ru\/french\/images\/2024.11\/thumbnail\/6744467887f3ec02f351728d.jpg\" \/><\/p>\n<div>\n<p class=\"text__summary\">\n                                        Le Hezbollah a annonc\u00e9 dans un communiqu\u00e9 avoir men\u00e9 une cinquantaine d&rsquo;\u00abop\u00e9rations\u00bb contre des forces et des localit\u00e9s isra\u00e9liennes dans la journ\u00e9e du 24 novembre. Le mouvement chiite affirme notamment avoir frapp\u00e9 \u00e0 l&rsquo;int\u00e9rieur du territoire de l&rsquo;\u00c9tat h\u00e9breu.\n                                    <\/p>\n<p>Le Hezbollah a annonc\u00e9, dans un communiqu\u00e9, avoir men\u00e9 plus de <a target=\"_blank\" href=\"https:\/\/www.almanar.com.lb\/12833999\" target=\"_blank\" rel=\"noopener noreferrer\">51 \u00abop\u00e9rations\u00bb<\/a> contre Isra\u00ebl au cours de la journ\u00e9e du 24 novembre. Parmi ces \u00abop\u00e9rations\u00bb \u00e9num\u00e9r\u00e9es\u00a0figure une \u00abattaque a\u00e9rienne\u00bb ayant vis\u00e9 la \u00abbase navale\u00a0d&rsquo;Ashdod\u00bb, situ\u00e9e \u00e0 environ 150 kilom\u00e8tres de la fronti\u00e8re libano-isra\u00e9lienne. Attaque qui, selon le communiqu\u00e9, aurait\u00a0\u00abatteint\u00bb ses cibles \u00abavec pr\u00e9cision\u00bb.<\/p>\n<p>La plupart des op\u00e9rations ont toutefois \u00e9t\u00e9 men\u00e9es au sud-Liban, contre les incursions de l&rsquo;arm\u00e9e isra\u00e9lienne, notamment dans les environs de Biyada et Jibbein, dans le secteur ouest, au sud de Tyr, ainsi qu\u2019\u00e0 Khiam \u2013 o\u00f9 les combats font rage depuis une dizaine de jours \u2013, \u00e0 Kfar Kila et Deir Mimas, dans le caza de Marjeyoun, dans le secteur est.<\/p>\n<p>Le parti chiite a revendiqu\u00e9 le tir d&rsquo;un missile contre\u00a0\u00abla base de Berea (la principale base de d\u00e9fense a\u00e9rienne et antimissile du Commandement du Nord\u00bb, contre\u00a0\u00abla base de Glilot (si\u00e8ge de l&rsquo;Unit\u00e9 de Renseignement Militaire 8200)\u00bb, \u00e0 plus de 110 kilom\u00e8tres de la fronti\u00e8re isra\u00e9lienne.<\/p>\n<h2>Bombardements isra\u00e9liens au Liban : le Hezbollah promet de frapper\u00a0Tel-Aviv<\/h2>\n<p>Le Hezbollah a \u00e9galement affirm\u00e9 avoir men\u00e9 des attaques contre\u00a0\u00abla base navale de Ha\u00effa\u00bb, contre\u00a0\u00abla base de Sharaga\u00bb (le quartier g\u00e9n\u00e9ral administratif du commandement de la brigade Golani) et \u00e9galement contre\u00a0\u00abla base de Dadu\u00bb (si\u00e8ge du commandement de la r\u00e9gion nord).<\/p>\n<p>De son c\u00f4t\u00e9, l&rsquo;arm\u00e9e isra\u00e9lienne a publi\u00e9 <a target=\"_blank\" href=\"https:\/\/x.com\/IDF\/status\/1860647231495266626\" target=\"_blank\" rel=\"noopener noreferrer\">une vid\u00e9o<\/a>, le 24 novembre, montrant les d\u00e9g\u00e2ts d&rsquo;une frappe du Hezbollah, sans indiquer l&rsquo;endroit.\u00a0\u00abUne fois de plus, des millions de civils se trouvent dans des abris alors que des roquettes sont tir\u00e9es depuis le Liban\u00bb, a \u00e9galement indiqu\u00e9 Tsahal sur sa page <a target=\"_blank\" href=\"https:\/\/x.com\/IDF\/status\/1860639521953431690\" target=\"_blank\" rel=\"noopener noreferrer\">X<\/a>.<\/p>\n<p>\u00abIsra\u00ebl a attaqu\u00e9 le c\u0153ur de Beyrouth, alors il doit s\u2019attendre \u00e0 ce que la r\u00e9ponse ait lieu au centre de Tel-Aviv\u00bb, avait menac\u00e9 le chef du Hezbollah Na\u00efm Qassem dans un discours prononc\u00e9 le 20 novembre.\u00a0<\/p>\n<p>L&rsquo;arm\u00e9e isra\u00e9lienne m\u00e8ne depuis la fin septembre une campagne de bombardements, ainsi que des incursions terrestres, afin de faire cesser les frappes de la milice chiite contre le nord de l&rsquo;\u00c9tat h\u00e9breu.<\/p>\n<\/div>\n<p><br \/>\n<br \/><a href=\"https:\/\/francais.rt.com\/international\/114923-hezbollah-mene-operations-contre-israel\" target=\"_blank\"\">Source link <\/a><\/p>\n","protected":false},"excerpt":{"rendered":"<p>Le Hezbollah a annonc\u00e9 dans un communiqu\u00e9 avoir men\u00e9 une cinquantaine d&rsquo;\u00abop\u00e9rations\u00bb contre des forces et des localit\u00e9s isra\u00e9liennes dans la journ\u00e9e du 24 novembre. Le mouvement chiite affirme notamment&hellip; <\/p>\n","protected":false},"author":1,"featured_media":921,"comment_status":"open","ping_status":"open","sticky":false,"template":"","format":"standard","meta":{"footnotes":""},"categories":[1],"tags":[],"class_list":["post-920","post","type-post","status-publish","format-standard","has-post-thumbnail","hentry","category-non-classe"],"_links":{"self":[{"href":"https:\/\/monde25.info\/index.php\/wp-json\/wp\/v2\/posts\/920","targetHints":{"allow":["GET"]}}],"collection":[{"href":"https:\/\/monde25.info\/index.php\/wp-json\/wp\/v2\/posts"}],"about":[{"href":"https:\/\/monde25.info\/index.php\/wp-json\/wp\/v2\/types\/post"}],"author":[{"embeddable":true,"href":"https:\/\/monde25.info\/index.php\/wp-json\/wp\/v2\/users\/1"}],"replies":[{"embeddable":true,"href":"https:\/\/monde25.info\/index.php\/wp-json\/wp\/v2\/comments?post=920"}],"version-history":[{"count":0,"href":"https:\/\/monde25.info\/index.php\/wp-json\/wp\/v2\/posts\/920\/revisions"}],"wp:featuredmedia":[{"embeddable":true,"href":"https:\/\/monde25.info\/index.php\/wp-json\/wp\/v2\/media\/921"}],"wp:attachment":[{"href":"https:\/\/monde25.info\/index.php\/wp-json\/wp\/v2\/media?parent=920"}],"wp:term":[{"taxonomy":"category","embeddable":true,"href":"https:\/\/monde25.info\/index.php\/wp-json\/wp\/v2\/categories?post=920"},{"taxonomy":"post_tag","embeddable":true,"href":"https:\/\/monde25.info\/index.php\/wp-json\/wp\/v2\/tags?post=920"}],"curies":[{"name":"wp","href":"https:\/\/api.w.org\/{rel}","templated":true}]}}