{"id":9207,"date":"2025-05-29T21:24:43","date_gmt":"2025-05-29T19:24:43","guid":{"rendered":"https:\/\/monde25.info\/index.php\/2025\/05\/29\/marine-le-pen-recadre-bardella-depuis-la-nouvelle-caledonie-et-confirme-sa-candidature-pour-2027-rt-en-francais\/"},"modified":"2025-05-29T21:24:43","modified_gmt":"2025-05-29T19:24:43","slug":"marine-le-pen-recadre-bardella-depuis-la-nouvelle-caledonie-et-confirme-sa-candidature-pour-2027-rt-en-francais","status":"publish","type":"post","link":"https:\/\/monde25.info\/index.php\/2025\/05\/29\/marine-le-pen-recadre-bardella-depuis-la-nouvelle-caledonie-et-confirme-sa-candidature-pour-2027-rt-en-francais\/","title":{"rendered":"Marine Le Pen recadre Bardella depuis la Nouvelle-Cal\u00e9donie et confirme sa candidature pour 2027 \u2014 RT en fran\u00e7ais"},"content":{"rendered":"<p> <br \/>\n<br \/><img decoding=\"async\" src=\"https:\/\/mf.b37mrtl.ru\/french\/images\/2025.05\/thumbnail\/683899f46f7ccc16a42db8d3.jpg\" \/><\/p>\n<div>\n<p class=\"text__summary\">\n                                        Marine Le Pen a publiquement remis en cause la connaissance de Jordan Bardella du dossier cal\u00e9donien. En d\u00e9placement sur l\u2019archipel, elle affirme sa l\u00e9gitimit\u00e9 pr\u00e9sidentielle malgr\u00e9 sa condamnation et souhaite participer aux discussions pr\u00e9vues mi-juin \u00e0 Paris. Une mani\u00e8re claire de r\u00e9affirmer sa place au sommet du Rassemblement national.\n                                    <\/p>\n<p data-start=\"747\" data-end=\"1043\">Interrog\u00e9e le 28 mai\u00a0\u00e0 Noum\u00e9a sur la pertinence d\u2019associer Jordan Bardella aux discussions sur l\u2019avenir de la Nouvelle-Cal\u00e9donie, Marine Le Pen a d\u00e9clar\u00e9 : \u00ab\u00a0Je ne suis pas s\u00fbre que Jordan, pour le coup, connaisse tr\u00e8s bien les probl\u00e9matiques de la Nouvelle-Cal\u00e9donie. On partage nos talents, dirons-nous\u00a0\u00bb.<\/p>\n<p data-start=\"1045\" data-end=\"1581\">Ce propos a \u00e9t\u00e9 largement relay\u00e9 et per\u00e7u comme un recadrage net, dans un contexte o\u00f9 Bardella affiche de plus en plus clairement ses ambitions pr\u00e9sidentielles. Pr\u00e9sent le m\u00eame jour dans la commune de Beaucaire, le pr\u00e9sident du RN a cherch\u00e9 \u00e0 minimiser la port\u00e9e de la remarque\u202f: \u00ab\u00a0Je ne rentrerai pas dans le concours de la petite phrase. Vous extrapolez la r\u00e9ponse qu\u2019elle a faite \u00e0 votre confr\u00e8re\u00a0\u00bb. Il a \u00e9galement d\u00e9fendu sa position: \u00ab\u00a0Je connais tr\u00e8s bien les dossiers ultramarins et notamment le dossier de la Cal\u00e9donie fran\u00e7aise\u00a0\u00bb.<\/p>\n<p data-start=\"1583\" data-end=\"1894\">Ce n\u2019est pas la premi\u00e8re fois que Marine Le Pen intervient publiquement pour affirmer son r\u00f4le de leader. D\u00e9but mai, elle avait d\u00e9j\u00e0 rappel\u00e9, lors d\u2019un meeting \u00e0 Narbonne, qu\u2019elle restait candidate \u00e0 l\u2019\u00e9lection pr\u00e9sidentielle de 2027, en d\u00e9pit de sa condamnation en premi\u00e8re instance \u00e0 cinq ans d&rsquo;in\u00e9ligibilit\u00e9.<\/p>\n<h2 data-start=\"1896\" data-end=\"1955\"><strong data-start=\"1896\" data-end=\"1955\">Marine Le Pen se positionne au centre du jeu cal\u00e9donien<\/strong><\/h2>\n<p data-start=\"1957\" data-end=\"2682\">En visite en Nouvelle-Cal\u00e9donie, Marine Le Pen a rappel\u00e9 sa d\u00e9termination \u00e0 participer activement aux discussions pr\u00e9vues mi-juin \u00e0 Paris sur l\u2019avenir institutionnel de l\u2019archipel. Face \u00e0 un pouvoir central parisien jug\u00e9 peu cr\u00e9dible par une large partie de la population cal\u00e9donienne, la chef des d\u00e9put\u00e9s du Rassemblement national a d\u00e9clar\u00e9\u202f: \u00ab\u00a0Je suis candidate \u00e0 la pr\u00e9sidentielle et, par cons\u00e9quent, demain, je peux \u00eatre amen\u00e9e \u00e0 avoir une part active dans les d\u00e9cisions qui pourraient \u00eatre prises\u00a0\u00bb. Elle a pr\u00e9cis\u00e9 vouloir \u00e9crire \u00e0 Emmanuel Macron pour obtenir sa place \u00e0 la table des n\u00e9gociations, en insistant sur son implication ancienne et son score de 40\u202f% lors de la pr\u00e9sidentielle de 2022 sur l\u2019\u00eele.<\/p>\n<p data-start=\"2684\" data-end=\"3089\">Elle critique la m\u00e9thode du gouvernement, qu\u2019elle juge focalis\u00e9e sur les aspects institutionnels au d\u00e9triment de l\u2019\u00e9conomie locale. Elle appelle \u00e0 un dialogue incluant les acteurs \u00e9conomiques, politiques et communautaires, en rupture avec les d\u00e9marches impos\u00e9es depuis Paris. \u00ab\u00a0Je ne dis pas que je vais r\u00e9gler le probl\u00e8me, je dis que je pense que je peux apporter ma pierre \u00e0 l\u2019\u00e9difice\u00a0\u00bb, a-t-elle d\u00e9clar\u00e9.<\/p>\n<h2 data-start=\"3091\" data-end=\"3135\"><strong data-start=\"3091\" data-end=\"3135\">Une strat\u00e9gie assum\u00e9e\u202f: rester num\u00e9ro un<\/strong><\/h2>\n<p data-start=\"3137\" data-end=\"3547\">Malgr\u00e9 sa condamnation en premi\u00e8re instance \u00e0 cinq ans d\u2019in\u00e9ligibilit\u00e9, Marine Le Pen n\u2019entend pas c\u00e9der sa place. Elle conteste la d\u00e9cision et compte sur l\u2019appel pr\u00e9vu en 2026. Cit\u00e9e par BFM TV, elle a affirm\u00e9\u202f: \u00ab\u00a0Jordan Bardella a la stature pour \u00eatre Premier ministre parce que c\u2019est la responsabilit\u00e9 que je compte lui confier\u00a0\u00bb. Pour elle, la candidature \u00e0 l\u2019\u00c9lys\u00e9e reste son objectif personnel et l\u00e9gitime.<\/p>\n<p data-start=\"3549\" data-end=\"3866\">En Nouvelle-Cal\u00e9donie, elle a rencontr\u00e9 aussi bien des chefs d\u2019entreprise que des repr\u00e9sentants ind\u00e9pendantistes, avec l\u2019objectif d\u2019appara\u00eetre comme la seule capable de pacifier un territoire oubli\u00e9 par le pouvoir central.\u00a0<\/p>\n<\/div>\n<p><br \/>\n<br \/><a href=\"https:\/\/francais.rt.com\/france\/121366-marine-pen-recadre-bardella-depuis-nouvelle-caledonie-et-reaffirme-candidature-presidentielle-2027\" target=\"_blank\"\">Source link <\/a><\/p>\n","protected":false},"excerpt":{"rendered":"<p>Marine Le Pen a publiquement remis en cause la connaissance de Jordan Bardella du dossier cal\u00e9donien. En d\u00e9placement sur l\u2019archipel, elle affirme sa l\u00e9gitimit\u00e9 pr\u00e9sidentielle malgr\u00e9 sa condamnation et souhaite&hellip; <\/p>\n","protected":false},"author":1,"featured_media":9208,"comment_status":"open","ping_status":"open","sticky":false,"template":"","format":"standard","meta":{"footnotes":""},"categories":[1],"tags":[],"class_list":["post-9207","post","type-post","status-publish","format-standard","has-post-thumbnail","hentry","category-non-classe"],"_links":{"self":[{"href":"https:\/\/monde25.info\/index.php\/wp-json\/wp\/v2\/posts\/9207","targetHints":{"allow":["GET"]}}],"collection":[{"href":"https:\/\/monde25.info\/index.php\/wp-json\/wp\/v2\/posts"}],"about":[{"href":"https:\/\/monde25.info\/index.php\/wp-json\/wp\/v2\/types\/post"}],"author":[{"embeddable":true,"href":"https:\/\/monde25.info\/index.php\/wp-json\/wp\/v2\/users\/1"}],"replies":[{"embeddable":true,"href":"https:\/\/monde25.info\/index.php\/wp-json\/wp\/v2\/comments?post=9207"}],"version-history":[{"count":0,"href":"https:\/\/monde25.info\/index.php\/wp-json\/wp\/v2\/posts\/9207\/revisions"}],"wp:featuredmedia":[{"embeddable":true,"href":"https:\/\/monde25.info\/index.php\/wp-json\/wp\/v2\/media\/9208"}],"wp:attachment":[{"href":"https:\/\/monde25.info\/index.php\/wp-json\/wp\/v2\/media?parent=9207"}],"wp:term":[{"taxonomy":"category","embeddable":true,"href":"https:\/\/monde25.info\/index.php\/wp-json\/wp\/v2\/categories?post=9207"},{"taxonomy":"post_tag","embeddable":true,"href":"https:\/\/monde25.info\/index.php\/wp-json\/wp\/v2\/tags?post=9207"}],"curies":[{"name":"wp","href":"https:\/\/api.w.org\/{rel}","templated":true}]}}