{"id":9214,"date":"2025-05-30T01:17:40","date_gmt":"2025-05-29T23:17:40","guid":{"rendered":"https:\/\/monde25.info\/index.php\/2025\/05\/30\/crise-climatique-la-justice-allemande-reconnait-la-responsabilite-des-energeticiens\/"},"modified":"2025-05-30T01:17:40","modified_gmt":"2025-05-29T23:17:40","slug":"crise-climatique-la-justice-allemande-reconnait-la-responsabilite-des-energeticiens","status":"publish","type":"post","link":"https:\/\/monde25.info\/index.php\/2025\/05\/30\/crise-climatique-la-justice-allemande-reconnait-la-responsabilite-des-energeticiens\/","title":{"rendered":"Crise climatique\u00a0: la justice allemande reconna\u00eet la responsabilit\u00e9 des \u00e9nerg\u00e9ticiens"},"content":{"rendered":"<p> <br \/>\n<br \/><img loading=\"lazy\" decoding=\"async\" src=\"https:\/\/reporterre.net\/local\/cache-vignettes\/L700xH467\/afp__20250528__48dd4zp__v1__highres__filesperugermanyclimatecourtrwe_1_-f2985.jpg?1748438624\" class=\"spip_logo\" width=\"700\" height=\"467\" alt=\"\" \/><\/p>\n<p>Les \u00e9nerg\u00e9ticiens ont une responsabilit\u00e9 mondiale dans les d\u00e9g\u00e2ts caus\u00e9s par le changement climatique, auquel ils contribuent via leurs \u00e9missions de carbone, selon la justice allemande. C&rsquo;est ce qu&rsquo;a \u00e9tabli la cour d&rsquo;appel de Hamm, en Allemagne, le 28\u00a0mai. Elle rendait son jugement concernant la plainte d&rsquo;un paysan p\u00e9ruvien contre l&rsquo;\u00e9nerg\u00e9ticien allemand <span class=\"caps\">RWE<\/span>. <br class=\"autobr\" \/><br \/>\nSa\u00fal Luciano Lliuya, natif des Andes p\u00e9ruviennes, avait engag\u00e9 une action en justice d\u00e8s 2017, comme le racontait alors Reporterre.\u00a0(\u2026)<\/p>\n<p>                    <a target=\"_blank\" href=\"https:\/\/reporterre.net\/Crise-climatique-la-justice-allemande-reconnait-la-responsabilite-des-energeticiens?utm_source=RSS&amp;utm_medium=RSS\">Lire la suite<\/a><\/p>\n<p>                    &#8211;<br \/>\n                        <a target=\"_blank\" href=\"https:\/\/reporterre.net\/Breves-20\" rel=\"directory\">En bref<\/a><\/p>\n<p>                    \/<br \/>\n                        <a target=\"_blank\" href=\"https:\/\/reporterre.net\/International\" rel=\"tag\">Monde<\/a><br \/>\n                    ,<br \/>\n                        <a target=\"_blank\" href=\"https:\/\/reporterre.net\/Justice\" rel=\"tag\">Justice<\/a><br \/>\n<br \/><br \/>\n<br \/><a href=\"https:\/\/reporterre.net\/Crise-climatique-la-justice-allemande-reconnait-la-responsabilite-des-energeticiens\" target=\"_blank\"\">Source link <\/a><\/p>\n","protected":false},"excerpt":{"rendered":"<p>Les \u00e9nerg\u00e9ticiens ont une responsabilit\u00e9 mondiale dans les d\u00e9g\u00e2ts caus\u00e9s par le changement climatique, auquel ils contribuent via leurs \u00e9missions de carbone, selon la justice allemande. C&rsquo;est ce qu&rsquo;a \u00e9tabli&hellip; <\/p>\n","protected":false},"author":1,"featured_media":0,"comment_status":"open","ping_status":"open","sticky":false,"template":"","format":"standard","meta":{"footnotes":""},"categories":[1],"tags":[],"class_list":["post-9214","post","type-post","status-publish","format-standard","hentry","category-non-classe"],"_links":{"self":[{"href":"https:\/\/monde25.info\/index.php\/wp-json\/wp\/v2\/posts\/9214","targetHints":{"allow":["GET"]}}],"collection":[{"href":"https:\/\/monde25.info\/index.php\/wp-json\/wp\/v2\/posts"}],"about":[{"href":"https:\/\/monde25.info\/index.php\/wp-json\/wp\/v2\/types\/post"}],"author":[{"embeddable":true,"href":"https:\/\/monde25.info\/index.php\/wp-json\/wp\/v2\/users\/1"}],"replies":[{"embeddable":true,"href":"https:\/\/monde25.info\/index.php\/wp-json\/wp\/v2\/comments?post=9214"}],"version-history":[{"count":0,"href":"https:\/\/monde25.info\/index.php\/wp-json\/wp\/v2\/posts\/9214\/revisions"}],"wp:attachment":[{"href":"https:\/\/monde25.info\/index.php\/wp-json\/wp\/v2\/media?parent=9214"}],"wp:term":[{"taxonomy":"category","embeddable":true,"href":"https:\/\/monde25.info\/index.php\/wp-json\/wp\/v2\/categories?post=9214"},{"taxonomy":"post_tag","embeddable":true,"href":"https:\/\/monde25.info\/index.php\/wp-json\/wp\/v2\/tags?post=9214"}],"curies":[{"name":"wp","href":"https:\/\/api.w.org\/{rel}","templated":true}]}}