{"id":9217,"date":"2025-05-30T02:23:47","date_gmt":"2025-05-30T00:23:47","guid":{"rendered":"https:\/\/monde25.info\/index.php\/2025\/05\/30\/largentine-officialise-son-retrait-de-loms-lors-de-la-visite-de-robert-f-kennedy-jr\/"},"modified":"2025-05-30T02:23:47","modified_gmt":"2025-05-30T00:23:47","slug":"largentine-officialise-son-retrait-de-loms-lors-de-la-visite-de-robert-f-kennedy-jr","status":"publish","type":"post","link":"https:\/\/monde25.info\/index.php\/2025\/05\/30\/largentine-officialise-son-retrait-de-loms-lors-de-la-visite-de-robert-f-kennedy-jr\/","title":{"rendered":"L\u2019Argentine officialise son retrait de l\u2019OMS lors de la visite de Robert F. Kennedy Jr."},"content":{"rendered":"<p> <br \/>\n<\/p>\n<div>\n<p>Le 27 mai 2025, l\u2019Argentine a <a target=\"_blank\" href=\"https:\/\/www.theguardian.com\/world\/2025\/may\/27\/argentina-who-rfk-jr?CMP=share_btn_url\">r\u00e9affirm\u00e9 sa d\u00e9cision de se retirer de l\u2019Organisation mondiale de la sant\u00e9<\/a> (OMS), une annonce co\u00efncidant avec la visite \u00e0 Buenos Aires de Robert F. Kennedy Jr., secr\u00e9taire am\u00e9ricain \u00e0 la Sant\u00e9 et aux Services humains. Cette d\u00e9marche, initialement d\u00e9clar\u00e9e en f\u00e9vrier par le pr\u00e9sident Javier Milei, s\u2019inscrit dans une volont\u00e9 de rompre avec les institutions internationales per\u00e7ues comme contraires aux int\u00e9r\u00eats nationaux et de s\u2019aligner sur la politique de l\u2019administration Trump, qui a \u00e9galement quitt\u00e9 l\u2019OMS en janvier 2025.<\/p>\n<h5><strong>Contexte et justification du retrait<\/strong><\/h5>\n<p>Le gouvernement argentin, dirig\u00e9 par Javier Milei, un libertarien \u00ab\u00a0<em>anarcho-capitaliste<\/em>\u00a0\u00bb et fervent soutien de Donald Trump, a justifi\u00e9 cette d\u00e9cision par des critiques virulentes envers la gestion de l\u2019OMS, notamment pendant la pand\u00e9mie de Covid-19. Dans un <a target=\"_blank\" href=\"https:\/\/www.theguardian.com\/world\/2025\/may\/27\/argentina-who-rfk-jr?CMP=share_btn_url\">communiqu\u00e9 officiel<\/a>, l\u2019administration Milei a d\u00e9nonc\u00e9 les recommandations de l\u2019OMS comme \u00e9tant \u00ab\u00a0<em>non bas\u00e9es sur la science, mais sur des int\u00e9r\u00eats politiques et des structures bureaucratiques refusant de reconna\u00eetre leurs erreurs<\/em>\u00a0\u00bb. Elle a qualifi\u00e9 les mesures de confinement impos\u00e9es durant la pand\u00e9mie de \u00ab\u00a0<em>quarantaine de l\u2019\u00e2ge de pierre<\/em>\u00a0\u00bb ayant caus\u00e9 des dommages \u00e9conomiques majeurs.<\/p>\n<p>Milei, qui avait d\u00e9j\u00e0 critiqu\u00e9 l\u2019OMS lors <a target=\"_blank\" href=\"https:\/\/webtv.un.org\/en\/asset\/k1b\/k1bgfuqsqs\">de son discours<\/a> \u00e0 l\u2019Assembl\u00e9e g\u00e9n\u00e9rale des Nations Unies en septembre 2024, a accus\u00e9 l\u2019organisation d\u2019\u00eatre l\u2019\u00a0\u00ab\u00a0<em>ex\u00e9cutante de la plus grande exp\u00e9rimentation de contr\u00f4le social de l\u2019histoire<\/em>\u00a0\u00bb. Ces critiques font \u00e9cho \u00e0 <a target=\"_blank\" href=\"https:\/\/www.francesoir.fr\/politique-monde-societe-sante\/robert-f-kennedy-jr-l-oms-une-critique-aigue-et-un-appel-la-reforme\">celles de Robert F. Kennedy Jr<\/a>., qui, accuse l\u2019OMS d\u2019\u00eatre influenc\u00e9e par des int\u00e9r\u00eats pharmaceutiques et politiques, plaidant pour une r\u00e9forme radicale.<\/p>\n<h5><strong>La visite de RFK Jr. et la coop\u00e9ration bilat\u00e9rale<\/strong><\/h5>\n<p>La visite de Robert F. Kennedy Jr. \u00e0 Buenos Aires, les 26 et 27 mai 2025, a marqu\u00e9 un moment cl\u00e9 dans l\u2019alignement strat\u00e9gique entre l\u2019Argentine et les \u00c9tats-Unis. Kennedy, connu pour son scepticisme envers les vaccins et sa critique des institutions mondiales, a rencontr\u00e9 le pr\u00e9sident Milei, le ministre de la Sant\u00e9 Mario Lugones, ainsi que d\u2019autres responsables, dont le ministre des Affaires \u00e9trang\u00e8res Gerardo Werthein et le ministre de la D\u00e9r\u00e9glementation Federico Sturzenegger. Ces <a target=\"_blank\" href=\"https:\/\/www.theguardian.com\/world\/2025\/may\/27\/argentina-who-rfk-jr?CMP=share_btn_url\">discussions ont port\u00e9 sur la cr\u00e9ation d\u2019un<\/a> \u00ab\u00a0<em>nouveau syst\u00e8me de sant\u00e9 international<\/em>\u00a0\u00bb bas\u00e9 sur la \u00ab\u00a0<em>science de r\u00e9f\u00e9rence, la transparence, la souverainet\u00e9 et la responsabilit\u00e9<\/em>\u00a0\u00bb.<\/p>\n<p>Dans un message publi\u00e9 sur X le 27 mai, Kennedy a d\u00e9clar\u00e9 : \u00ab\u00a0<em>J\u2019ai eu une rencontre merveilleuse avec le pr\u00e9sident Milei pour discuter du retrait mutuel de nos nations de l\u2019OMS et de la cr\u00e9ation d\u2019un syst\u00e8me de sant\u00e9 international alternatif, bas\u00e9 sur une science de haut niveau et libre de corruption<\/em>\u00a0\u00bb . Cette vision s\u2019aligne sur les critiques formul\u00e9es par Kennedy, qui, <a target=\"_blank\" href=\"https:\/\/www.francesoir.fr\/politique-monde-societe-sante\/robert-f-kennedy-jr-l-oms-une-critique-aigue-et-un-appel-la-reforme\">d\u00e9nonce l\u2019OMS pour sa politisation et son manque de transparence<\/a>.<\/p>\n<p>Le ministre argentin de la Sant\u00e9, Mario Lugones, a soulign\u00e9 que cette coop\u00e9ration vise \u00e0 \u00ab\u00a0<em>renforcer la transparence et la confiance dans le syst\u00e8me de sant\u00e9<\/em>\u00a0\u00bb, en mettant l\u2019accent sur une m\u00e9decine pr\u00e9ventive et des r\u00e9formes pour \u00e9liminer les inefficacit\u00e9s bureaucratiques. L\u2019Argentine a annonc\u00e9 une r\u00e9vision de ses agences de sant\u00e9 nationales pour <a target=\"_blank\" href=\"https:\/\/www.theguardian.com\/world\/2025\/may\/27\/argentina-who-rfk-jr?CMP=share_btn_url\">promouvoir un mod\u00e8le ax\u00e9<\/a> sur la \u00ab\u00a0<em>preuve scientifique<\/em>\u00a0\u00bb et la \u00ab\u00a0<em>sant\u00e9 des citoyens<\/em>\u00a0\u00bb.<\/p>\n<h5><strong>R\u00e9actions et implications<\/strong><\/h5>\n<p>La d\u00e9cision de l\u2019Argentine a suscit\u00e9 des critiques, notamment de l\u2019opposition et des experts en sant\u00e9. Le d\u00e9put\u00e9 Gabriel Solano a qualifi\u00e9 Milei de \u00ab<em>\u00a0<\/em><a target=\"_blank\" href=\"https:\/\/x.com\/Solanopo\/status\/1887141301725843763\"><em>marionnette totale de Trump<\/em><\/a>\u00a0\u00bb sur X, tandis que des analystes comme Alejandro Frenkel et Juan Gabriel Tokatlian ont averti que ce retrait pourrait isoler l\u2019Argentine en cas de future crise sanitaire mondiale, <a target=\"_blank\" href=\"https:\/\/www.theguardian.com\/world\/2025\/may\/27\/argentina-who-rfk-jr?CMP=share_btn_url\">en limitant l\u2019acc\u00e8s aux informations et \u00e0 la coop\u00e9ration internationale<\/a>. De plus, certains ont soulign\u00e9 que le retrait n\u00e9cessite l\u2019approbation du Congr\u00e8s argentin, ce qui pourrait compliquer sa mise en \u0153uvre, car la relation avec l\u2019OMS est encadr\u00e9e par une loi nationale.<\/p>\n<p>Sur le plan financier, l\u2019impact du retrait argentin est limit\u00e9, l\u2019Argentine contribuant \u00e0 hauteur de 8 millions de dollars au budget biennal de l\u2019OMS de 6,9 milliards de dollars. Cependant, combin\u00e9e au retrait des \u00c9tats-Unis, principal contributeur avec environ 950 millions de dollars, cette d\u00e9cision fragilise la coop\u00e9ration mondiale en mati\u00e8re de sant\u00e9, notamment face \u00e0 des menaces comme Ebola ou le Mpox. Ces retraits successifs placent l\u2019OMS \u00ab\u00a0<a target=\"_blank\" href=\"https:\/\/www.francesoir.fr\/politique-monde-societe-sante\/l-oms-au-bord-du-gouffre-financier-le-prix-d-une-politisation-de-la\"><em>au bord du gouffre financier\u00a0<\/em><\/a>\u00bb, amplifiant les d\u00e9fis li\u00e9s \u00e0 la politisation de l\u2019organisation <a target=\"_blank\" href=\"https:\/\/www.francesoir.fr\/politique-monde-societe-sante\/l-oms-au-bord-du-gouffre-financier-le-prix-d-une-politisation-de-la\"><em>France-Soir<\/em><\/a>. L\u2019OMS a officiellement regrett\u00e9 le retrait des \u00c9tats-Unis, un pr\u00e9c\u00e9dent qui pourrait encourager d\u2019autres nations \u00e0 suivre, <a target=\"_blank\" href=\"https:\/\/www.francesoir.fr\/politique-monde\/l-oms-regrette-le-retrait-des-etats-unis-decrete-par-trump\">comme le rapporte <em>France-Soir<\/em><\/a>.<\/p>\n<h5><strong>Une alliance strat\u00e9gique avec les \u00c9tats-Unis<\/strong><\/h5>\n<p>Ce retrait s\u2019inscrit dans un contexte de rapprochement entre Milei et l\u2019administration Trump. Milei, qui a assist\u00e9 \u00e0 l\u2019investiture de Trump en janvier 2025 et fut le premier chef d\u2019\u00c9tat \u00e0 le rencontrer apr\u00e8s son \u00e9lection, cherche \u00e0 renforcer les liens avec Washington. Cette <a target=\"_blank\" href=\"https:\/\/www.theguardian.com\/world\/2025\/may\/27\/argentina-who-rfk-jr?CMP=share_btn_url\">convergence s\u2019\u00e9tend \u00e0 d\u2019autres domaines<\/a>, comme le projet de sortie de l\u2019accord de Paris sur le climat et la construction d\u2019une barri\u00e8re de 200 m\u00e8tres \u00e0 la fronti\u00e8re bolivienne pour lutter contre l\u2019immigration et le trafic de drogue.<\/p>\n<p>Cependant, des experts comme Tokatlian mettent en garde contre les risques d\u2019une d\u00e9pendance excessive envers les \u00c9tats-Unis, soulignant que l\u2019Argentine, en tant que pays p\u00e9riph\u00e9rique, pourrait ne pas b\u00e9n\u00e9ficier des m\u00eames avantages qu\u2019une grande puissance comme les \u00c9tats-Unis.<\/p>\n<p>\u00a0<\/p>\n<p>Le retrait de l\u2019Argentine de l\u2019OMS, officialis\u00e9 lors de la visite de Robert F. Kennedy Jr., marque une rupture significative dans la politique sanitaire internationale du pays. En s\u2019alignant sur les \u00c9tats-Unis et en d\u00e9non\u00e7ant l\u2019OMS, Milei et Kennedy ambitionnent de cr\u00e9er une alternative mondiale ax\u00e9e sur la souverainet\u00e9 nationale et la science ind\u00e9pendante. Cependant, cette d\u00e9cision suscite des inqui\u00e9tudes quant \u00e0 l\u2019isolement potentiel de l\u2019Argentine et soul\u00e8ve des questions sur l\u2019avenir de la coop\u00e9ration mondiale en mati\u00e8re de sant\u00e9. Alors que Milei continue de suivre la voie trac\u00e9e par Trump, l\u2019Argentine se positionne comme un acteur cl\u00e9 dans ce mouvement de d\u00e9fiance envers les institutions internationales.<\/p>\n<p>\u00a0<\/p>\n<\/div>\n<p><script>(function(d, s, id) {  var js, fjs = d.getElementsByTagName(s)[0];  if (d.getElementById(id)) return;  js = d.createElement(s); js.id = id;  js.src = \"\/\/connect.facebook.net\/fr_FR\/sdk.js#xfbml=1&version=v2.3\";  fjs.parentNode.insertBefore(js, fjs);}(document, \"script\", \"facebook-jssdk\"));<\/script><br \/>\n<br \/><br \/>\n<br \/><a href=\"https:\/\/www.francesoir.fr\/politique-monde\/l-argentine-officialise-son-retrait-de-l-oms-lors-de-la-visite-de-robert-f-kennedy\" target=\"_blank\"\">Source link <\/a><\/p>\n","protected":false},"excerpt":{"rendered":"<p>Le 27 mai 2025, l\u2019Argentine a r\u00e9affirm\u00e9 sa d\u00e9cision de se retirer de l\u2019Organisation mondiale de la sant\u00e9 (OMS), une annonce co\u00efncidant avec la visite \u00e0 Buenos Aires de Robert&hellip; <\/p>\n","protected":false},"author":1,"featured_media":9218,"comment_status":"open","ping_status":"open","sticky":false,"template":"","format":"standard","meta":{"footnotes":""},"categories":[1],"tags":[],"class_list":["post-9217","post","type-post","status-publish","format-standard","has-post-thumbnail","hentry","category-non-classe"],"_links":{"self":[{"href":"https:\/\/monde25.info\/index.php\/wp-json\/wp\/v2\/posts\/9217","targetHints":{"allow":["GET"]}}],"collection":[{"href":"https:\/\/monde25.info\/index.php\/wp-json\/wp\/v2\/posts"}],"about":[{"href":"https:\/\/monde25.info\/index.php\/wp-json\/wp\/v2\/types\/post"}],"author":[{"embeddable":true,"href":"https:\/\/monde25.info\/index.php\/wp-json\/wp\/v2\/users\/1"}],"replies":[{"embeddable":true,"href":"https:\/\/monde25.info\/index.php\/wp-json\/wp\/v2\/comments?post=9217"}],"version-history":[{"count":0,"href":"https:\/\/monde25.info\/index.php\/wp-json\/wp\/v2\/posts\/9217\/revisions"}],"wp:featuredmedia":[{"embeddable":true,"href":"https:\/\/monde25.info\/index.php\/wp-json\/wp\/v2\/media\/9218"}],"wp:attachment":[{"href":"https:\/\/monde25.info\/index.php\/wp-json\/wp\/v2\/media?parent=9217"}],"wp:term":[{"taxonomy":"category","embeddable":true,"href":"https:\/\/monde25.info\/index.php\/wp-json\/wp\/v2\/categories?post=9217"},{"taxonomy":"post_tag","embeddable":true,"href":"https:\/\/monde25.info\/index.php\/wp-json\/wp\/v2\/tags?post=9217"}],"curies":[{"name":"wp","href":"https:\/\/api.w.org\/{rel}","templated":true}]}}