{"id":9227,"date":"2025-05-30T06:46:39","date_gmt":"2025-05-30T04:46:39","guid":{"rendered":"https:\/\/monde25.info\/index.php\/2025\/05\/30\/lgv-lyon-turin-un-convoi-a-velo-pour-alerter-les-habitants-des-ravages-du-trace\/"},"modified":"2025-05-30T06:46:39","modified_gmt":"2025-05-30T04:46:39","slug":"lgv-lyon-turin-un-convoi-a-velo-pour-alerter-les-habitants-des-ravages-du-trace","status":"publish","type":"post","link":"https:\/\/monde25.info\/index.php\/2025\/05\/30\/lgv-lyon-turin-un-convoi-a-velo-pour-alerter-les-habitants-des-ravages-du-trace\/","title":{"rendered":"LGV Lyon-Turin\u00a0: un convoi \u00e0 v\u00e9lo pour alerter les habitants des ravages du trac\u00e9"},"content":{"rendered":"<p> <br \/>\n<br \/><img loading=\"lazy\" decoding=\"async\" src=\"https:\/\/reporterre.net\/local\/cache-vignettes\/L700xH467\/antoine_boureau_lyon_turin06-e9ae0.jpg?1748434863\" class=\"spip_logo\" width=\"700\" height=\"467\" alt=\"\" \/><\/p>\n<p>Pendant neuf jours, un convoi de v\u00e9los part \u00e0 la rencontre des habitants du trac\u00e9 fran\u00e7ais de la <span class=\"caps\">LGV<\/span> Lyon-Turin. Reporterre a fait un bout d&rsquo;\u00e9tape avec les opposants \u00e0 ce projet pharaonique. <br class=\"autobr\" \/><br \/>\nEntre l&rsquo;\u00e9tang de Malseroud (Is\u00e8re) et Avressieux (Savoie), reportage <br class=\"autobr\" \/><br \/>\nDes dizaines de v\u00e9los, charg\u00e9s de sacoches et de mat\u00e9riel de camping, sont parqu\u00e9s \u00e0 la lisi\u00e8re du petit bois qui jouxte l&rsquo;\u00e9tang de Malseroud (Is\u00e8re). C&rsquo;est le lieu de la pause pique-nique en ce troisi\u00e8me jour des D\u00e9raillantes. Ce\u00a0(\u2026)<\/p>\n<p>                    <a target=\"_blank\" href=\"https:\/\/reporterre.net\/LGV-Lyon-Turin-un-convoi-a-velo-pour-alerter-les-habitants-des-ravages-du-trace?utm_source=RSS&amp;utm_medium=RSS\">Lire la suite<\/a><\/p>\n<p>                    &#8211;<br \/>\n                        <a target=\"_blank\" href=\"https:\/\/reporterre.net\/Reportage\" rel=\"directory\">Reportage<\/a><\/p>\n<p>                    \/<br \/>\n                        <a target=\"_blank\" href=\"https:\/\/reporterre.net\/Grands-projets-inutiles\" rel=\"tag\">Grands projets impos\u00e9s<\/a><br \/>\n                    ,<br \/>\n                        <a target=\"_blank\" href=\"https:\/\/reporterre.net\/Luttes\" rel=\"tag\">Luttes<\/a><br \/>\n                    ,<br \/>\n                        <a target=\"_blank\" href=\"https:\/\/reporterre.net\/Transports\" rel=\"tag\">Transports<\/a><br \/>\n<br \/><br \/>\n<br \/><a href=\"https:\/\/reporterre.net\/LGV-Lyon-Turin-un-convoi-a-velo-pour-alerter-les-habitants-des-ravages-du-trace\" target=\"_blank\"\">Source link <\/a><\/p>\n","protected":false},"excerpt":{"rendered":"<p>Pendant neuf jours, un convoi de v\u00e9los part \u00e0 la rencontre des habitants du trac\u00e9 fran\u00e7ais de la LGV Lyon-Turin. Reporterre a fait un bout d&rsquo;\u00e9tape avec les opposants \u00e0&hellip; <\/p>\n","protected":false},"author":1,"featured_media":0,"comment_status":"open","ping_status":"open","sticky":false,"template":"","format":"standard","meta":{"footnotes":""},"categories":[1],"tags":[],"class_list":["post-9227","post","type-post","status-publish","format-standard","hentry","category-non-classe"],"_links":{"self":[{"href":"https:\/\/monde25.info\/index.php\/wp-json\/wp\/v2\/posts\/9227","targetHints":{"allow":["GET"]}}],"collection":[{"href":"https:\/\/monde25.info\/index.php\/wp-json\/wp\/v2\/posts"}],"about":[{"href":"https:\/\/monde25.info\/index.php\/wp-json\/wp\/v2\/types\/post"}],"author":[{"embeddable":true,"href":"https:\/\/monde25.info\/index.php\/wp-json\/wp\/v2\/users\/1"}],"replies":[{"embeddable":true,"href":"https:\/\/monde25.info\/index.php\/wp-json\/wp\/v2\/comments?post=9227"}],"version-history":[{"count":0,"href":"https:\/\/monde25.info\/index.php\/wp-json\/wp\/v2\/posts\/9227\/revisions"}],"wp:attachment":[{"href":"https:\/\/monde25.info\/index.php\/wp-json\/wp\/v2\/media?parent=9227"}],"wp:term":[{"taxonomy":"category","embeddable":true,"href":"https:\/\/monde25.info\/index.php\/wp-json\/wp\/v2\/categories?post=9227"},{"taxonomy":"post_tag","embeddable":true,"href":"https:\/\/monde25.info\/index.php\/wp-json\/wp\/v2\/tags?post=9227"}],"curies":[{"name":"wp","href":"https:\/\/api.w.org\/{rel}","templated":true}]}}