{"id":9244,"date":"2025-05-30T13:55:34","date_gmt":"2025-05-30T11:55:34","guid":{"rendered":"https:\/\/monde25.info\/index.php\/2025\/05\/30\/la-maladie-du-manioc-une-plaie-pour-les-autochtones-guyanais\/"},"modified":"2025-05-30T13:55:34","modified_gmt":"2025-05-30T11:55:34","slug":"la-maladie-du-manioc-une-plaie-pour-les-autochtones-guyanais","status":"publish","type":"post","link":"https:\/\/monde25.info\/index.php\/2025\/05\/30\/la-maladie-du-manioc-une-plaie-pour-les-autochtones-guyanais\/","title":{"rendered":"La maladie du manioc, une plaie pour les autochtones guyanais"},"content":{"rendered":"<p> <br \/>\n<br \/><img loading=\"lazy\" decoding=\"async\" src=\"https:\/\/reporterre.net\/local\/cache-vignettes\/L700xH467\/camopi__22__resized-fd82d.jpg?1748590322\" class=\"spip_logo\" width=\"700\" height=\"467\" alt=\"\" \/><\/p>\n<p>Les champs de manioc, une racine fort consomm\u00e9e par les populations autochtones guyanaises, sont d\u00e9cim\u00e9s depuis quatre ans par un champignon. \u00c0 Camopi, en Amazonie fran\u00e7aise, les habitants tentent difficilement de s&rsquo;adapter. <br class=\"autobr\" \/><br \/>\nCamopi (Guyane), reportage <br class=\"autobr\" \/><br \/>\nPour l&rsquo;\u0153il profane, rien ne laisse deviner le layon prenant forme sur la berge de l&rsquo;Oyapock, au milieu d&rsquo;une v\u00e9g\u00e9tation dense et \u00e0 moiti\u00e9 immerg\u00e9e. Au moment d&rsquo;accoster, le vrombissement de la pirogue, seul moyen de transport dans cette\u00a0(\u2026)<\/p>\n<p>                    <a target=\"_blank\" href=\"https:\/\/reporterre.net\/La-maladie-du-manioc-une-plaie-pour-les-autochtones-guyanais?utm_source=RSS&amp;utm_medium=RSS\">Lire la suite<\/a><\/p>\n<p>                    &#8211;<br \/>\n                        <a target=\"_blank\" href=\"https:\/\/reporterre.net\/Reportage\" rel=\"directory\">Reportage<\/a><\/p>\n<p>                    \/<br \/>\n                        <a target=\"_blank\" href=\"https:\/\/reporterre.net\/Agriculture\" rel=\"tag\">Agriculture<\/a><br \/>\n<br \/><br \/>\n<br \/><a href=\"https:\/\/reporterre.net\/La-maladie-du-manioc-une-plaie-pour-les-autochtones-guyanais\" target=\"_blank\"\">Source link <\/a><\/p>\n","protected":false},"excerpt":{"rendered":"<p>Les champs de manioc, une racine fort consomm\u00e9e par les populations autochtones guyanaises, sont d\u00e9cim\u00e9s depuis quatre ans par un champignon. \u00c0 Camopi, en Amazonie fran\u00e7aise, les habitants tentent difficilement&hellip; <\/p>\n","protected":false},"author":1,"featured_media":0,"comment_status":"open","ping_status":"open","sticky":false,"template":"","format":"standard","meta":{"footnotes":""},"categories":[1],"tags":[],"class_list":["post-9244","post","type-post","status-publish","format-standard","hentry","category-non-classe"],"_links":{"self":[{"href":"https:\/\/monde25.info\/index.php\/wp-json\/wp\/v2\/posts\/9244","targetHints":{"allow":["GET"]}}],"collection":[{"href":"https:\/\/monde25.info\/index.php\/wp-json\/wp\/v2\/posts"}],"about":[{"href":"https:\/\/monde25.info\/index.php\/wp-json\/wp\/v2\/types\/post"}],"author":[{"embeddable":true,"href":"https:\/\/monde25.info\/index.php\/wp-json\/wp\/v2\/users\/1"}],"replies":[{"embeddable":true,"href":"https:\/\/monde25.info\/index.php\/wp-json\/wp\/v2\/comments?post=9244"}],"version-history":[{"count":0,"href":"https:\/\/monde25.info\/index.php\/wp-json\/wp\/v2\/posts\/9244\/revisions"}],"wp:attachment":[{"href":"https:\/\/monde25.info\/index.php\/wp-json\/wp\/v2\/media?parent=9244"}],"wp:term":[{"taxonomy":"category","embeddable":true,"href":"https:\/\/monde25.info\/index.php\/wp-json\/wp\/v2\/categories?post=9244"},{"taxonomy":"post_tag","embeddable":true,"href":"https:\/\/monde25.info\/index.php\/wp-json\/wp\/v2\/tags?post=9244"}],"curies":[{"name":"wp","href":"https:\/\/api.w.org\/{rel}","templated":true}]}}