{"id":9253,"date":"2025-05-30T17:13:52","date_gmt":"2025-05-30T15:13:52","guid":{"rendered":"https:\/\/monde25.info\/index.php\/2025\/05\/30\/ta-reconnaissance-est-un-papier-qui-sera-jete-a-la-poubelle-rt-en-francais\/"},"modified":"2025-05-30T17:13:52","modified_gmt":"2025-05-30T15:13:52","slug":"ta-reconnaissance-est-un-papier-qui-sera-jete-a-la-poubelle-rt-en-francais","status":"publish","type":"post","link":"https:\/\/monde25.info\/index.php\/2025\/05\/30\/ta-reconnaissance-est-un-papier-qui-sera-jete-a-la-poubelle-rt-en-francais\/","title":{"rendered":"\u00ab Ta reconnaissance est un papier qui sera jet\u00e9 \u00e0 la poubelle \u00bb \u2014 RT en fran\u00e7ais"},"content":{"rendered":"<p> <br \/>\n<br \/><img decoding=\"async\" src=\"https:\/\/mf.b37mrtl.ru\/french\/images\/2025.05\/thumbnail\/6839bd426f7ccc549b30b4e2.jpg\" \/><\/p>\n<div>\n<p class=\"text__summary\">\n                                        Dans une vid\u00e9o publi\u00e9e le 30 mai, le ministre isra\u00e9lien de la D\u00e9fense, Isra\u00ebl Katz, a adress\u00e9 un message au pr\u00e9sident fran\u00e7ais, affirmant que la reconnaissance annonc\u00e9e de l&rsquo;\u00c9tat palestinien ne serait qu\u2019un papier qui serait \u00abjet\u00e9 \u00e0 la poubelle\u00bb.\n                                    <\/p>\n<p>Au lendemain de l\u2019annonce par le gouvernement isra\u00e9lien d\u2019un projet majeur d\u2019expansion des implantations juives en Cisjordanie, le ministre de la D\u00e9fense, Isra\u00ebl Katz, s\u2019est rendu dans un avant-poste au nord de la Cisjordanie, d\u2019o\u00f9 il a adress\u00e9 un message au pr\u00e9sident fran\u00e7ais, Emmanuel Macron.<\/p>\n<p>\u00ab\u00a0C\u2019est [&#8230;] un message clair [au pr\u00e9sident fran\u00e7ais Emmanuel] Macron et \u00e0 ses amis : ils reconna\u00eetront un \u00c9tat palestinien sur le papier, et nous construirons ici l\u2019\u00c9tat juif isra\u00e9lien sur le terrain\u00a0\u00bb, a d\u00e9clar\u00e9 le ministre isra\u00e9lien. Un projet d\u00e9nonc\u00e9 par le secr\u00e9taire g\u00e9n\u00e9ral de l\u2019ONU, Antonio Guterres, qui a appel\u00e9 Isra\u00ebl \u00e0 \u00ab\u00a0cesser toutes [ses] activit\u00e9s de colonisation\u00a0\u00bb, \u00ab\u00a0ill\u00e9gales et [faisant] obstacle \u00e0 la paix\u00a0\u00bb.<\/p>\n<p>Isra\u00ebl Katz a ajout\u00e9 que son pays avait l\u2019intention de \u00ab\u00a0construire l\u2019\u00c9tat juif isra\u00e9lien\u00a0\u00bb sur ce territoire palestinien occup\u00e9 par Isra\u00ebl depuis 1967. Quant \u00e0 la reconnaissance de la France d\u2019un \u00c9tat palestinien, \u00ab le papier sera jet\u00e9 \u00e0 la poubelle de l\u2019histoire, et l\u2019\u00c9tat d\u2019Isra\u00ebl prosp\u00e9rera et fleurira\u00a0\u00bb, a-t-il affirm\u00e9.<\/p>\n<h2>La reconnaissance de l&rsquo;\u00c9tat palestinien est \u00ab\u00a0une exigence politique\u00a0\u00bb<\/h2>\n<p>Le m\u00eame jour, le pr\u00e9sident fran\u00e7ais a d\u00e9clar\u00e9 lors d\u2019une conf\u00e9rence de presse \u00e0 Singapour que la reconnaissance d\u2019un \u00c9tat palestinien n\u2019\u00e9tait \u00ab pas simplement un devoir moral, mais une exigence politique \u00bb, tout en \u00e9num\u00e9rant plusieurs conditions \u00e0 remplir avant de franchir ce pas, \u00e0 l\u2019approche d\u2019une conf\u00e9rence de l\u2019ONU sur le sujet pr\u00e9vue le 18 juin.<\/p>\n<p>Le chef de l\u2019\u00c9tat fran\u00e7ais a par ailleurs appel\u00e9 les Europ\u00e9ens \u00e0 \u00ab\u00a0durcir la position collective\u00a0\u00bb contre Isra\u00ebl, \u00ab\u00a0s\u2019il n\u2019y a pas une r\u00e9ponse \u00e0 la hauteur de la situation humanitaire apport\u00e9e dans les prochaines heures et les prochains jours\u00a0\u00bb dans la bande de Gaza.<\/p>\n<\/div>\n<p><br \/>\n<br \/><a href=\"https:\/\/francais.rt.com\/international\/121410-israel-katz-emmanuel-macron-reconnaissance-palestine-gaza\" target=\"_blank\"\">Source link <\/a><\/p>\n","protected":false},"excerpt":{"rendered":"<p>Dans une vid\u00e9o publi\u00e9e le 30 mai, le ministre isra\u00e9lien de la D\u00e9fense, Isra\u00ebl Katz, a adress\u00e9 un message au pr\u00e9sident fran\u00e7ais, affirmant que la reconnaissance annonc\u00e9e de l&rsquo;\u00c9tat palestinien&hellip; <\/p>\n","protected":false},"author":1,"featured_media":9254,"comment_status":"open","ping_status":"open","sticky":false,"template":"","format":"standard","meta":{"footnotes":""},"categories":[1],"tags":[],"class_list":["post-9253","post","type-post","status-publish","format-standard","has-post-thumbnail","hentry","category-non-classe"],"_links":{"self":[{"href":"https:\/\/monde25.info\/index.php\/wp-json\/wp\/v2\/posts\/9253","targetHints":{"allow":["GET"]}}],"collection":[{"href":"https:\/\/monde25.info\/index.php\/wp-json\/wp\/v2\/posts"}],"about":[{"href":"https:\/\/monde25.info\/index.php\/wp-json\/wp\/v2\/types\/post"}],"author":[{"embeddable":true,"href":"https:\/\/monde25.info\/index.php\/wp-json\/wp\/v2\/users\/1"}],"replies":[{"embeddable":true,"href":"https:\/\/monde25.info\/index.php\/wp-json\/wp\/v2\/comments?post=9253"}],"version-history":[{"count":0,"href":"https:\/\/monde25.info\/index.php\/wp-json\/wp\/v2\/posts\/9253\/revisions"}],"wp:featuredmedia":[{"embeddable":true,"href":"https:\/\/monde25.info\/index.php\/wp-json\/wp\/v2\/media\/9254"}],"wp:attachment":[{"href":"https:\/\/monde25.info\/index.php\/wp-json\/wp\/v2\/media?parent=9253"}],"wp:term":[{"taxonomy":"category","embeddable":true,"href":"https:\/\/monde25.info\/index.php\/wp-json\/wp\/v2\/categories?post=9253"},{"taxonomy":"post_tag","embeddable":true,"href":"https:\/\/monde25.info\/index.php\/wp-json\/wp\/v2\/tags?post=9253"}],"curies":[{"name":"wp","href":"https:\/\/api.w.org\/{rel}","templated":true}]}}