{"id":9261,"date":"2025-05-30T21:04:33","date_gmt":"2025-05-30T19:04:33","guid":{"rendered":"https:\/\/monde25.info\/index.php\/2025\/05\/30\/la-guerre-a-gaza-genere-plus-de-gaz-a-effet-de-serre-quune-centaine-de-pays\/"},"modified":"2025-05-30T21:04:33","modified_gmt":"2025-05-30T19:04:33","slug":"la-guerre-a-gaza-genere-plus-de-gaz-a-effet-de-serre-quune-centaine-de-pays","status":"publish","type":"post","link":"https:\/\/monde25.info\/index.php\/2025\/05\/30\/la-guerre-a-gaza-genere-plus-de-gaz-a-effet-de-serre-quune-centaine-de-pays\/","title":{"rendered":"La guerre \u00e0 Gaza g\u00e9n\u00e8re plus de gaz \u00e0 effet de serre qu&#039;une centaine de pays"},"content":{"rendered":"<p> <br \/>\n<br \/><img loading=\"lazy\" decoding=\"async\" src=\"https:\/\/reporterre.net\/local\/cache-vignettes\/L700xH467\/54475471488_e34ea10724_5k_1_-a4aae.jpg?1748624015\" class=\"spip_logo\" width=\"700\" height=\"467\" alt=\"\" \/><\/p>\n<p>L&#8217;empreinte carbone de l&rsquo;offensive isra\u00e9lienne \u00e0 Gaza d\u00e9passe les \u00e9missions combin\u00e9es de gaz \u00e0 effet de serre du Costa Rica et de l&rsquo;Estonie, selon une \u00e9tude r\u00e9v\u00e9l\u00e9e par The Guardian. L&#8217;empreinte carbone des quinze premiers mois de la guerre d&rsquo;Isra\u00ebl contre Gaza serait plus importante que les \u00e9missions annuelles de gaz \u00e0 effet de serre d&rsquo;une centaine de pays, de quoi \u00ab<small class=\"fine d-inline\">\u00a0<\/small>exacerber l&rsquo;urgence climatique mondiale, en plus de l&rsquo;\u00e9norme nombre de victimes civiles<small class=\"fine d-inline\">\u00a0<\/small>\u00bb, souligne le journal britannique.\u00a0(\u2026)<\/p>\n<p>                    <a target=\"_blank\" href=\"https:\/\/reporterre.net\/La-guerre-a-Gaza-genere-plus-de-gaz-a-effet-de-serre-qu-une-centaine-de-pays?utm_source=RSS&amp;utm_medium=RSS\">Lire la suite<\/a><\/p>\n<p>                    &#8211;<br \/>\n                        <a target=\"_blank\" href=\"https:\/\/reporterre.net\/Breves-20\" rel=\"directory\">En bref<\/a><\/p>\n<p>                    \/<br \/>\n                        <a target=\"_blank\" href=\"https:\/\/reporterre.net\/International\" rel=\"tag\">Monde<\/a><br \/>\n                    ,<br \/>\n                        <a target=\"_blank\" href=\"https:\/\/reporterre.net\/Armee\" rel=\"tag\">Guerres et Arm\u00e9es<\/a><br \/>\n<br \/><br \/>\n<br \/><a href=\"https:\/\/reporterre.net\/La-guerre-a-Gaza-genere-plus-de-gaz-a-effet-de-serre-qu-une-centaine-de-pays\" target=\"_blank\"\">Source link <\/a><\/p>\n","protected":false},"excerpt":{"rendered":"<p>L&#8217;empreinte carbone de l&rsquo;offensive isra\u00e9lienne \u00e0 Gaza d\u00e9passe les \u00e9missions combin\u00e9es de gaz \u00e0 effet de serre du Costa Rica et de l&rsquo;Estonie, selon une \u00e9tude r\u00e9v\u00e9l\u00e9e par The Guardian.&hellip; <\/p>\n","protected":false},"author":1,"featured_media":0,"comment_status":"open","ping_status":"open","sticky":false,"template":"","format":"standard","meta":{"footnotes":""},"categories":[1],"tags":[],"class_list":["post-9261","post","type-post","status-publish","format-standard","hentry","category-non-classe"],"_links":{"self":[{"href":"https:\/\/monde25.info\/index.php\/wp-json\/wp\/v2\/posts\/9261","targetHints":{"allow":["GET"]}}],"collection":[{"href":"https:\/\/monde25.info\/index.php\/wp-json\/wp\/v2\/posts"}],"about":[{"href":"https:\/\/monde25.info\/index.php\/wp-json\/wp\/v2\/types\/post"}],"author":[{"embeddable":true,"href":"https:\/\/monde25.info\/index.php\/wp-json\/wp\/v2\/users\/1"}],"replies":[{"embeddable":true,"href":"https:\/\/monde25.info\/index.php\/wp-json\/wp\/v2\/comments?post=9261"}],"version-history":[{"count":0,"href":"https:\/\/monde25.info\/index.php\/wp-json\/wp\/v2\/posts\/9261\/revisions"}],"wp:attachment":[{"href":"https:\/\/monde25.info\/index.php\/wp-json\/wp\/v2\/media?parent=9261"}],"wp:term":[{"taxonomy":"category","embeddable":true,"href":"https:\/\/monde25.info\/index.php\/wp-json\/wp\/v2\/categories?post=9261"},{"taxonomy":"post_tag","embeddable":true,"href":"https:\/\/monde25.info\/index.php\/wp-json\/wp\/v2\/tags?post=9261"}],"curies":[{"name":"wp","href":"https:\/\/api.w.org\/{rel}","templated":true}]}}