{"id":9266,"date":"2025-05-30T22:43:35","date_gmt":"2025-05-30T20:43:35","guid":{"rendered":"https:\/\/monde25.info\/index.php\/2025\/05\/30\/a69-relancee-le-droit-de-lenvironnement-est-devenu-un-droit-a-polluer\/"},"modified":"2025-05-30T22:43:35","modified_gmt":"2025-05-30T20:43:35","slug":"a69-relancee-le-droit-de-lenvironnement-est-devenu-un-droit-a-polluer","status":"publish","type":"post","link":"https:\/\/monde25.info\/index.php\/2025\/05\/30\/a69-relancee-le-droit-de-lenvironnement-est-devenu-un-droit-a-polluer\/","title":{"rendered":"A69 relanc\u00e9e\u00a0: \u00ab\u00a0Le droit de l&#039;environnement est devenu un droit \u00e0 polluer\u00a0\u00bb"},"content":{"rendered":"<p> <br \/>\n<br \/><img loading=\"lazy\" decoding=\"async\" src=\"https:\/\/reporterre.net\/local\/cache-vignettes\/L700xH467\/afp__20250528__48e26nr__v1__highres__francetransportjusticetrialenvironmentconstruct_1_-6c407.jpg?1748615722\" class=\"spip_logo\" width=\"700\" height=\"467\" alt=\"\" \/><\/p>\n<p>La reprise du chantier de l&rsquo;A69 est une d\u00e9cision \u00ab<small class=\"fine d-inline\">\u00a0<\/small>absurde et r\u00e9voltante<small class=\"fine d-inline\">\u00a0<\/small>\u00bb, d\u00e9nonce la juriste Chlo\u00e9 Gerbier. Plus que jamais, selon elle, la justice ainsi pi\u00e9tin\u00e9e doit se penser avec les actions de terrain. <br class=\"autobr\" \/> Chlo\u00e9 Gerbier est juriste, membre du collectif Terres de luttes et a coordonn\u00e9 la r\u00e9daction du manuel juridique Lutter contre les projets impos\u00e9s et polluants (\u00e9d. Le Passager clandestin. R\u00e9volt\u00e9e par la d\u00e9cision de justice du 28\u00a0mai autorisant la reprise des travaux de l&rsquo;A69, la\u00a0(\u2026)<\/p>\n<p>                    <a target=\"_blank\" href=\"https:\/\/reporterre.net\/A69-relancee-Le-droit-de-l-environnement-est-devenu-un-droit-a-polluer?utm_source=RSS&amp;utm_medium=RSS\">Lire la suite<\/a><\/p>\n<p>                    &#8211;<br \/>\n                        <a target=\"_blank\" href=\"https:\/\/reporterre.net\/Entretien-19\" rel=\"directory\">Entretien<\/a><\/p>\n<p>                    \/<br \/>\n                        <a target=\"_blank\" href=\"https:\/\/reporterre.net\/Autoroutes\" rel=\"tag\">Autoroutes<\/a><br \/>\n                    ,<br \/>\n                        <a target=\"_blank\" href=\"https:\/\/reporterre.net\/A69\" rel=\"tag\">A69<\/a><br \/>\n<br \/><br \/>\n<br \/><a href=\"https:\/\/reporterre.net\/A69-relancee-Le-droit-de-l-environnement-est-devenu-un-droit-a-polluer\" target=\"_blank\"\">Source link <\/a><\/p>\n","protected":false},"excerpt":{"rendered":"<p>La reprise du chantier de l&rsquo;A69 est une d\u00e9cision \u00ab\u00a0absurde et r\u00e9voltante\u00a0\u00bb, d\u00e9nonce la juriste Chlo\u00e9 Gerbier. Plus que jamais, selon elle, la justice ainsi pi\u00e9tin\u00e9e doit se penser avec&hellip; <\/p>\n","protected":false},"author":1,"featured_media":0,"comment_status":"open","ping_status":"open","sticky":false,"template":"","format":"standard","meta":{"footnotes":""},"categories":[1],"tags":[],"class_list":["post-9266","post","type-post","status-publish","format-standard","hentry","category-non-classe"],"_links":{"self":[{"href":"https:\/\/monde25.info\/index.php\/wp-json\/wp\/v2\/posts\/9266","targetHints":{"allow":["GET"]}}],"collection":[{"href":"https:\/\/monde25.info\/index.php\/wp-json\/wp\/v2\/posts"}],"about":[{"href":"https:\/\/monde25.info\/index.php\/wp-json\/wp\/v2\/types\/post"}],"author":[{"embeddable":true,"href":"https:\/\/monde25.info\/index.php\/wp-json\/wp\/v2\/users\/1"}],"replies":[{"embeddable":true,"href":"https:\/\/monde25.info\/index.php\/wp-json\/wp\/v2\/comments?post=9266"}],"version-history":[{"count":0,"href":"https:\/\/monde25.info\/index.php\/wp-json\/wp\/v2\/posts\/9266\/revisions"}],"wp:attachment":[{"href":"https:\/\/monde25.info\/index.php\/wp-json\/wp\/v2\/media?parent=9266"}],"wp:term":[{"taxonomy":"category","embeddable":true,"href":"https:\/\/monde25.info\/index.php\/wp-json\/wp\/v2\/categories?post=9266"},{"taxonomy":"post_tag","embeddable":true,"href":"https:\/\/monde25.info\/index.php\/wp-json\/wp\/v2\/tags?post=9266"}],"curies":[{"name":"wp","href":"https:\/\/api.w.org\/{rel}","templated":true}]}}