{"id":9290,"date":"2025-05-31T09:42:46","date_gmt":"2025-05-31T07:42:46","guid":{"rendered":"https:\/\/monde25.info\/index.php\/2025\/05\/31\/de-la-terre-a-lassiette-ces-francais-pionniers-du-tofu-artisanal\/"},"modified":"2025-05-31T09:42:46","modified_gmt":"2025-05-31T07:42:46","slug":"de-la-terre-a-lassiette-ces-francais-pionniers-du-tofu-artisanal","status":"publish","type":"post","link":"https:\/\/monde25.info\/index.php\/2025\/05\/31\/de-la-terre-a-lassiette-ces-francais-pionniers-du-tofu-artisanal\/","title":{"rendered":"De la terre \u00e0 l&#039;assiette, ces Fran\u00e7ais pionniers du tofu artisanal"},"content":{"rendered":"<p> <br \/>\n<br \/><img loading=\"lazy\" decoding=\"async\" src=\"https:\/\/reporterre.net\/local\/cache-vignettes\/L700xH467\/20250416_reporterre_tofu_evaurys_045-a18c3.jpg?1748674134\" class=\"spip_logo\" width=\"700\" height=\"467\" alt=\"\" \/><\/p>\n<p>Elo\u00efse Quinton est l&rsquo;une des rares agricultrices en France \u00e0 fabriquer son tofu de A \u00e0 Z. Comme elle, d&rsquo;autres producteurs de tofu artisanal cherchent \u00e0 d\u00e9velopper la fili\u00e8re malgr\u00e9 les difficult\u00e9s. <br class=\"autobr\" \/><br \/>\nAllainville (Yvelines), reportage <br class=\"autobr\" \/><br \/>\nElo\u00efse Quinton se souvient encore du d\u00eener o\u00f9 elle a go\u00fbt\u00e9 pour la premi\u00e8re fois du tofu artisanal. C&rsquo;\u00e9tait en 2018, lors d&rsquo;un passage chez des amis tourangeaux. \u00ab<small class=\"fine d-inline\">\u00a0<\/small>J&rsquo;ai trouv\u00e9 la texture incroyable, \u00e7a changeait tellement de ce que j&rsquo;avais d\u00e9j\u00e0 mang\u00e9<small class=\"fine d-inline\">\u00a0<\/small>! se\u00a0(\u2026)<\/p>\n<p>                    <a target=\"_blank\" href=\"https:\/\/reporterre.net\/De-la-terre-a-l-assiette-ces-Francais-pionniers-du-tofu-artisanal?utm_source=RSS&amp;utm_medium=RSS\">Lire la suite<\/a><\/p>\n<p>                    &#8211;<br \/>\n                        <a target=\"_blank\" href=\"https:\/\/reporterre.net\/Reportage\" rel=\"directory\">Reportage<\/a><\/p>\n<p>                    \/<br \/>\n                        <a target=\"_blank\" href=\"https:\/\/reporterre.net\/Agriculture\" rel=\"tag\">Agriculture<\/a><br \/>\n                    ,<br \/>\n                        <a target=\"_blank\" href=\"https:\/\/reporterre.net\/Quotidien\" rel=\"tag\">Quotidien<\/a><br \/>\n                    ,<br \/>\n                        <a target=\"_blank\" href=\"https:\/\/reporterre.net\/Alternatives\" rel=\"tag\">Alternatives<\/a><br \/>\n<br \/><br \/>\n<br \/><a href=\"https:\/\/reporterre.net\/De-la-terre-a-l-assiette-ces-Francais-pionniers-du-tofu-artisanal\" target=\"_blank\"\">Source link <\/a><\/p>\n","protected":false},"excerpt":{"rendered":"<p>Elo\u00efse Quinton est l&rsquo;une des rares agricultrices en France \u00e0 fabriquer son tofu de A \u00e0 Z. Comme elle, d&rsquo;autres producteurs de tofu artisanal cherchent \u00e0 d\u00e9velopper la fili\u00e8re malgr\u00e9&hellip; <\/p>\n","protected":false},"author":1,"featured_media":0,"comment_status":"open","ping_status":"open","sticky":false,"template":"","format":"standard","meta":{"footnotes":""},"categories":[1],"tags":[],"class_list":["post-9290","post","type-post","status-publish","format-standard","hentry","category-non-classe"],"_links":{"self":[{"href":"https:\/\/monde25.info\/index.php\/wp-json\/wp\/v2\/posts\/9290","targetHints":{"allow":["GET"]}}],"collection":[{"href":"https:\/\/monde25.info\/index.php\/wp-json\/wp\/v2\/posts"}],"about":[{"href":"https:\/\/monde25.info\/index.php\/wp-json\/wp\/v2\/types\/post"}],"author":[{"embeddable":true,"href":"https:\/\/monde25.info\/index.php\/wp-json\/wp\/v2\/users\/1"}],"replies":[{"embeddable":true,"href":"https:\/\/monde25.info\/index.php\/wp-json\/wp\/v2\/comments?post=9290"}],"version-history":[{"count":0,"href":"https:\/\/monde25.info\/index.php\/wp-json\/wp\/v2\/posts\/9290\/revisions"}],"wp:attachment":[{"href":"https:\/\/monde25.info\/index.php\/wp-json\/wp\/v2\/media?parent=9290"}],"wp:term":[{"taxonomy":"category","embeddable":true,"href":"https:\/\/monde25.info\/index.php\/wp-json\/wp\/v2\/categories?post=9290"},{"taxonomy":"post_tag","embeddable":true,"href":"https:\/\/monde25.info\/index.php\/wp-json\/wp\/v2\/tags?post=9290"}],"curies":[{"name":"wp","href":"https:\/\/api.w.org\/{rel}","templated":true}]}}