{"id":9291,"date":"2025-05-31T10:15:37","date_gmt":"2025-05-31T08:15:37","guid":{"rendered":"https:\/\/monde25.info\/index.php\/2025\/05\/31\/top-10-des-actu-a-ne-pas-manquer-cette-semaine\/"},"modified":"2025-05-31T10:15:37","modified_gmt":"2025-05-31T08:15:37","slug":"top-10-des-actu-a-ne-pas-manquer-cette-semaine","status":"publish","type":"post","link":"https:\/\/monde25.info\/index.php\/2025\/05\/31\/top-10-des-actu-a-ne-pas-manquer-cette-semaine\/","title":{"rendered":"top 10 des actu \u00e0 ne pas manquer cette semaine"},"content":{"rendered":"<p> <br \/>\n<\/p>\n<div>\n<h3><strong>Voici nos 10 actualit\u00e9s \u00e0 ne surtout pas manquer cette semaine\u00a0<\/strong><\/h3>\n<h2><span style=\"font-weight: 400;\">1. Loi Dupont : les agriculteurs manifestent devant l\u2019Assembl\u00e9e nationale pour soutenir la loi contre les \u00e9cologistes<\/span><\/h2>\n<figure id=\"attachment_717495\" aria-describedby=\"caption-attachment-717495\" style=\"width: 1024px\" class=\"wp-caption alignnone\"><img fetchpriority=\"high\" decoding=\"async\" class=\"size-medium wp-image-717495\" src=\"https:\/\/mrmondialisation.org\/wp-content\/uploads\/2025\/05\/whatsapp-image-2025-05-20-a-143910-b88be7d8-1-1024x678.jpg\" alt=\"\" width=\"1024\" height=\"678\" srcset=\"https:\/\/mrmondialisation.org\/wp-content\/uploads\/2025\/05\/whatsapp-image-2025-05-20-a-143910-b88be7d8-1-1024x678.jpg 1024w, https:\/\/mrmondialisation.org\/wp-content\/uploads\/2025\/05\/whatsapp-image-2025-05-20-a-143910-b88be7d8-1-1524x1009.jpg 1524w, https:\/\/mrmondialisation.org\/wp-content\/uploads\/2025\/05\/whatsapp-image-2025-05-20-a-143910-b88be7d8-1-768x509.jpg 768w, https:\/\/mrmondialisation.org\/wp-content\/uploads\/2025\/05\/whatsapp-image-2025-05-20-a-143910-b88be7d8-1-1536x1017.jpg 1536w, https:\/\/mrmondialisation.org\/wp-content\/uploads\/2025\/05\/whatsapp-image-2025-05-20-a-143910-b88be7d8-1-2048x1356.jpg 2048w, https:\/\/mrmondialisation.org\/wp-content\/uploads\/2025\/05\/whatsapp-image-2025-05-20-a-143910-b88be7d8-1-696x461.jpg 696w, https:\/\/mrmondialisation.org\/wp-content\/uploads\/2025\/05\/whatsapp-image-2025-05-20-a-143910-b88be7d8-1-1068x707.jpg 1068w, https:\/\/mrmondialisation.org\/wp-content\/uploads\/2025\/05\/whatsapp-image-2025-05-20-a-143910-b88be7d8-1-634x420.jpg 634w\" sizes=\"(max-width: 1024px) 100vw, 1024px\"\/><figcaption id=\"caption-attachment-717495\" class=\"wp-caption-text\">Avec toutes autorisations \u2013 Unsplash \u2013 Gabriel<\/figcaption><\/figure>\n<p><span style=\"font-weight: 400;\">Des centaines d\u2019agriculteurs ont converg\u00e9, <strong>\u00e0 l\u2019appel du FNSEA et des Jeunes Agriculteurs,<\/strong> ce lundi 26 mai pour d\u00e9noncer \u00ab\u00a0l\u2019obstruction\u00a0\u00bb des d\u00e9put\u00e9s LFI et \u00e9cologistes \u00e0 l\u2019encontre d\u2019un texte visant \u00e0 \u00ab\u00a0lever les contraintes\u00a0\u00bb du m\u00e9tier d\u2019agriculteur. Ils d\u00e9fendent notamment <strong>l\u2019acc\u00e8s \u00e0 des pesticides,<\/strong> <strong>notamment les n\u00e9onicotino\u00efdes, hautement toxiques<\/strong> pour les pollinisateurs, et contribuant ainsi \u00e0 leur d\u00e9clin massif. (<\/span><a target=\"_blank\" href=\"https:\/\/www.liberation.fr\/environnement\/agriculture\/loi-duplomb-en-colere-les-agriculteurs-manifestent-devant-lassemblee-nationale-20250526_TF6LHDDU7ZBYRBCRGSJ2WYPT2M\/\"><span style=\"font-weight: 400;\">Lib\u00e9ration<\/span><\/a><span style=\"font-weight: 400;\">)<\/span><\/p>\n<h2><span style=\"font-weight: 400;\">2. La Russie continue de bombarder massivement l\u2019Ukraine<\/span><span style=\"font-weight: 400;\"><br \/><\/span><\/h2>\n<p><span style=\"font-weight: 400;\">Alors que des signaux de n\u00e9gociation \u00e9mergent, la Russie a lanc\u00e9 une attaque record de 355 drones sur l\u2019Ukraine, marquant une nouvelle escalade dans le conflit<\/span><span style=\"font-weight: 400;\">. Kiev d\u00e9nonce l\u2019\u00a0\u00bb impunit\u00e9\u00a0\u00bb de Moscou et appelle \u00e0 un renforcement des sanctions occidentales<\/span><span style=\"font-weight: 400;\">.<\/span><span style=\"font-weight: 400;\">\u00a0(<\/span><a target=\"_blank\" href=\"https:\/\/www.lemonde.fr\/international\/video\/2025\/04\/25\/la-russie-veut-un-accord-de-paix-mais-continue-de-bombarder-l-ukraine_6600000_3210.html\"><span style=\"font-weight: 400;\">LeMonde<\/span><\/a><span style=\"font-weight: 400;\">)<\/span><\/p>\n<h2><span style=\"font-weight: 400;\">3. La situation dans la bande de Gaza d\u00e9clar\u00e9e comme \u201cun nettoyage ethnique et un g\u00e9nocide\u201d par le Conseil de l\u2019Europe\u00a0<\/span><span style=\"font-weight: 400;\"><br \/><\/span><\/h2>\n<p><span style=\"font-weight: 400;\">Appelons un chat un chat. Le rapporteur du Conseil de l\u2019Europe, Saskia Kluit, a qualifi\u00e9 la <strong>situation \u00e0 Gaza de \u00ab nettoyage ethnique et g\u00e9nocide \u00bb,<\/strong> des termes d\u2019une gravit\u00e9 extr\u00eame qui t\u00e9moignent de l\u2019intensit\u00e9 des violences et de la crise humanitaire en cours. Le chef de l\u2019OMS a \u00e9galement implor\u00e9 Isra\u00ebl de faire preuve de piti\u00e9 en arr\u00eatant la guerre \u00e0 Gaza. (<\/span><a target=\"_blank\" href=\"https:\/\/www.sudouest.fr\/international\/guerre-a-gaza-le-conseil-de-l-europe-alerte-sur-un-risque-de-genocide-24575790.php\"><span style=\"font-weight: 400;\">Sudouest<\/span><\/a><span style=\"font-weight: 400;\">)<\/span><span style=\"font-weight: 400;\"><br \/><\/span><\/p>\n<h2><span style=\"font-weight: 400;\">4. Gr\u00e8ve des taxis<\/span><\/h2>\n<p><span style=\"font-weight: 400;\">Les taxis sont de nouveau en gr\u00e8ve, <strong>d\u00e9non\u00e7ant la concurrence jug\u00e9e d\u00e9loyale des plateformes VTC et la pr\u00e9carisation croissante de leur profession face \u00e0 une nouvelle convention de l\u2019Assurance maladie.<\/strong> Cette derni\u00e8re modifie leur r\u00e9mun\u00e9ration pour le transport de malades, avec une prise en charge de 13 euros par course, un tarif kilom\u00e9trique unique et une majoration en agglom\u00e9ration. (<\/span><a target=\"_blank\" href=\"https:\/\/www.franceinfo.fr\/economie\/transports\/greve-des-taxis-des-nouvelles-regles-du-transport-sanitaire-a-la-concurrence-des-vtc-comment-les-motifs-du-mouvement-ont-evolue_7265892.html\"><span style=\"font-weight: 400;\">FranceInfo<\/span><\/a><span style=\"font-weight: 400;\">)<\/span><\/p>\n<h2><span style=\"font-weight: 400;\">5. S\u00e9cheresse in\u00e9dite dans le nord de l\u2019Europe<\/span><\/h2>\n<figure id=\"attachment_717497\" aria-describedby=\"caption-attachment-717497\" style=\"width: 1024px\" class=\"wp-caption alignnone\"><img loading=\"lazy\" decoding=\"async\" class=\"size-medium wp-image-717497\" src=\"https:\/\/mrmondialisation.org\/wp-content\/uploads\/2025\/05\/md-hasanuzzaman-himel-mz278sna2ek-unsplash-11zon-11zon-1024x768.jpg\" alt=\"\" width=\"1024\" height=\"768\" srcset=\"https:\/\/mrmondialisation.org\/wp-content\/uploads\/2025\/05\/md-hasanuzzaman-himel-mz278sna2ek-unsplash-11zon-11zon-1024x768.jpg 1024w, https:\/\/mrmondialisation.org\/wp-content\/uploads\/2025\/05\/md-hasanuzzaman-himel-mz278sna2ek-unsplash-11zon-11zon-1524x1143.jpg 1524w, https:\/\/mrmondialisation.org\/wp-content\/uploads\/2025\/05\/md-hasanuzzaman-himel-mz278sna2ek-unsplash-11zon-11zon-768x576.jpg 768w, https:\/\/mrmondialisation.org\/wp-content\/uploads\/2025\/05\/md-hasanuzzaman-himel-mz278sna2ek-unsplash-11zon-11zon-1536x1152.jpg 1536w, https:\/\/mrmondialisation.org\/wp-content\/uploads\/2025\/05\/md-hasanuzzaman-himel-mz278sna2ek-unsplash-11zon-11zon-2048x1536.jpg 2048w, https:\/\/mrmondialisation.org\/wp-content\/uploads\/2025\/05\/md-hasanuzzaman-himel-mz278sna2ek-unsplash-11zon-11zon-696x522.jpg 696w, https:\/\/mrmondialisation.org\/wp-content\/uploads\/2025\/05\/md-hasanuzzaman-himel-mz278sna2ek-unsplash-11zon-11zon-1068x801.jpg 1068w, https:\/\/mrmondialisation.org\/wp-content\/uploads\/2025\/05\/md-hasanuzzaman-himel-mz278sna2ek-unsplash-11zon-11zon-560x420.jpg 560w, https:\/\/mrmondialisation.org\/wp-content\/uploads\/2025\/05\/md-hasanuzzaman-himel-mz278sna2ek-unsplash-11zon-11zon-80x60.jpg 80w, https:\/\/mrmondialisation.org\/wp-content\/uploads\/2025\/05\/md-hasanuzzaman-himel-mz278sna2ek-unsplash-11zon-11zon-265x198.jpg 265w\" sizes=\"auto, (max-width: 1024px) 100vw, 1024px\"\/><figcaption id=\"caption-attachment-717497\" class=\"wp-caption-text\">Avec toutes autorisations \u2013 md-hasanuzzaman-himel-<\/figcaption><\/figure>\n<p><span style=\"font-weight: 400;\">Le nord de l\u2019Europe fait face \u00e0 une<strong> s\u00e9cheresse d\u2019une ampleur in\u00e9dite, affectant l\u2019agriculture, l\u2019approvisionnement en eau et la biodiversit\u00e9.<\/strong> Ce ph\u00e9nom\u00e8ne, attribu\u00e9 au <strong>changement climatique<\/strong>, met en lumi\u00e8re la vuln\u00e9rabilit\u00e9 des r\u00e9gions habituellement \u00e9pargn\u00e9es et la n\u00e9cessit\u00e9 d\u2019adapter en urgence les politiques de gestion de l\u2019eau. Les r\u00e9ponses tardent, accentuant l\u2019inqui\u00e9tude des populations et des experts. (<\/span><a target=\"_blank\" href=\"https:\/\/www.lemonde.fr\/planete\/article\/2025\/05\/24\/un-printemps-sans-pluie-l-europe-du-nord-en-proie-a-une-secheresse-precoce-exceptionnelle_6608168_3244.html\"><span style=\"font-weight: 400;\">LeMonde<\/span><\/a><span style=\"font-weight: 400;\">)<\/span><\/p>\n<h2><span style=\"font-weight: 400;\">6. Pollution de l\u2019eau : \u00ab La situation est si grave que les autorit\u00e9s sont oblig\u00e9es de truquer les chiffres \u00bb<\/span><\/h2>\n<p><span style=\"font-weight: 400;\">Le journaliste Fabrice Nicolino, auteur de <em>Nous voulons des coquelicots (2018)<\/em> <strong>accuse les autorit\u00e9s de manipuler les donn\u00e9es sur la pollution de l\u2019eau, face \u00e0 une situation jug\u00e9e catastrophique.<\/strong> Cette d\u00e9nonciation relance le d\u00e9bat sur la transparence et la gestion des risques environnementaux en France, pointant un possible d\u00e9ni institutionnel.\u00a0 (<\/span><a target=\"_blank\" href=\"https:\/\/www.humanite.fr\/environnement\/agence-de-leau\/pollution-de-leau-la-situation-est-si-grave-que-les-autorites-sont-obligees-de-truquer-les-chiffres-interpelle-fabrice-nicolino\"><span style=\"font-weight: 400;\">L\u2019huma<\/span><\/a><span style=\"font-weight: 400;\">)<\/span><\/p>\n<h2><span style=\"font-weight: 400;\">7. La S\u00e9curit\u00e9 sociale menac\u00e9e d\u2019une crise de liquidit\u00e9, selon un ra<\/span><span style=\"font-weight: 400;\">pport de la Cour des comptes<\/span><\/h2>\n<p><span style=\"font-weight: 400;\">Un rapport alarmant de la Cour des comptes met en garde contre <strong>une crise de liquidit\u00e9 imminente pour la S\u00e9curit\u00e9 sociale.<\/strong> Cette situation, cons\u00e9quence d\u2019un d\u00e9ficit structurel et de d\u00e9penses croissantes, devrait s\u2019aggraver \u00e0 22,1 milliards d\u2019euros en 2025 et pourrait atteindre 24,1 milliards en 2028, sans perspective de retour \u00e0 l\u2019\u00e9quilibre, pose la question de la <strong>p\u00e9rennit\u00e9 du mod\u00e8le social fran\u00e7ais.<\/strong>\u00a0(<\/span><a target=\"_blank\" href=\"https:\/\/www.lemonde.fr\/politique\/article\/2025\/05\/26\/la-securite-sociale-menacee-d-une-crise-de-liquidite-selon-un-rapport-de-la-cour-des-comptes_6608592_823448.html\"><span style=\"font-weight: 400;\">LeMonde<\/span><\/a><span style=\"font-weight: 400;\">)<\/span><\/p>\n<h2><span style=\"font-weight: 400;\">8. Plan ob\u00e9sit\u00e9 pr\u00e9vu pour la France<\/span><\/h2>\n<p><span style=\"font-weight: 400;\">Le gouvernement pr\u00e9pare un <strong>plan national contre l\u2019ob\u00e9sit\u00e9,<\/strong> face \u00e0 une pr\u00e9valence croissante et \u00e0 ses <strong>cons\u00e9quences sanitaires et \u00e9conomiques.<\/strong> Ce projet, attendu de longue date, vise \u00e0 renforcer la pr\u00e9vention, am\u00e9liorer la prise en charge et mobiliser l\u2019ensemble des acteurs de la sant\u00e9. Reste \u00e0 voir si les mesures annonc\u00e9es seront \u00e0 la hauteur des enjeux et b\u00e9n\u00e9ficieront <strong>d\u2019un financement suffisant.<\/strong> (<\/span><a target=\"_blank\" href=\"https:\/\/www.lemonde.fr\/societe\/article\/2025\/05\/26\/un-plan-obesite-pour-la-france-prevu-par-le-gouvernement-a-la-rentree_6608636_3224.html\"><span style=\"font-weight: 400;\">LeMonde<\/span><\/a><span style=\"font-weight: 400;\">)<\/span><\/p>\n<p><iframe loading=\"lazy\" title=\"Plan ob\u00e9sit\u00e9 du gouvernement : &quot;On parle d&#039;\u00e9pid\u00e9mie d&#039;ob\u00e9sit\u00e9&quot;\" width=\"1110\" height=\"624\" src=\"https:\/\/www.youtube.com\/embed\/dxyeYKzPl_k?feature=oembed\" frameborder=\"0\" allow=\"accelerometer; autoplay; clipboard-write; encrypted-media; gyroscope; picture-in-picture; web-share\" referrerpolicy=\"strict-origin-when-cross-origin\" allowfullscreen><\/iframe><\/p>\n<h2><span style=\"font-weight: 400;\">9. Loi contre la d\u00e9forestation : onze pays de l\u2019Union europ\u00e9enne jugent ses exigences \u00ab disproportionn\u00e9es \u00bb<\/span><\/h2>\n<p><span style=\"font-weight: 400;\">Onze \u00c9tats membres de l\u2019UE contestent la nouvelle loi contre la d\u00e9forestation, estimant que <strong>ses exigences sont trop lourdes pour les producteurs et risquent de nuire \u00e0 la comp\u00e9titivit\u00e9 europ\u00e9enne.<\/strong> Ce front commun met en lumi\u00e8re les tensions entre ambition environnementale et r\u00e9alit\u00e9s \u00e9conomiques, et pourrait fragiliser l\u2019unit\u00e9 europ\u00e9enne sur les questions climatiques. (<\/span><a target=\"_blank\" href=\"https:\/\/www.lemonde.fr\/planete\/article\/2025\/05\/26\/loi-contre-la-deforestation-onze-pays-de-l-union-europeenne-jugent-ses-exigences-disproportionnees_6608615_3244.html\"><span style=\"font-weight: 400;\">LeMonde<\/span><\/a><span style=\"font-weight: 400;\">)<\/span><\/p>\n<div class=\"td-a-rec td-a-rec-id-content_inline  tdi_1 td_block_template_1\">\n<span class=\"td-adspot-title\">&#8211; Pour une information libre ! &#8211;<\/span><a target=\"_blank\" href=\"https:\/\/fr.tipeee.com\/mr-mondialisation\" class=\"tipeee-project-small\">Soutenir Mr Japanization sur Tipeee<\/a>\n<\/div>\n<h2><span style=\"font-weight: 400;\">10. \u00ab Les entreprises de capture du CO\u2082 dans l\u2019air \u00e9mettent plus de carbone qu\u2019elles n\u2019en \u00e9liminent \u00bb<\/span><\/h2>\n<p><span style=\"font-weight: 400;\">Pionni\u00e8re dans la capture de CO\u2082, Climeworks est jug\u00e9e inefficace, <strong>et d\u00e9gagerait plus de carbone qu\u2019elle n\u2019en capte, selon Jean-Baptiste Fressoz.<\/strong> L\u2019entreprise affirmait pouvoir capter et stocker 1 % des \u00e9missions mondiales de CO\u2082 en 2025, soit environ 400 millions de tonnes par an, ce qui n\u00e9cessiterait environ un quart de la production \u00e9nerg\u00e9tique mondiale, ce qui rend la solution peu r\u00e9aliste \u00e0 grande \u00e9chelle et contre-productive sur le plan climatique (<\/span><a target=\"_blank\" href=\"https:\/\/www.lemonde.fr\/idees\/article\/2025\/05\/21\/les-entreprises-de-capture-du-co-dans-l-air-emettent-plus-de-carbone-qu-elles-n-en-eliminent_6607596_3232.html\"><span style=\"font-weight: 400;\">LeMonde<\/span><\/a><span style=\"font-weight: 400;\">)<\/span><\/p>\n<p style=\"text-align: right;\"><strong><em>\u2013 Maureen Damman\u00a0<\/em><\/strong><\/p>\n<div class=\"td-a-rec td-a-rec-id-content_bottom  tdi_2 td_block_template_1\">\n<span class=\"td-adspot-title\">&#8211; Cet article gratuit et ind\u00e9pendant existe gr\u00e2ce \u00e0 vous &#8211;<\/span><\/p>\n<div class=\"td-all-devices\">\n    <a target=\"_blank\" href=\"https:\/\/mrmondialisation.org\/donation\/\" title=\"Faire_un_don\"><img decoding=\"async\" class=\"donationArticle\" src=\"https:\/\/mrmondialisation.org\/wp-content\/uploads\/2022\/12\/220405-flikalicious-final.jpg\" alt=\"Donation\"\/><\/a>\n<\/div>\n<\/div><\/div>\n<p><br \/>\n<br \/><a href=\"https:\/\/mrmondialisation.org\/loi-dupont-gaza-et-secheresse-top-10-des-actu-a-ne-pas-manquer-cette-semaine\/\" target=\"_blank\"\">Source link <\/a><\/p>\n","protected":false},"excerpt":{"rendered":"<p>Voici nos 10 actualit\u00e9s \u00e0 ne surtout pas manquer cette semaine\u00a0 1. Loi Dupont : les agriculteurs manifestent devant l\u2019Assembl\u00e9e nationale pour soutenir la loi contre les \u00e9cologistes Avec toutes&hellip; <\/p>\n","protected":false},"author":1,"featured_media":9292,"comment_status":"open","ping_status":"open","sticky":false,"template":"","format":"standard","meta":{"footnotes":""},"categories":[1],"tags":[],"class_list":["post-9291","post","type-post","status-publish","format-standard","has-post-thumbnail","hentry","category-non-classe"],"_links":{"self":[{"href":"https:\/\/monde25.info\/index.php\/wp-json\/wp\/v2\/posts\/9291","targetHints":{"allow":["GET"]}}],"collection":[{"href":"https:\/\/monde25.info\/index.php\/wp-json\/wp\/v2\/posts"}],"about":[{"href":"https:\/\/monde25.info\/index.php\/wp-json\/wp\/v2\/types\/post"}],"author":[{"embeddable":true,"href":"https:\/\/monde25.info\/index.php\/wp-json\/wp\/v2\/users\/1"}],"replies":[{"embeddable":true,"href":"https:\/\/monde25.info\/index.php\/wp-json\/wp\/v2\/comments?post=9291"}],"version-history":[{"count":0,"href":"https:\/\/monde25.info\/index.php\/wp-json\/wp\/v2\/posts\/9291\/revisions"}],"wp:featuredmedia":[{"embeddable":true,"href":"https:\/\/monde25.info\/index.php\/wp-json\/wp\/v2\/media\/9292"}],"wp:attachment":[{"href":"https:\/\/monde25.info\/index.php\/wp-json\/wp\/v2\/media?parent=9291"}],"wp:term":[{"taxonomy":"category","embeddable":true,"href":"https:\/\/monde25.info\/index.php\/wp-json\/wp\/v2\/categories?post=9291"},{"taxonomy":"post_tag","embeddable":true,"href":"https:\/\/monde25.info\/index.php\/wp-json\/wp\/v2\/tags?post=9291"}],"curies":[{"name":"wp","href":"https:\/\/api.w.org\/{rel}","templated":true}]}}