{"id":9293,"date":"2025-05-31T10:48:42","date_gmt":"2025-05-31T08:48:42","guid":{"rendered":"https:\/\/monde25.info\/index.php\/2025\/05\/31\/la-souverainete-hongroise-est-menacee-par-bruxelles-a-cause-de-linterdiction-de-la-gay-pride\/"},"modified":"2025-05-31T10:48:42","modified_gmt":"2025-05-31T08:48:42","slug":"la-souverainete-hongroise-est-menacee-par-bruxelles-a-cause-de-linterdiction-de-la-gay-pride","status":"publish","type":"post","link":"https:\/\/monde25.info\/index.php\/2025\/05\/31\/la-souverainete-hongroise-est-menacee-par-bruxelles-a-cause-de-linterdiction-de-la-gay-pride\/","title":{"rendered":"La souverainet\u00e9 hongroise est menac\u00e9e par Bruxelles \u00e0 cause de l\u2019interdiction de la Gay Pride"},"content":{"rendered":"<p> <br \/>\n<\/p>\n<div>\n<ol class=\"campaign-loop campaign-list\">\n<li id=\"campaign-455508\" class=\"post-455508 campaign type-campaign status-publish hentry campaign-has-goal campaign-has-not-achieved-goal campaign-has-end-date campaign-has-not-ended\">\n\t<a target=\"_blank\" href=\"https:\/\/reseauinternational.net\/campaigns\/campagne-de-dons-mai-2025\/\"><\/p>\n<h3>Campagne de dons \u2013 Mai 2025<\/h3>\n<p>\t\t\t<\/a><\/p>\n<p>\n\tChers amis lecteurs, Nous faisons \u00e0 nouveau appel \u00e0 vous pour une nouvelle campagne de dons. Votre soutien nous est indispensable pour continuer \u00e0 vous fournir le meilleur de l\u2019information internationale alternative. C\u2019est gr\u00e2ce \u00e0 vos dons que nous pourrons maintenir le cap pour une information plurielle et r\u00e9ellement alternative. Nous comptons sur vous.<\/p>\n<p>\n<span class=\"amount\">10 671,00\u00a0\u20ac<\/span> de l\u2019objectif de <span class=\"goal-amount\">25 000,00\u00a0\u20ac<\/span> atteint<\/p>\n<\/li>\n<\/ol>\n<p>par <strong>Franck Pengam<\/strong><\/p>\n<p>Le 28 juin 2025, la Gay Pride devrait se tenir dans les rues de Budapest. Mais ce pourrait bien \u00eatre la derni\u00e8re.<\/p>\n<p>Viktor Orb\u00e1n, Premier ministre hongrois, a pris la d\u00e9cision courageuse d\u2019interdire les prochaines marches. Son objectif ? Prot\u00e9ger les enfants, pr\u00e9server l\u2019ordre public, et affirmer une souverainet\u00e9 culturelle contre l\u2019invasion des id\u00e9ologies.<\/p>\n<p>Une posture qui, \u00e9videmment, ne pla\u00eet pas aux bureaucrates de Bruxelles.<\/p>\n<p>La r\u00e9action de l\u2019Union europ\u00e9enne ne s\u2019est pas fait attendre : elle menace la Hongrie de sanctions, d\u2019injonctions juridiques, et m\u00eame du fameux article 7 \u2013 l\u2019\u00aboption nucl\u00e9aire\u00bb. Une proc\u00e9dure humiliante visant \u00e0 priver un \u00c9tat de ses droits au sein de l\u2019UE, rien de moins.<\/p>\n<p>Pourquoi tant de haine contre Budapest ? Parce que la Hongrie ose r\u00e9sister. Elle ose refuser l\u2019endoctrinement LGBTQ+, elle ose dire non \u00e0 la guerre en Ukraine, et surtout, elle ose d\u00e9fendre son peuple contre la tyrannie progressiste. En r\u00e9alit\u00e9, ce qui se joue ici d\u00e9passe largement la question d\u2019une marche color\u00e9e. C\u2019est la souverainet\u00e9 des nations qui est en jeu. Et la volont\u00e9 bruxelloise d\u2019\u00e9craser toute dissidence.<\/p>\n<div class=\"wp-block-image\">\n<figure class=\"aligncenter size-large is-resized\"><a target=\"_blank\" href=\"https:\/\/i0.wp.com\/reseauinternational.net\/wp-content\/uploads\/2025\/05\/image-430.png?quality=100&amp;ssl=1\"><img data-recalc-dims=\"1\" decoding=\"async\" width=\"1024\" height=\"767\" src=\"https:\/\/i0.wp.com\/reseauinternational.net\/wp-content\/uploads\/2025\/05\/image-430.png?resize=1024%2C767&amp;quality=100&amp;ssl=1\" alt=\"\" class=\"wp-image-461488\" style=\"width:600px\" loading=\"lazy\" srcset=\"https:\/\/i0.wp.com\/reseauinternational.net\/wp-content\/uploads\/2025\/05\/image-430.png?resize=1024%2C767&amp;quality=100&amp;ssl=1 1024w, https:\/\/i0.wp.com\/reseauinternational.net\/wp-content\/uploads\/2025\/05\/image-430.png?resize=300%2C225&amp;quality=100&amp;ssl=1 300w, https:\/\/i0.wp.com\/reseauinternational.net\/wp-content\/uploads\/2025\/05\/image-430.png?resize=768%2C576&amp;quality=100&amp;ssl=1 768w, https:\/\/i0.wp.com\/reseauinternational.net\/wp-content\/uploads\/2025\/05\/image-430.png?resize=1536%2C1151&amp;quality=100&amp;ssl=1 1536w, https:\/\/i0.wp.com\/reseauinternational.net\/wp-content\/uploads\/2025\/05\/image-430.png?resize=378%2C283&amp;quality=100&amp;ssl=1 378w, https:\/\/i0.wp.com\/reseauinternational.net\/wp-content\/uploads\/2025\/05\/image-430.png?resize=990%2C742&amp;quality=100&amp;ssl=1 990w, https:\/\/i0.wp.com\/reseauinternational.net\/wp-content\/uploads\/2025\/05\/image-430.png?w=1600&amp;quality=100&amp;ssl=1 1600w\" sizes=\"auto, (max-width: 1024px) 100vw, 1024px\"\/><\/a><\/figure>\n<\/div>\n<h5 class=\"wp-block-heading\"><strong>Une Europe f\u00e9d\u00e9rale \u00e0 peine masqu\u00e9e<\/strong><\/h5>\n<p>L\u2019affaire hongroise le prouve une fois de plus : l\u2019Union europ\u00e9enne ne veut plus \u00eatre une alliance de nations souveraines. Elle se r\u00eave en super-\u00c9tat. Un empire bureaucratique o\u00f9 Paris, Rome, Varsovie ou Budapest ne seraient plus que des provinces soumises \u00e0 la volont\u00e9 de commissaires non \u00e9lus.<\/p>\n<p>La Commission europ\u00e9enne agit d\u00e9sormais comme un gouvernement de substitution, sans l\u00e9gitimit\u00e9 d\u00e9mocratique, mais avec un pouvoir coercitif effrayant : suspension de fonds, injonctions judiciaires, isolement diplomatique, humiliations publiques.<\/p>\n<p>Sous pr\u00e9texte de d\u00e9fendre \u00abl\u2019\u00c9tat de droit\u00bb \u2013 un concept flou et souvent d\u00e9voy\u00e9 \u2013 Bruxelles cherche \u00e0 imposer un mod\u00e8le unique : immigration massive, wokisme institutionnalis\u00e9, soumission \u00e0 l\u2019OTAN, abandon des racines chr\u00e9tiennes et traditions locales. Toute r\u00e9sistance \u00e0 ce projet est imm\u00e9diatement diabolis\u00e9e, comme \u00abpopuliste\u00bb, \u00abfasciste\u00bb, ou \u00abanti-europ\u00e9enne\u00bb.<\/p>\n<p>Mais qui menace r\u00e9ellement l\u2019Europe ? Ceux qui d\u00e9fendent les fronti\u00e8res, les familles, la culture ? Ou ceux qui veulent dissoudre les peuples dans un magma sans identit\u00e9 ?<\/p>\n<div class=\"wp-block-image\">\n<figure class=\"aligncenter size-full is-resized\"><img data-recalc-dims=\"1\" decoding=\"async\" width=\"1024\" height=\"683\" src=\"https:\/\/i0.wp.com\/reseauinternational.net\/wp-content\/uploads\/2025\/05\/image-432.png?resize=1024%2C683&amp;quality=100&amp;ssl=1\" alt=\"\" class=\"wp-image-461490\" style=\"width:600px\" loading=\"lazy\" srcset=\"https:\/\/i0.wp.com\/reseauinternational.net\/wp-content\/uploads\/2025\/05\/image-432.png?w=1024&amp;quality=100&amp;ssl=1 1024w, https:\/\/i0.wp.com\/reseauinternational.net\/wp-content\/uploads\/2025\/05\/image-432.png?resize=300%2C200&amp;quality=100&amp;ssl=1 300w, https:\/\/i0.wp.com\/reseauinternational.net\/wp-content\/uploads\/2025\/05\/image-432.png?resize=768%2C512&amp;quality=100&amp;ssl=1 768w, https:\/\/i0.wp.com\/reseauinternational.net\/wp-content\/uploads\/2025\/05\/image-432.png?resize=990%2C660&amp;quality=100&amp;ssl=1 990w\" sizes=\"auto, (max-width: 1024px) 100vw, 1024px\"\/><\/figure>\n<\/div>\n<h5 class=\"wp-block-heading\"><strong>L\u2019arc-en-ciel comme arme id\u00e9ologique<\/strong><\/h5>\n<p>L\u2019interdiction de la Gay Pride \u00e0 Budapest est pr\u00e9sent\u00e9e comme un \u00abscandale\u00bb par les m\u00e9dias occidentaux. Pourtant, aucun \u00c9tat n\u2019est oblig\u00e9 d\u2019accepter des manifestations qui promeuvent une id\u00e9ologie \u00e9trang\u00e8re \u00e0 sa culture.<\/p>\n<p>Sous couvert de \u00abdroits humains\u00bb, les marches LGBTQ+ sont devenues des d\u00e9monstrations de force politique. On ne parle plus de tol\u00e9rance, mais d\u2019imposition : il ne suffit plus de respecter les homosexuels, il faut applaudir, c\u00e9l\u00e9brer, acclamer \u2013 ou \u00eatre puni.<\/p>\n<p>La Hongrie n\u2019interdit pas d\u2019\u00eatre homosexuel. Elle interdit les exhibitions publiques \u00e0 vis\u00e9e militante, dans un espace social qu\u2019elle souhaite pr\u00e9server, notamment pour les enfants. Est-ce ill\u00e9gal ? Non. Est-ce l\u00e9gitime ? Absolument.<\/p>\n<p>Mais Bruxelles n\u2019accepte plus que des nations aient une autre vision du monde. Pour la Commission europ\u00e9enne, la Hongrie n\u2019est plus un partenaire, mais un ennemi id\u00e9ologique \u00e0 abattre.<\/p>\n<figure class=\"wp-block-embed is-type-rich is-provider-twitter wp-block-embed-twitter\">\n<div class=\"wp-block-embed__wrapper\">\n<div class=\"embed-twitter\">\n<blockquote class=\"twitter-tweet\" data-width=\"550\" data-dnt=\"true\">\n<p lang=\"fr\" dir=\"ltr\">La Hongrie devient le premier \u00c9tat membre de l&rsquo;UE \u00e0 interdire les \u00e9v\u00e9nements LGBT, y compris la Gay Pride<\/p>\n<p>Des militants homosexuels parmi les d\u00e9put\u00e9s de l&rsquo;opposition ont allum\u00e9 des fumig\u00e8nes dans Parlement en signe de protestation. <a target=\"_blank\" href=\"https:\/\/t.co\/jiaMaQ2AVb\">pic.twitter.com\/jiaMaQ2AVb<\/a><\/p>\n<p>\u2014 Renard Jean-Michel (@Renardpaty) <a target=\"_blank\" href=\"https:\/\/twitter.com\/Renardpaty\/status\/1913816748228280664?ref_src=twsrc%5Etfw\">April 20, 2025<\/a><\/p><\/blockquote>\n<\/div>\n<\/div>\n<\/figure>\n<h5 class=\"wp-block-heading\"><strong>La pers\u00e9cution de la Hongrie : un cas d\u2019\u00e9cole<\/strong><\/h5>\n<p>L\u2019UE retient d\u00e9j\u00e0 18 milliards d\u2019euros de fonds destin\u00e9s \u00e0 la Hongrie pour non-conformit\u00e9 suppos\u00e9e \u00e0 l\u2019\u00c9tat de droit. Une somme colossale, confisqu\u00e9e parce qu\u2019un pays ne c\u00e8de pas \u00e0 l\u2019orthodoxie id\u00e9ologique. Ce n\u2019est plus de la coop\u00e9ration : c\u2019est du chantage pur et simple.<\/p>\n<p>Aujourd\u2019hui, seize pays (dont la France et l\u2019Allemagne) exigent des \u00abmesures provisoires\u00bb pour forcer Budapest \u00e0 autoriser la Gay Pride. Cette pression est coordonn\u00e9e par les Pays-Bas, dont le gouvernement, rappelons-le, a d\u00e9j\u00e0 qualifi\u00e9 la Hongrie de \u00abpays inhumain\u00bb pour sa l\u00e9gislation contre la propagande LGBT aupr\u00e8s des mineurs.<\/p>\n<p>Si Viktor Orb\u00e1n ne c\u00e8de pas, Bruxelles envisage de l\u2019activer l\u2019article 7 du trait\u00e9 sur l\u2019Union europ\u00e9enne, qui priverait la Hongrie de son droit de vote. Autrement dit, la punir pour avoir exerc\u00e9\u2026 sa souverainet\u00e9.<\/p>\n<p>Ce n\u2019est pas une Europe unie qui se construit ici, mais une Europe soumise \u00e0 un dogme globaliste et destructeur.<\/p>\n<figure class=\"wp-block-embed is-type-rich is-provider-twitter wp-block-embed-twitter\">\n<div class=\"wp-block-embed__wrapper\">\n<div class=\"embed-twitter\">\n<blockquote class=\"twitter-tweet\" data-width=\"550\" data-dnt=\"true\">\n<p lang=\"fr\" dir=\"ltr\">\ud83c\udded\ud83c\uddfa 17 pays europ\u00e9ens, dont la France, l&rsquo;Allemagne ou encore l&rsquo;Espagne, se liguent contre la Hongrie afin d&rsquo;exiger la suppression de sa derni\u00e8re loi de protection de l&rsquo;enfance qui permet l&rsquo;interdiction des Gay Pride. Ils enjoignent \u00e9galement la Commission europ\u00e9enne \u00e0 prendre des\u2026 <a target=\"_blank\" href=\"https:\/\/t.co\/vnI8mCSbUm\">pic.twitter.com\/vnI8mCSbUm<\/a><\/p>\n<p>\u2014 TVL (@tvlofficiel) <a target=\"_blank\" href=\"https:\/\/twitter.com\/tvlofficiel\/status\/1927307575835419115?ref_src=twsrc%5Etfw\">May 27, 2025<\/a><\/p><\/blockquote>\n<\/div>\n<\/div>\n<\/figure>\n<h5 class=\"wp-block-heading\"><strong>Paris et Berlin : chiens de garde de l\u2019ordre mondial<\/strong><\/h5>\n<p>Le soutien de la France et de l\u2019Allemagne \u00e0 cette offensive contre la Hongrie est particuli\u00e8rement \u00e9c\u0153urant. Ces deux nations, jadis symboles de la civilisation europ\u00e9enne, sont devenues les ex\u00e9cutants dociles de la technocratie bruxelloise.<\/p>\n<p>Emmanuel Macron, incapable de restaurer l\u2019ordre dans son propre pays, pr\u00e9f\u00e8re sanctionner Budapest pour \u00abhomophobie\u00bb. Friedrich Merz, \u00e0 la t\u00eate d\u2019un pays min\u00e9 par l\u2019immigration de masse et l\u2019ins\u00e9curit\u00e9, applaudit des deux mains la pers\u00e9cution d\u2019un gouvernement conservateur qui d\u00e9fend ses valeurs.<\/p>\n<p>La France et l\u2019Allemagne ne d\u00e9fendent plus leurs peuples. Elles d\u00e9fendent une id\u00e9ologie. Celle d\u2019un monde sans fronti\u00e8res, sans sexes, sans traditions. Et elles veulent que tous les \u00c9tats membres suivent la m\u00eame voie \u2013 de gr\u00e9 ou de force.<\/p>\n<div class=\"wp-block-image\">\n<figure class=\"aligncenter size-full\"><a target=\"_blank\" href=\"https:\/\/i0.wp.com\/reseauinternational.net\/wp-content\/uploads\/2025\/05\/image-433.png?quality=100&amp;ssl=1\"><img data-recalc-dims=\"1\" decoding=\"async\" width=\"500\" height=\"333\" src=\"https:\/\/i0.wp.com\/reseauinternational.net\/wp-content\/uploads\/2025\/05\/image-433.png?resize=500%2C333&amp;quality=100&amp;ssl=1\" alt=\"\" class=\"wp-image-461491\" loading=\"lazy\" srcset=\"https:\/\/i0.wp.com\/reseauinternational.net\/wp-content\/uploads\/2025\/05\/image-433.png?w=500&amp;quality=100&amp;ssl=1 500w, https:\/\/i0.wp.com\/reseauinternational.net\/wp-content\/uploads\/2025\/05\/image-433.png?resize=300%2C200&amp;quality=100&amp;ssl=1 300w\" sizes=\"auto, (max-width: 500px) 100vw, 500px\"\/><\/a><\/figure>\n<\/div>\n<h5 class=\"wp-block-heading\"><strong>Un avertissement pour toutes les nations libres<\/strong><\/h5>\n<p>La situation hongroise doit alerter toutes les nations encore attach\u00e9es \u00e0 leur souverainet\u00e9. Aujourd\u2019hui, c\u2019est Budapest qui est dans le viseur. Demain, ce pourrait \u00eatre Varsovie, Rome, Madrid\u2026 ou Paris, si un jour le peuple y reprend le pouvoir.<\/p>\n<p>L\u2019Union europ\u00e9enne a clairement montr\u00e9 son intention : soumettre tous ses membres \u00e0 une id\u00e9ologie unique, sous peine de repr\u00e9sailles \u00e9conomiques, diplomatiques et institutionnelles.<\/p>\n<p>Ce syst\u00e8me ne peut plus \u00eatre r\u00e9form\u00e9 de l\u2019int\u00e9rieur. La mascarade du \u00abdialogue\u00bb avec la Hongrie dure depuis plus de sept ans. Comme l\u2019a d\u00e9clar\u00e9 la ministre su\u00e9doise Jessica Rosencrantz : \u00ab<em>Nous sommes \u00e0 la crois\u00e9e des chemins<\/em>\u00bb. Traduction : soit Orb\u00e1n c\u00e8de, soit il est exclu.<\/p>\n<p>Le message est limpide : l\u2019UE ne tol\u00e8re pas la pluralit\u00e9. Elle veut un seul mod\u00e8le politique, culturel, moral. Elle veut fabriquer un \u00abHomme nouveau\u00bb post-national, post-genr\u00e9, post-historique. Et elle est pr\u00eate \u00e0 d\u00e9truire toute r\u00e9sistance pour y parvenir.<\/p>\n<h5 class=\"wp-block-heading\"><strong>Vers un Frexit, un Hunxit, un Polexit ?<\/strong><\/h5>\n<p>Face \u00e0 cette d\u00e9rive totalitaire, les peuples d\u2019Europe doivent choisir : rester enferm\u00e9s dans une prison bureaucratique o\u00f9 tout est d\u00e9cid\u00e9 par des commissaires hors-sol \u2013 ou retrouver leur libert\u00e9.<\/p>\n<p>La Hongrie pourrait, dans un futur proche, \u00eatre contrainte de quitter l\u2019Union europ\u00e9enne si l\u2019article 7 est appliqu\u00e9. Ce serait un moment historique. Et une opportunit\u00e9 : celle de reb\u00e2tir une Europe des nations, une Europe des patries, bas\u00e9e sur la coop\u00e9ration libre et non sur la soumission id\u00e9ologique.<\/p>\n<p>Un Hunxit ouvrirait la voie \u00e0 d\u2019autres. La Pologne, d\u00e9j\u00e0 cibl\u00e9e par Bruxelles, pourrait suivre. L\u2019Italie, gouvern\u00e9e par Giorgia Meloni, observe. Et la France, si elle retrouve un jour un chef digne de ce nom, devra poser la question centrale : sommes-nous encore une nation libre ?<\/p>\n<div class=\"wp-block-image\">\n<figure class=\"aligncenter size-full is-resized\"><a target=\"_blank\" href=\"https:\/\/i0.wp.com\/reseauinternational.net\/wp-content\/uploads\/2025\/05\/image-434.png?quality=100&amp;ssl=1\"><img data-recalc-dims=\"1\" decoding=\"async\" width=\"1024\" height=\"683\" src=\"https:\/\/i0.wp.com\/reseauinternational.net\/wp-content\/uploads\/2025\/05\/image-434.png?resize=1024%2C683&amp;quality=100&amp;ssl=1\" alt=\"\" class=\"wp-image-461492\" style=\"width:600px\" loading=\"lazy\" srcset=\"https:\/\/i0.wp.com\/reseauinternational.net\/wp-content\/uploads\/2025\/05\/image-434.png?w=1024&amp;quality=100&amp;ssl=1 1024w, https:\/\/i0.wp.com\/reseauinternational.net\/wp-content\/uploads\/2025\/05\/image-434.png?resize=300%2C200&amp;quality=100&amp;ssl=1 300w, https:\/\/i0.wp.com\/reseauinternational.net\/wp-content\/uploads\/2025\/05\/image-434.png?resize=768%2C512&amp;quality=100&amp;ssl=1 768w, https:\/\/i0.wp.com\/reseauinternational.net\/wp-content\/uploads\/2025\/05\/image-434.png?resize=990%2C660&amp;quality=100&amp;ssl=1 990w\" sizes=\"auto, (max-width: 1024px) 100vw, 1024px\"\/><\/a><\/figure>\n<\/div>\n<h5 class=\"wp-block-heading\"><strong>Soutenir Orb\u00e1n, c\u2019est d\u00e9fendre la civilisation<\/strong><\/h5>\n<p>La bataille qui se joue entre Bruxelles et Budapest n\u2019est pas un simple d\u00e9saccord administratif. C\u2019est un choc de civilisations : d\u2019un c\u00f4t\u00e9, une technocratie mondialiste qui impose son agenda \u00e0 coups de sanctions ; de l\u2019autre, un peuple qui veut rester lui-m\u00eame.<\/p>\n<p>Viktor Orb\u00e1n n\u2019est pas parfait, mais il incarne cette r\u00e9sistance que nous devons saluer et imiter. Face \u00e0 la dictature des minorit\u00e9s, face \u00e0 l\u2019arrogance de Bruxelles, face \u00e0 la trahison de Paris et Berlin, la Hongrie se l\u00e8ve, et dit non.<\/p>\n<p>source\u00a0: <a target=\"_blank\" href=\"https:\/\/geopolitique-profonde.com\/actualite\/la-souverainete-hongroise-est-menacee-par-bruxelles-a-cause-de-linterdiction-de-la-gay-pride\/\" target=\"_blank\" rel=\"noopener\" title=\"\">G\u00e9opolitique Profonde<\/a><\/p>\n<div class=\"sharedaddy sd-block sd-like jetpack-likes-widget-wrapper jetpack-likes-widget-unloaded\" id=\"like-post-wrapper-237719536-461487-683ac03da77eb\" data-src=\"https:\/\/widgets.wp.com\/likes\/?ver=14.6#blog_id=237719536&amp;post_id=461487&amp;origin=reseauinternational.net&amp;obj_id=237719536-461487-683ac03da77eb\" data-name=\"like-post-frame-237719536-461487-683ac03da77eb\" data-title=\"Aimer ou rebloguer\">\n<h3 class=\"sd-title\">J\u2019aime \u00e7a\u00a0:<\/h3>\n<p><span class=\"button\"><span>J\u2019aime<\/span><\/span> <span class=\"loading\">chargement\u2026<\/span><\/p>\n<p><span class=\"sd-text-color\"\/><a target=\"_blank\" class=\"sd-link-color\"\/><\/div>\n<p><meta itemscope=\"\" itemprop=\"mainEntityOfPage\" itemtype=\"https:\/\/schema.org\/WebPage\" itemid=\"https:\/\/reseauinternational.net\/la-souverainete-hongroise-est-menacee-par-bruxelles-a-cause-de-linterdiction-de-la-gay-pride\/\"\/><meta itemprop=\"headline\" content=\"La souverainet\u00e9 hongroise est menac\u00e9e par Bruxelles \u00e0 cause de l\u2019interdiction de la Gay Pride\"\/><span style=\"display: none;\" itemprop=\"author\" itemscope=\"\" itemtype=\"https:\/\/schema.org\/Person\"><meta itemprop=\"name\" content=\"R\u00e9seau International\"\/><\/span><span style=\"display: none;\" itemprop=\"image\" itemscope=\"\" itemtype=\"https:\/\/schema.org\/ImageObject\"><meta itemprop=\"url\" content=\"https:\/\/i0.wp.com\/reseauinternational.net\/wp-content\/uploads\/2025\/05\/Sans-titre-4-26.png?fit=800%2C467&amp;quality=100&amp;ssl=1\"\/><meta itemprop=\"width\" content=\"800\"\/><meta itemprop=\"height\" content=\"467\"\/><\/span><span style=\"display: none;\" itemprop=\"publisher\" itemscope=\"\" itemtype=\"https:\/\/schema.org\/Organization\"><span style=\"display: none;\" itemprop=\"logo\" itemscope=\"\" itemtype=\"https:\/\/schema.org\/ImageObject\"><meta itemprop=\"url\" content=\"https:\/\/reseauinternational.net\/wp-content\/uploads\/2022\/06\/Capture-de\u0301cran-2022-06-14-a\u0300-16.51.07.png\"\/><\/span><meta itemprop=\"name\" content=\"R\u00e9seau International\"\/><\/span><meta itemprop=\"datePublished\" content=\"2025-05-31T10:38:36+00:00\"\/><meta itemprop=\"dateModified\" content=\"2025-05-31T10:38:53+00:00\"\/><\/div>\n<p><script async src=\"\/\/platform.twitter.com\/widgets.js\" charset=\"utf-8\"><\/script><br \/>\n<br \/><br \/>\n<br \/><a href=\"https:\/\/reseauinternational.net\/la-souverainete-hongroise-est-menacee-par-bruxelles-a-cause-de-linterdiction-de-la-gay-pride\/\" target=\"_blank\"\">Source link <\/a><\/p>\n","protected":false},"excerpt":{"rendered":"<p>Campagne de dons \u2013 Mai 2025 Chers amis lecteurs, Nous faisons \u00e0 nouveau appel \u00e0 vous pour une nouvelle campagne de dons. Votre soutien nous est indispensable pour continuer \u00e0&hellip; <\/p>\n","protected":false},"author":1,"featured_media":9294,"comment_status":"open","ping_status":"open","sticky":false,"template":"","format":"standard","meta":{"footnotes":""},"categories":[1],"tags":[],"class_list":["post-9293","post","type-post","status-publish","format-standard","has-post-thumbnail","hentry","category-non-classe"],"_links":{"self":[{"href":"https:\/\/monde25.info\/index.php\/wp-json\/wp\/v2\/posts\/9293","targetHints":{"allow":["GET"]}}],"collection":[{"href":"https:\/\/monde25.info\/index.php\/wp-json\/wp\/v2\/posts"}],"about":[{"href":"https:\/\/monde25.info\/index.php\/wp-json\/wp\/v2\/types\/post"}],"author":[{"embeddable":true,"href":"https:\/\/monde25.info\/index.php\/wp-json\/wp\/v2\/users\/1"}],"replies":[{"embeddable":true,"href":"https:\/\/monde25.info\/index.php\/wp-json\/wp\/v2\/comments?post=9293"}],"version-history":[{"count":0,"href":"https:\/\/monde25.info\/index.php\/wp-json\/wp\/v2\/posts\/9293\/revisions"}],"wp:featuredmedia":[{"embeddable":true,"href":"https:\/\/monde25.info\/index.php\/wp-json\/wp\/v2\/media\/9294"}],"wp:attachment":[{"href":"https:\/\/monde25.info\/index.php\/wp-json\/wp\/v2\/media?parent=9293"}],"wp:term":[{"taxonomy":"category","embeddable":true,"href":"https:\/\/monde25.info\/index.php\/wp-json\/wp\/v2\/categories?post=9293"},{"taxonomy":"post_tag","embeddable":true,"href":"https:\/\/monde25.info\/index.php\/wp-json\/wp\/v2\/tags?post=9293"}],"curies":[{"name":"wp","href":"https:\/\/api.w.org\/{rel}","templated":true}]}}