{"id":93,"date":"2024-11-14T14:17:30","date_gmt":"2024-11-14T13:17:30","guid":{"rendered":"https:\/\/monde25.info\/index.php\/2024\/11\/14\/quand-la-solidarite-seloigne-le-secours-catholique-sinquiete-de-la-progression-de-la-pauvrete-en-france-rt-en-francais\/"},"modified":"2024-11-14T14:17:30","modified_gmt":"2024-11-14T13:17:30","slug":"quand-la-solidarite-seloigne-le-secours-catholique-sinquiete-de-la-progression-de-la-pauvrete-en-france-rt-en-francais","status":"publish","type":"post","link":"https:\/\/monde25.info\/index.php\/2024\/11\/14\/quand-la-solidarite-seloigne-le-secours-catholique-sinquiete-de-la-progression-de-la-pauvrete-en-france-rt-en-francais\/","title":{"rendered":"\u00abQuand la solidarit\u00e9 s\u2019\u00e9loigne\u00bb, le Secours catholique s\u2019inqui\u00e8te de la progression de la pauvret\u00e9 en France \u2014 RT en fran\u00e7ais"},"content":{"rendered":"<p> <br \/>\n<br \/><img decoding=\"async\" src=\"https:\/\/mf.b37mrtl.ru\/french\/images\/2024.11\/thumbnail\/6735e13d6f7ccc55250088a2.jpg\" \/><\/p>\n<div>\n<p class=\"text__summary\">\n                                        Le Secours Catholique a publi\u00e9 jeudi 14 novembre son rapport statistique annuel : \u00ab\u00c9tat de la pauvret\u00e9 en France\u00bb. Le document fait \u00e9tat d\u2019un d\u00e9veloppement de la pauvret\u00e9 en France, mais aussi des difficult\u00e9s d\u2019acc\u00e8s \u00e0 la protection sociale.\n                                    <\/p>\n<p>C\u2019est \u00e0 partir d\u2019un document de 171 pages publi\u00e9 le 14 novembre que <a target=\"_blank\" href=\"https:\/\/x.com\/caritasfrance\/status\/1856940878935593255\" target=\"_blank\" rel=\"noopener noreferrer\">le Secours Catholique<\/a> met en garde contre la solidarit\u00e9 qui \u00abs\u2019\u00e9tiole\u00bb en France, faisant valoir qu\u2019un tiers des personnes \u00e9ligibles au revenu de solidarit\u00e9 active (RSA) ne le per\u00e7oivent pas ou encore que 25% des m\u00e9nages rencontr\u00e9s par l\u2019association sont sans ressources.<\/p>\n<div class=\"rtcode\">\n<blockquote class=\"twitter-tweet\">\n<p lang=\"fr\" dir=\"ltr\">[ RAPPORT PAUVRET\u00c9 2024 ] Le Secours Catholique publie son rapport statistique annuel sur l&rsquo;\u00e9tat de la pauvret\u00e9 en France.<\/p>\n<p>Les prestations sociales sont la principale ressource des m\u00e9nages accueillis par le Secours Catholique. Mais l\u2019\u00e9loignement g\u00e9ographique des services publics\u2026 <a target=\"_blank\" href=\"https:\/\/t.co\/9k2NpArWGm\">pic.twitter.com\/9k2NpArWGm<\/a><\/p>\n<p>\u2014 Secours Catholique (@caritasfrance) <a target=\"_blank\" href=\"https:\/\/twitter.com\/caritasfrance\/status\/1856940878935593255?ref_src=twsrc%5Etfw\">November 14, 2024<\/a><\/p><\/blockquote>\n<\/div>\n<p><a target=\"_blank\" href=\"https:\/\/x.com\/caritasfrance\/status\/1856940878935593255\"\/>Le rapport d\u00e9taill\u00e9 fait \u00e9tat d\u2019une difficult\u00e9 d\u2019acc\u00e8s aux prestations sociales mais aussi de la d\u00e9gradation du niveau de vie des plus pauvres.<\/p>\n<h2>\u00abQuand la solidarit\u00e9 s\u2019\u00e9loigne\u00bb, Secours catholique alerte les pouvoirs publics<\/h2>\n<p>Le rapport consacre un chapitre entier \u00e0 la g\u00e9ographie de la pr\u00e9carit\u00e9 faisant valoir \u00abl\u2019\u00e9loignement g\u00e9ographique des services publics\u00bb, mais aussi la \u00abd\u00e9mat\u00e9rialisation\u00bb et la \u00a0\u00abd\u00e9shumanisation\u00bb des services qui coupent une partie des ayants droits de leur aide.<\/p>\n<p>Le rapport de l\u2019association \u00e9voque m\u00eame un \u00abparcours du combattant\u00bb pour acc\u00e9der aux droits en France. Il fait \u00e9tat de d\u00e9marches \u00abcomplexes, fatigantes, surtout lorsque nous avons d\u00e9j\u00e0 des soucis de sant\u00e9\u00bb pour introduire une demande d\u2019acc\u00e8s aux prestations sociales.<\/p>\n<p>L&rsquo;association a fait valoir au <a target=\"_blank\" href=\"https:\/\/x.com\/caritasfrance\/status\/1856994528009261213\">ministre des Solidarit\u00e9s Paul Christophe<\/a> \u00abl&rsquo;importance d&rsquo;un accompagnement humain personnalis\u00e9 pour ne pas rester seul face \u00e0 ses difficult\u00e9s\u00bb en lui pr\u00e9sentant son rapport le 13 novembre, la veille de sa publication.<\/p>\n<div class=\"rtcode\">\n<blockquote class=\"twitter-tweet\">\n<p lang=\"fr\" dir=\"ltr\">Hier, nous avons pu pr\u00e9senter notre Rapport Pauvret\u00e9 2024 au Ministre des Solidarit\u00e9s <a target=\"_blank\" href=\"https:\/\/twitter.com\/christophe_p?ref_src=twsrc%5Etfw\">@christophe_p<\/a> \ud83d\udcc3<\/p>\n<p>Il partage largement nos constats : le trop fort non-recours aux droits, la faiblesse des prestations par rapport aux revenus du travail, et l&rsquo;importance d&rsquo;un accompagnement\u2026 <a target=\"_blank\" href=\"https:\/\/t.co\/JV25R0RpOz\">https:\/\/t.co\/JV25R0RpOz<\/a><\/p>\n<p>\u2014 Secours Catholique (@caritasfrance) <a target=\"_blank\" href=\"https:\/\/twitter.com\/caritasfrance\/status\/1856994528009261213?ref_src=twsrc%5Etfw\">November 14, 2024<\/a><\/p><\/blockquote>\n<\/div>\n<p><a target=\"_blank\" href=\"https:\/\/x.com\/caritasfrance\/status\/1856994528009261213\"\/>L\u2019association a par ailleurs pr\u00e9sent\u00e9 neuf propositions au ministre parmi lesquelles\u00a0: \u00abremettre de l\u2019humain dans le syst\u00e8me de protection sociale\u00bb, \u00abgarantir un acc\u00e8s physique aux administrations\u00bb ou encore \u00abmettre en vigueur un minimum insaisissable de revenus\u00bb et \u00abaugmenter les revenus des m\u00e9nages les plus pauvres\u00bb.<\/p>\n<p>Le ministre des Solidarit\u00e9s a lui fait savoir qu&rsquo;il \u00e9voquerait\u00a0\u00able d\u00e9ploiement du\u00a0<a target=\"_blank\" href=\"https:\/\/solidarites.gouv.fr\/le-pacte-des-solidarites-lutter-contre-la-pauvrete-la-racine\">Pacte des solidarit\u00e9s<\/a>\u00bb avec le pr\u00e9sident du Secours catholique le 14 novembre. Ce \u00abPacte\u00bb vise selon le minist\u00e8re \u00e0\u00a0\u00abla pr\u00e9vention de la pauvret\u00e9, \u00e0 travers une politique de lutte contre les in\u00e9galit\u00e9s \u00e0 la racine, d\u00e8s la petite enfance, et la sortie de la pauvret\u00e9, par l\u2019accompagnement au retour au travail pour tous\u00bb.<\/p>\n<p>Alors que la France est <a target=\"_blank\" href=\"https:\/\/francais.rt.com\/france\/114487-michelin-auchan-suppression-postes-crainte-chomage-france\">menac\u00e9e par le retour du ch\u00f4mage<\/a> et que le <a target=\"_blank\" href=\"https:\/\/francais.rt.com\/france\/114360-nombre-record-sdf-morts-dans-rue-france-2023\">nombre de SDF morts dans la rue n\u2019a jamais \u00e9t\u00e9 aussi \u00e9lev\u00e9 qu\u2019en 2023<\/a>, le rapport du Secours catholique alerte le gouvernement sur le d\u00e9veloppement de la pr\u00e9carit\u00e9 en France.<\/p>\n<\/div>\n<p><script async src=\"\/\/platform.twitter.com\/widgets.js\" charset=\"utf-8\"><\/script><br \/>\n<br \/><br \/>\n<br \/><a href=\"https:\/\/francais.rt.com\/france\/114703-secours-catholique-sinquiete-progression-pauvret%C3%A9-france\" target=\"_blank\"\">Source link <\/a><\/p>\n","protected":false},"excerpt":{"rendered":"<p>Le Secours Catholique a publi\u00e9 jeudi 14 novembre son rapport statistique annuel : \u00ab\u00c9tat de la pauvret\u00e9 en France\u00bb. Le document fait \u00e9tat d\u2019un d\u00e9veloppement de la pauvret\u00e9 en France,&hellip; <\/p>\n","protected":false},"author":1,"featured_media":94,"comment_status":"open","ping_status":"open","sticky":false,"template":"","format":"standard","meta":{"footnotes":""},"categories":[1],"tags":[],"class_list":["post-93","post","type-post","status-publish","format-standard","has-post-thumbnail","hentry","category-non-classe"],"_links":{"self":[{"href":"https:\/\/monde25.info\/index.php\/wp-json\/wp\/v2\/posts\/93","targetHints":{"allow":["GET"]}}],"collection":[{"href":"https:\/\/monde25.info\/index.php\/wp-json\/wp\/v2\/posts"}],"about":[{"href":"https:\/\/monde25.info\/index.php\/wp-json\/wp\/v2\/types\/post"}],"author":[{"embeddable":true,"href":"https:\/\/monde25.info\/index.php\/wp-json\/wp\/v2\/users\/1"}],"replies":[{"embeddable":true,"href":"https:\/\/monde25.info\/index.php\/wp-json\/wp\/v2\/comments?post=93"}],"version-history":[{"count":0,"href":"https:\/\/monde25.info\/index.php\/wp-json\/wp\/v2\/posts\/93\/revisions"}],"wp:featuredmedia":[{"embeddable":true,"href":"https:\/\/monde25.info\/index.php\/wp-json\/wp\/v2\/media\/94"}],"wp:attachment":[{"href":"https:\/\/monde25.info\/index.php\/wp-json\/wp\/v2\/media?parent=93"}],"wp:term":[{"taxonomy":"category","embeddable":true,"href":"https:\/\/monde25.info\/index.php\/wp-json\/wp\/v2\/categories?post=93"},{"taxonomy":"post_tag","embeddable":true,"href":"https:\/\/monde25.info\/index.php\/wp-json\/wp\/v2\/tags?post=93"}],"curies":[{"name":"wp","href":"https:\/\/api.w.org\/{rel}","templated":true}]}}