{"id":9303,"date":"2025-05-31T15:12:35","date_gmt":"2025-05-31T13:12:35","guid":{"rendered":"https:\/\/monde25.info\/index.php\/2025\/05\/31\/village-enseveli-en-suisse-pourquoi-les-glaciers-deviennent-des-bombes-a-retardement\/"},"modified":"2025-05-31T15:12:35","modified_gmt":"2025-05-31T13:12:35","slug":"village-enseveli-en-suisse-pourquoi-les-glaciers-deviennent-des-bombes-a-retardement","status":"publish","type":"post","link":"https:\/\/monde25.info\/index.php\/2025\/05\/31\/village-enseveli-en-suisse-pourquoi-les-glaciers-deviennent-des-bombes-a-retardement\/","title":{"rendered":"Village enseveli en Suisse\u00a0: pourquoi les glaciers deviennent des bombes \u00e0 retardement"},"content":{"rendered":"<p> <br \/>\n<br \/><img loading=\"lazy\" decoding=\"async\" src=\"https:\/\/reporterre.net\/local\/cache-vignettes\/L700xH467\/grandglacierdevenupetitlac-46ea0.jpg?1748673905\" class=\"spip_logo\" width=\"700\" height=\"467\" alt=\"\" \/><\/p>\n<p>L&rsquo;effondrement d&rsquo;un glacier a d\u00e9truit le village de Blatten, en Suisse. Une catastrophe qui a \u00ab<small class=\"fine d-inline\">\u00a0<\/small>un lien fort<small class=\"fine d-inline\">\u00a0<\/small>\u00bb avec le changement climatique, explique \u00e0 Reporterre un g\u00e9omorphologue qui surveille d&rsquo;autres sites sensibles des Alpes. <br class=\"autobr\" \/> La catastrophe \u00e9tait attendue, ses images n&rsquo;en sont pas moins choquantes. Mercredi 28\u00a0mai, des millions de tonnes de glace et de roche se sont d\u00e9vers\u00e9es sur le village de Blatten, dans le canton du Valais, en Suisse, suite \u00e0 l&rsquo;\u00e9boulement du glacier voisin du\u00a0(\u2026)<\/p>\n<p>                    <a target=\"_blank\" href=\"https:\/\/reporterre.net\/Village-enseveli-en-Suisse-pourquoi-les-glaciers-deviennent-des-bombes-a-retardement?utm_source=RSS&amp;utm_medium=RSS\">Lire la suite<\/a><\/p>\n<p>                    &#8211;<br \/>\n                        <a target=\"_blank\" href=\"https:\/\/reporterre.net\/Autres-infos\" rel=\"directory\">Info<\/a><\/p>\n<p>                    \/<br \/>\n                        <a target=\"_blank\" href=\"https:\/\/reporterre.net\/Climat-18\" rel=\"tag\">Climat <\/a><br \/>\n                    ,<br \/>\n                        <a target=\"_blank\" href=\"https:\/\/reporterre.net\/Montagne\" rel=\"tag\">Montagne<\/a><br \/>\n<br \/><br \/>\n<br \/><a href=\"https:\/\/reporterre.net\/Village-enseveli-en-Suisse-pourquoi-les-glaciers-deviennent-des-bombes-a-retardement\" target=\"_blank\"\">Source link <\/a><\/p>\n","protected":false},"excerpt":{"rendered":"<p>L&rsquo;effondrement d&rsquo;un glacier a d\u00e9truit le village de Blatten, en Suisse. Une catastrophe qui a \u00ab\u00a0un lien fort\u00a0\u00bb avec le changement climatique, explique \u00e0 Reporterre un g\u00e9omorphologue qui surveille d&rsquo;autres&hellip; <\/p>\n","protected":false},"author":1,"featured_media":0,"comment_status":"open","ping_status":"open","sticky":false,"template":"","format":"standard","meta":{"footnotes":""},"categories":[1],"tags":[],"class_list":["post-9303","post","type-post","status-publish","format-standard","hentry","category-non-classe"],"_links":{"self":[{"href":"https:\/\/monde25.info\/index.php\/wp-json\/wp\/v2\/posts\/9303","targetHints":{"allow":["GET"]}}],"collection":[{"href":"https:\/\/monde25.info\/index.php\/wp-json\/wp\/v2\/posts"}],"about":[{"href":"https:\/\/monde25.info\/index.php\/wp-json\/wp\/v2\/types\/post"}],"author":[{"embeddable":true,"href":"https:\/\/monde25.info\/index.php\/wp-json\/wp\/v2\/users\/1"}],"replies":[{"embeddable":true,"href":"https:\/\/monde25.info\/index.php\/wp-json\/wp\/v2\/comments?post=9303"}],"version-history":[{"count":0,"href":"https:\/\/monde25.info\/index.php\/wp-json\/wp\/v2\/posts\/9303\/revisions"}],"wp:attachment":[{"href":"https:\/\/monde25.info\/index.php\/wp-json\/wp\/v2\/media?parent=9303"}],"wp:term":[{"taxonomy":"category","embeddable":true,"href":"https:\/\/monde25.info\/index.php\/wp-json\/wp\/v2\/categories?post=9303"},{"taxonomy":"post_tag","embeddable":true,"href":"https:\/\/monde25.info\/index.php\/wp-json\/wp\/v2\/tags?post=9303"}],"curies":[{"name":"wp","href":"https:\/\/api.w.org\/{rel}","templated":true}]}}