{"id":9318,"date":"2025-05-31T20:09:35","date_gmt":"2025-05-31T18:09:35","guid":{"rendered":"https:\/\/monde25.info\/index.php\/2025\/05\/31\/communique-du-pakistan-condamnant-les-declarations-de-narendra-modi-par-mohammad-ishaq-dar\/"},"modified":"2025-05-31T20:09:35","modified_gmt":"2025-05-31T18:09:35","slug":"communique-du-pakistan-condamnant-les-declarations-de-narendra-modi-par-mohammad-ishaq-dar","status":"publish","type":"post","link":"https:\/\/monde25.info\/index.php\/2025\/05\/31\/communique-du-pakistan-condamnant-les-declarations-de-narendra-modi-par-mohammad-ishaq-dar\/","title":{"rendered":"Communiqu\u00e9 du Pakistan condamnant les d\u00e9clarations de Narendra Modi, par Mohammad Ishaq Dar"},"content":{"rendered":"<p> <br \/>\n<\/p>\n<div id=\"article-text\">\n<div class=\"article-text-images crayon article-texte-222365 \">\n<div class=\"spip_document_249081 spip_document spip_documents spip_document_image spip_documents_center spip_document_center spip_document_avec_legende\" data-legende-len=\"475\" data-legende-lenx=\"xxxx\">\n<figure class=\"spip_doc_inner\">\n<img loading=\"lazy\" decoding=\"async\" src=\"https:\/\/www.voltairenet.org\/local\/cache-vignettes\/L640xH480\/400_-_1-242-e139d.jpg?1748695385\" width=\"640\" height=\"480\" alt=\"\"\/><figcaption class=\"spip_doc_legende\">\n<p><strong>Narendra Modi, Premier ministre indien, a affirm\u00e9, le 27 mai 2025, que, constatant que des responsables militaires pakistanais avaient assist\u00e9 aux fun\u00e9railles des terroristes tu\u00e9s dans l\u2019op\u00e9ration Sindoor, le parrainage prolong\u00e9 du terrorisme contre l\u2019Inde par le Pakistan ne doit pas \u00eatre d\u00e9crit simplement comme une guerre par procuration, mais comme une strat\u00e9gie militaire d\u00e9lib\u00e9r\u00e9e et soutenue qui trouve ses racines lors de la partition de l\u2019Empire des Indes en 1947.<br \/>\n<\/strong><\/p>\n<\/figcaption><\/figure>\n<\/div>\n<p>\tLe Pakistan a pris note des propos tenus r\u00e9cemment au Gujarat par le Premier ministre indien, qui s\u2019est exprim\u00e9 avec toute l\u2019exub\u00e9rance et la th\u00e9\u00e2tralit\u00e9 propres \u00e0 un rassemblement \u00e9lectoral et non pas avec la retenue qui sied au dirigeant d\u2019un \u00c9tat dot\u00e9 de l\u2019arme nucl\u00e9aire. L\u2019apologie de la violence fond\u00e9e sur la haine contenue dans ces propos est extr\u00eamement troublante, non seulement quant \u00e0 son fond, mais aussi parce qu\u2019elle cr\u00e9e un dangereux pr\u00e9c\u00e9dent dans une r\u00e9gion d\u00e9j\u00e0 tr\u00e8s volatile. Nous voyons avec regret l\u2019\u00c9tat indien perdre progressivement sa maturit\u00e9 et sa respectabilit\u00e9.<\/p>\n<p>\tDe tels discours sont en contradiction flagrante avec les principes fondamentaux de la Charte des Nations Unies, qui fait obligation aux \u00c9tats Membres de r\u00e9gler leurs diff\u00e9rends par des moyens pacifiques et de s\u2019abstenir de recourir \u00e0 la menace ou \u00e0 l\u2019emploi de la force contre la souverainet\u00e9 ou l\u2019ind\u00e9pendance politique des autres \u00c9tats.<\/p>\n<p>\tLe Pakistan voit dans ces propos une provocation inconsid\u00e9r\u00e9e, destin\u00e9e \u00e0 d\u00e9tourner l\u2019attention des violations de droits de l\u2019homme commises au Jammu-et-Cachemire sous occupation ill\u00e9gale indienne et des tentatives de transformation d\u00e9mographique qui y sont men\u00e9es.<\/p>\n<p>\tL\u2019action dont se targue le Pakistan, qui est l\u2019un des principaux contributeurs aux op\u00e9rations de maintien de la paix des Nations Unies et qui a toujours collabor\u00e9 \u00e0 la lutte mondiale contre le terrorisme, en dit bien plus que n\u2019importe quel discours hostile. Si l\u2019extr\u00e9misme \u00e9tait vraiment l\u2019un des soucis du Gouvernement indien, celui-ci serait bien inspir\u00e9 de regarder \u00e0 l\u2019int\u00e9rieur de ses fronti\u00e8res o\u00f9, sous l\u2019influence d\u2019une id\u00e9ologie Hindutva de plus en plus brutale, l\u2019on constate une progression inqui\u00e9tante du majoritarisme, une mont\u00e9e de l\u2019intol\u00e9rance religieuse et un d\u00e9ni syst\u00e9matique des droits des minorit\u00e9s.<\/p>\n<p>\tLe Pakistan reste attach\u00e9 \u00e0 une paix fond\u00e9e sur le respect mutuel et l\u2019\u00e9galit\u00e9 souveraine. Toutefois, toute menace port\u00e9e \u00e0 sa s\u00e9curit\u00e9 ou \u00e0 son int\u00e9grit\u00e9 territoriale l\u2019am\u00e8nerait \u00e0 prendre des mesures fermes et proportionn\u00e9es, conform\u00e9ment \u00e0 l\u2019article 51 de la Charte des Nations Unies.<\/p>\n<p>\tLa communaut\u00e9 internationale doit prendre note avec toute l\u2019attention requise de l\u2019escalade rh\u00e9torique \u00e0 laquelle se livre l\u2019Inde \u2013 escale qui compromet la stabilit\u00e9 r\u00e9gionale et les perspectives d\u2019une paix durable.<\/p>\n<\/div>\n<aside>\n<\/aside>\n<div class=\"follow\" id=\"social\">\n<h4>Restez en contact<\/h4>\n<div class=\"follow-left\">\n<h5>Suivez-nous sur les r\u00e9seaux sociaux<\/h5>\n<p><a target=\"_blank\" href=\"https:\/\/www.facebook.com\/R%C3%A9seau-Voltaire-en-fran%C3%A7ais-106616878523973\" title=\"\" target=\"_blank\"><img decoding=\"async\" src=\"https:\/\/www.voltairenet.org\/squelettes\/images\/follow-fb.png\" alt=\"\"\/><\/a><br \/>\n<a target=\"_blank\" href=\"https:\/\/t.me\/reseauvoltaire\" title=\"\" target=\"_blank\"><img decoding=\"async\" src=\"https:\/\/www.voltairenet.org\/squelettes\/images\/follow-tg.png\" alt=\"\"\/><\/a><br \/>\n<a target=\"_blank\" href=\"https:\/\/twitter.com\/voltairenetFr\" title=\"\" target=\"_blank\"><img decoding=\"async\" src=\"https:\/\/www.voltairenet.org\/squelettes\/images\/follow-tw.png\" alt=\"\"\/><\/a>\n<\/div>\n<p><h5>Subscribe to weekly newsletter<\/h5>\n<\/p>\n<\/div>\n<p><!--\n\n<div><\/div>\n\n--><\/p>\n<\/div>\n<p><script async src=\"\/\/platform.twitter.com\/widgets.js\" charset=\"utf-8\"><\/script><br \/>\n<br \/><br \/>\n<br \/><a href=\"https:\/\/www.voltairenet.org\/article222365.html\" target=\"_blank\"\">Source link <\/a><\/p>\n","protected":false},"excerpt":{"rendered":"<p>Narendra Modi, Premier ministre indien, a affirm\u00e9, le 27 mai 2025, que, constatant que des responsables militaires pakistanais avaient assist\u00e9 aux fun\u00e9railles des terroristes tu\u00e9s dans l\u2019op\u00e9ration Sindoor, le parrainage&hellip; <\/p>\n","protected":false},"author":1,"featured_media":9319,"comment_status":"open","ping_status":"open","sticky":false,"template":"","format":"standard","meta":{"footnotes":""},"categories":[1],"tags":[],"class_list":["post-9318","post","type-post","status-publish","format-standard","has-post-thumbnail","hentry","category-non-classe"],"_links":{"self":[{"href":"https:\/\/monde25.info\/index.php\/wp-json\/wp\/v2\/posts\/9318","targetHints":{"allow":["GET"]}}],"collection":[{"href":"https:\/\/monde25.info\/index.php\/wp-json\/wp\/v2\/posts"}],"about":[{"href":"https:\/\/monde25.info\/index.php\/wp-json\/wp\/v2\/types\/post"}],"author":[{"embeddable":true,"href":"https:\/\/monde25.info\/index.php\/wp-json\/wp\/v2\/users\/1"}],"replies":[{"embeddable":true,"href":"https:\/\/monde25.info\/index.php\/wp-json\/wp\/v2\/comments?post=9318"}],"version-history":[{"count":0,"href":"https:\/\/monde25.info\/index.php\/wp-json\/wp\/v2\/posts\/9318\/revisions"}],"wp:featuredmedia":[{"embeddable":true,"href":"https:\/\/monde25.info\/index.php\/wp-json\/wp\/v2\/media\/9319"}],"wp:attachment":[{"href":"https:\/\/monde25.info\/index.php\/wp-json\/wp\/v2\/media?parent=9318"}],"wp:term":[{"taxonomy":"category","embeddable":true,"href":"https:\/\/monde25.info\/index.php\/wp-json\/wp\/v2\/categories?post=9318"},{"taxonomy":"post_tag","embeddable":true,"href":"https:\/\/monde25.info\/index.php\/wp-json\/wp\/v2\/tags?post=9318"}],"curies":[{"name":"wp","href":"https:\/\/api.w.org\/{rel}","templated":true}]}}