{"id":9320,"date":"2025-05-31T20:42:34","date_gmt":"2025-05-31T18:42:34","guid":{"rendered":"https:\/\/monde25.info\/index.php\/2025\/05\/31\/incendies-au-canada-21-000-habitants-evacues\/"},"modified":"2025-05-31T20:42:34","modified_gmt":"2025-05-31T18:42:34","slug":"incendies-au-canada-21-000-habitants-evacues","status":"publish","type":"post","link":"https:\/\/monde25.info\/index.php\/2025\/05\/31\/incendies-au-canada-21-000-habitants-evacues\/","title":{"rendered":"Incendies au Canada\u00a0: 21 000 habitants \u00e9vacu\u00e9s"},"content":{"rendered":"<p> <br \/>\n<br \/><img loading=\"lazy\" decoding=\"async\" src=\"https:\/\/reporterre.net\/local\/cache-vignettes\/L700xH467\/canadiaonfire-d2535.jpg?1748607695\" class=\"spip_logo\" width=\"700\" height=\"467\" alt=\"\" \/><\/p>\n<p>Les feux de for\u00eats continuent de ravager le Canada. Apr\u00e8s le Manitoba qui a ordonn\u00e9 jeudi \u00e0 17\u00a0000 personnes d&rsquo;\u00e9vacuer, la Saskatchewan est devenue la deuxi\u00e8me province canadienne \u00e0 d\u00e9clarer l&rsquo;\u00e9tat d&rsquo;urgence et mettre \u00e0 l&rsquo;abri plus de 4\u00a0000 habitants en d\u00e9but de semaine. Selon Le Monde, des avions de l&rsquo;arm\u00e9e de l&rsquo;air ont \u00e9t\u00e9 d\u00e9ploy\u00e9es pour \u00e9vacuer deux communaut\u00e9s autochtones isol\u00e9es au nord de la province. <br class=\"autobr\" \/><br \/>\nCons\u00e9quence du r\u00e9chauffement climatique, le Canada est de plus en plus souvent\u00a0(\u2026)<\/p>\n<p>                    <a target=\"_blank\" href=\"https:\/\/reporterre.net\/Incendies-au-Canada-21-000-habitants-evacues?utm_source=RSS&amp;utm_medium=RSS\">Lire la suite<\/a><\/p>\n<p>                    &#8211;<br \/>\n                        <a target=\"_blank\" href=\"https:\/\/reporterre.net\/Breves-20\" rel=\"directory\">En bref<\/a><\/p>\n<p>                    \/<br \/>\n                        <a target=\"_blank\" href=\"https:\/\/reporterre.net\/Megafeux\" rel=\"tag\">Incendies<\/a><br \/>\n<br \/><br \/>\n<br \/><a href=\"https:\/\/reporterre.net\/Incendies-au-Canada-21-000-habitants-evacues\" target=\"_blank\"\">Source link <\/a><\/p>\n","protected":false},"excerpt":{"rendered":"<p>Les feux de for\u00eats continuent de ravager le Canada. Apr\u00e8s le Manitoba qui a ordonn\u00e9 jeudi \u00e0 17\u00a0000 personnes d&rsquo;\u00e9vacuer, la Saskatchewan est devenue la deuxi\u00e8me province canadienne \u00e0 d\u00e9clarer&hellip; <\/p>\n","protected":false},"author":1,"featured_media":0,"comment_status":"open","ping_status":"open","sticky":false,"template":"","format":"standard","meta":{"footnotes":""},"categories":[1],"tags":[],"class_list":["post-9320","post","type-post","status-publish","format-standard","hentry","category-non-classe"],"_links":{"self":[{"href":"https:\/\/monde25.info\/index.php\/wp-json\/wp\/v2\/posts\/9320","targetHints":{"allow":["GET"]}}],"collection":[{"href":"https:\/\/monde25.info\/index.php\/wp-json\/wp\/v2\/posts"}],"about":[{"href":"https:\/\/monde25.info\/index.php\/wp-json\/wp\/v2\/types\/post"}],"author":[{"embeddable":true,"href":"https:\/\/monde25.info\/index.php\/wp-json\/wp\/v2\/users\/1"}],"replies":[{"embeddable":true,"href":"https:\/\/monde25.info\/index.php\/wp-json\/wp\/v2\/comments?post=9320"}],"version-history":[{"count":0,"href":"https:\/\/monde25.info\/index.php\/wp-json\/wp\/v2\/posts\/9320\/revisions"}],"wp:attachment":[{"href":"https:\/\/monde25.info\/index.php\/wp-json\/wp\/v2\/media?parent=9320"}],"wp:term":[{"taxonomy":"category","embeddable":true,"href":"https:\/\/monde25.info\/index.php\/wp-json\/wp\/v2\/categories?post=9320"},{"taxonomy":"post_tag","embeddable":true,"href":"https:\/\/monde25.info\/index.php\/wp-json\/wp\/v2\/tags?post=9320"}],"curies":[{"name":"wp","href":"https:\/\/api.w.org\/{rel}","templated":true}]}}