{"id":9323,"date":"2025-05-31T21:48:35","date_gmt":"2025-05-31T19:48:35","guid":{"rendered":"https:\/\/monde25.info\/index.php\/2025\/05\/31\/le-gouvernement-veut-faire-de-la-loi-anti-fast-fashion-une-coquille-vide\/"},"modified":"2025-05-31T21:48:35","modified_gmt":"2025-05-31T19:48:35","slug":"le-gouvernement-veut-faire-de-la-loi-anti-fast-fashion-une-coquille-vide","status":"publish","type":"post","link":"https:\/\/monde25.info\/index.php\/2025\/05\/31\/le-gouvernement-veut-faire-de-la-loi-anti-fast-fashion-une-coquille-vide\/","title":{"rendered":"Le gouvernement veut faire de la loi anti-fast-fashion une coquille vide"},"content":{"rendered":"<p> <br \/>\n<br \/><img loading=\"lazy\" decoding=\"async\" src=\"https:\/\/reporterre.net\/local\/cache-vignettes\/L700xH467\/nick-de-partee-5dlboex99cs-unsplash_1_-ac462.jpg?1748607238\" class=\"spip_logo\" width=\"700\" height=\"467\" alt=\"\" \/><\/p>\n<p>Encore un recul inflig\u00e9 \u00e0 la proposition de loi anti-fast-fashion. Cette fois, il ne vient pas du S\u00e9nat, mais du gouvernement. Alors que le texte, vot\u00e9 il y a plus d&rsquo;un an \u00e0 l&rsquo;unanimit\u00e9 par les d\u00e9put\u00e9s, doit \u00eatre examin\u00e9 par les s\u00e9nateurs les 2 et 3\u00a0juin, le gouvernement a d\u00e9pos\u00e9 le 28\u00a0mai un amendement qui supprime le montant des p\u00e9nalit\u00e9s financi\u00e8res pour les marques de fast-fashion. <br class=\"autobr\" \/><br \/>\nAlors que, dans la version adopt\u00e9e par les d\u00e9put\u00e9s, la p\u00e9nalit\u00e9 bas\u00e9e sur l&rsquo;affichage environnemental\u00a0(\u2026)<\/p>\n<p>                    <a target=\"_blank\" href=\"https:\/\/reporterre.net\/Le-gouvernement-veut-faire-de-la-loi-anti-fast-fashion-une-coquille-vide?utm_source=RSS&amp;utm_medium=RSS\">Lire la suite<\/a><\/p>\n<p>                    &#8211;<br \/>\n                        <a target=\"_blank\" href=\"https:\/\/reporterre.net\/Breves-20\" rel=\"directory\">En bref<\/a><\/p>\n<p>                    \/<br \/>\n                        <a target=\"_blank\" href=\"https:\/\/reporterre.net\/Economie\" rel=\"tag\">\u00c9conomie<\/a><br \/>\n                    ,<br \/>\n                        <a target=\"_blank\" href=\"https:\/\/reporterre.net\/Politique\" rel=\"tag\">Politique<\/a><br \/>\n                    ,<br \/>\n                        <a target=\"_blank\" href=\"https:\/\/reporterre.net\/Quotidien\" rel=\"tag\">Quotidien<\/a><br \/>\n<br \/><br \/>\n<br \/><a href=\"https:\/\/reporterre.net\/Le-gouvernement-veut-faire-de-la-loi-anti-fast-fashion-une-coquille-vide\" target=\"_blank\"\">Source link <\/a><\/p>\n","protected":false},"excerpt":{"rendered":"<p>Encore un recul inflig\u00e9 \u00e0 la proposition de loi anti-fast-fashion. Cette fois, il ne vient pas du S\u00e9nat, mais du gouvernement. Alors que le texte, vot\u00e9 il y a plus&hellip; <\/p>\n","protected":false},"author":1,"featured_media":0,"comment_status":"open","ping_status":"open","sticky":false,"template":"","format":"standard","meta":{"footnotes":""},"categories":[1],"tags":[],"class_list":["post-9323","post","type-post","status-publish","format-standard","hentry","category-non-classe"],"_links":{"self":[{"href":"https:\/\/monde25.info\/index.php\/wp-json\/wp\/v2\/posts\/9323","targetHints":{"allow":["GET"]}}],"collection":[{"href":"https:\/\/monde25.info\/index.php\/wp-json\/wp\/v2\/posts"}],"about":[{"href":"https:\/\/monde25.info\/index.php\/wp-json\/wp\/v2\/types\/post"}],"author":[{"embeddable":true,"href":"https:\/\/monde25.info\/index.php\/wp-json\/wp\/v2\/users\/1"}],"replies":[{"embeddable":true,"href":"https:\/\/monde25.info\/index.php\/wp-json\/wp\/v2\/comments?post=9323"}],"version-history":[{"count":0,"href":"https:\/\/monde25.info\/index.php\/wp-json\/wp\/v2\/posts\/9323\/revisions"}],"wp:attachment":[{"href":"https:\/\/monde25.info\/index.php\/wp-json\/wp\/v2\/media?parent=9323"}],"wp:term":[{"taxonomy":"category","embeddable":true,"href":"https:\/\/monde25.info\/index.php\/wp-json\/wp\/v2\/categories?post=9323"},{"taxonomy":"post_tag","embeddable":true,"href":"https:\/\/monde25.info\/index.php\/wp-json\/wp\/v2\/tags?post=9323"}],"curies":[{"name":"wp","href":"https:\/\/api.w.org\/{rel}","templated":true}]}}