{"id":9347,"date":"2025-06-01T06:03:35","date_gmt":"2025-06-01T04:03:35","guid":{"rendered":"https:\/\/monde25.info\/index.php\/2025\/06\/01\/a69-relancee-notre-colere-na-jamais-ete-aussi-forte\/"},"modified":"2025-06-01T06:03:35","modified_gmt":"2025-06-01T04:03:35","slug":"a69-relancee-notre-colere-na-jamais-ete-aussi-forte","status":"publish","type":"post","link":"https:\/\/monde25.info\/index.php\/2025\/06\/01\/a69-relancee-notre-colere-na-jamais-ete-aussi-forte\/","title":{"rendered":"A69 relanc\u00e9e\u00a0: \u00ab\u00a0Notre col\u00e8re n&#039;a jamais \u00e9t\u00e9 aussi forte\u00a0\u00bb"},"content":{"rendered":"<p> <br \/>\n<br \/><img loading=\"lazy\" decoding=\"async\" src=\"https:\/\/reporterre.net\/local\/cache-vignettes\/L700xH467\/afp__20250228__hl_aberlioz_2681100__v1__highres__francerallyfollowingcancellationofe_1_-6b6e6.jpg?1748432156\" class=\"spip_logo\" width=\"700\" height=\"467\" alt=\"\" \/><\/p>\n<p>Alors que la justice a autoris\u00e9 la reprise du chantier de l&rsquo;autoroute Toulouse-Castres, le 28\u00a0mai, des militants appellent dans cette tribune \u00e0 continuer la lutte. \u00ab<small class=\"fine d-inline\">\u00a0<\/small>Nous pouvons encore arracher la victoire.<small class=\"fine d-inline\">\u00a0<\/small>\u00bb <br class=\"autobr\" \/> Le retour des pelleteuses nous est insupportable. Nous ne voulons plus r\u00e9entendre le fracas des machines, voir notre terre qu&rsquo;on arase et qu&rsquo;on b\u00e9tonne, priv\u00e9e de toute vie.\u00a0Nous n&rsquo;acceptons pas que le massacre continue, que la violence de l&rsquo;am\u00e9nagement du territoire se poursuive au\u00a0(\u2026)<\/p>\n<p>                    <a target=\"_blank\" href=\"https:\/\/reporterre.net\/A69-relancee-Notre-colere-n-a-jamais-ete-aussi-forte?utm_source=RSS&amp;utm_medium=RSS\">Lire la suite<\/a><\/p>\n<p>                    &#8211;<br \/>\n                        <a target=\"_blank\" href=\"https:\/\/reporterre.net\/Tribune-15\" rel=\"directory\">Tribune<\/a><\/p>\n<p>                    \/<br \/>\n                        <a target=\"_blank\" href=\"https:\/\/reporterre.net\/Autoroutes\" rel=\"tag\">Autoroutes<\/a><br \/>\n                    ,<br \/>\n                        <a target=\"_blank\" href=\"https:\/\/reporterre.net\/A69\" rel=\"tag\">A69<\/a><br \/>\n<br \/><br \/>\n<br \/><a href=\"https:\/\/reporterre.net\/A69-relancee-Notre-colere-n-a-jamais-ete-aussi-forte\" target=\"_blank\"\">Source link <\/a><\/p>\n","protected":false},"excerpt":{"rendered":"<p>Alors que la justice a autoris\u00e9 la reprise du chantier de l&rsquo;autoroute Toulouse-Castres, le 28\u00a0mai, des militants appellent dans cette tribune \u00e0 continuer la lutte. \u00ab\u00a0Nous pouvons encore arracher la&hellip; <\/p>\n","protected":false},"author":1,"featured_media":0,"comment_status":"open","ping_status":"open","sticky":false,"template":"","format":"standard","meta":{"footnotes":""},"categories":[1],"tags":[],"class_list":["post-9347","post","type-post","status-publish","format-standard","hentry","category-non-classe"],"_links":{"self":[{"href":"https:\/\/monde25.info\/index.php\/wp-json\/wp\/v2\/posts\/9347","targetHints":{"allow":["GET"]}}],"collection":[{"href":"https:\/\/monde25.info\/index.php\/wp-json\/wp\/v2\/posts"}],"about":[{"href":"https:\/\/monde25.info\/index.php\/wp-json\/wp\/v2\/types\/post"}],"author":[{"embeddable":true,"href":"https:\/\/monde25.info\/index.php\/wp-json\/wp\/v2\/users\/1"}],"replies":[{"embeddable":true,"href":"https:\/\/monde25.info\/index.php\/wp-json\/wp\/v2\/comments?post=9347"}],"version-history":[{"count":0,"href":"https:\/\/monde25.info\/index.php\/wp-json\/wp\/v2\/posts\/9347\/revisions"}],"wp:attachment":[{"href":"https:\/\/monde25.info\/index.php\/wp-json\/wp\/v2\/media?parent=9347"}],"wp:term":[{"taxonomy":"category","embeddable":true,"href":"https:\/\/monde25.info\/index.php\/wp-json\/wp\/v2\/categories?post=9347"},{"taxonomy":"post_tag","embeddable":true,"href":"https:\/\/monde25.info\/index.php\/wp-json\/wp\/v2\/tags?post=9347"}],"curies":[{"name":"wp","href":"https:\/\/api.w.org\/{rel}","templated":true}]}}