{"id":9350,"date":"2025-06-01T07:09:39","date_gmt":"2025-06-01T05:09:39","guid":{"rendered":"https:\/\/monde25.info\/index.php\/2025\/06\/01\/le-gouvernement-eteint-la-cigarette-dans-lespace-public-familial\/"},"modified":"2025-06-01T07:09:39","modified_gmt":"2025-06-01T05:09:39","slug":"le-gouvernement-eteint-la-cigarette-dans-lespace-public-familial","status":"publish","type":"post","link":"https:\/\/monde25.info\/index.php\/2025\/06\/01\/le-gouvernement-eteint-la-cigarette-dans-lespace-public-familial\/","title":{"rendered":"Le gouvernement \u00e9teint la cigarette dans l\u2019espace public familial"},"content":{"rendered":"<p> <br \/>\n<\/p>\n<div>\n<p><strong>\u00c0 partir du 1er juillet prochain, fumer sera interdit autour des plages, des \u00e9coles, des abribus ou encore des parcs en France. Cette mesure, annonc\u00e9e par la ministre Catherine Vautrin dans <\/strong><em><strong>Ouest-France<\/strong><\/em><strong>, vise \u00e0 prot\u00e9ger les enfants et \u00e0 renforcer la lutte contre le tabagisme passif dans les lieux publics ext\u00e9rieurs.<\/strong><\/p>\n<p>Adieu m\u00e9gots dans le sable et volutes devant les grilles d\u2019\u00e9cole : le gouvernement serre la vis sur la cigarette. D\u00e8s cet \u00e9t\u00e9, les fumeurs devront s\u2019\u00e9loigner des lieux fr\u00e9quent\u00e9s par les enfants, sous peine d\u2019une amende de 135 euros. \u00ab\u00a0L\u00e0 o\u00f9 il y a des enfants, le tabac doit dispara\u00eetre\u00a0\u00bb, a martel\u00e9 la ministre du Travail, de la Sant\u00e9 et des Familles. Abribus, jardins publics, abords des \u00e9tablissements scolaires et \u00e9quipements sportifs deviennent des sanctuaires sans tabac, m\u00eame si les terrasses et les cigarettes \u00e9lectroniques \u00e9chappent, pour l\u2019instant, \u00e0 cette vague de purification de l\u2019air.<\/p>\n<p>La mesure s\u2019inscrit dans une strat\u00e9gie plus large, le Programme national de lutte contre le tabac 2023-2027, cens\u00e9 pr\u00e9parer une \u00ab\u00a0g\u00e9n\u00e9ration sans tabac\u00a0\u00bb d\u2019ici 2032. En attendant, les enfants continueront d\u2019inhaler les vapeurs des e-cigarettes aromatis\u00e9es, le gouvernement n\u2019ayant pr\u00e9vu de r\u00e9gulation qu\u2019\u00e0 l\u2019horizon 2026. L\u2019ambition est salu\u00e9e par les associations, mais certaines voix s\u2019interrogent sur l\u2019efficacit\u00e9 r\u00e9elle sans un encadrement plus strict du vapotage, devenu une porte d\u2019entr\u00e9e vers la d\u00e9pendance chez les jeunes, selon Sant\u00e9 publique France.<\/p>\n<p>Pour la Ligue contre le cancer, c\u2019est \u00ab\u00a0un ajout salutaire\u00a0\u00bb \u00e0 la r\u00e9glementation actuelle. Le Comit\u00e9 national contre le tabagisme rappelle que ces interdictions \u00ab\u00a0d\u00e9normalisent la consommation\u00a0\u00bb et ont un impact r\u00e9el sur les habitudes. Avec d\u00e9j\u00e0 1 600 communes engag\u00e9es dans la cr\u00e9ation de zones sans tabac, le terrain est pr\u00eat. Reste \u00e0 voir si les fumeurs joueront le jeu \u2014 ou si la pause cigarette se fera plus discr\u00e8te, mais pas moins toxique.<\/p>\n<\/div>\n<p><script>(function(d, s, id) {  var js, fjs = d.getElementsByTagName(s)[0];  if (d.getElementById(id)) return;  js = d.createElement(s); js.id = id;  js.src = \"\/\/connect.facebook.net\/fr_FR\/sdk.js#xfbml=1&version=v2.3\";  fjs.parentNode.insertBefore(js, fjs);}(document, \"script\", \"facebook-jssdk\"));<\/script><br \/>\n<br \/><br \/>\n<br \/><a href=\"https:\/\/www.francesoir.fr\/politique-france\/le-gouvernement-eteint-la-cigarette-dans-l-espace-public-familial\" target=\"_blank\"\">Source link <\/a><\/p>\n","protected":false},"excerpt":{"rendered":"<p>\u00c0 partir du 1er juillet prochain, fumer sera interdit autour des plages, des \u00e9coles, des abribus ou encore des parcs en France. Cette mesure, annonc\u00e9e par la ministre Catherine Vautrin&hellip; <\/p>\n","protected":false},"author":1,"featured_media":9351,"comment_status":"open","ping_status":"open","sticky":false,"template":"","format":"standard","meta":{"footnotes":""},"categories":[1],"tags":[],"class_list":["post-9350","post","type-post","status-publish","format-standard","has-post-thumbnail","hentry","category-non-classe"],"_links":{"self":[{"href":"https:\/\/monde25.info\/index.php\/wp-json\/wp\/v2\/posts\/9350","targetHints":{"allow":["GET"]}}],"collection":[{"href":"https:\/\/monde25.info\/index.php\/wp-json\/wp\/v2\/posts"}],"about":[{"href":"https:\/\/monde25.info\/index.php\/wp-json\/wp\/v2\/types\/post"}],"author":[{"embeddable":true,"href":"https:\/\/monde25.info\/index.php\/wp-json\/wp\/v2\/users\/1"}],"replies":[{"embeddable":true,"href":"https:\/\/monde25.info\/index.php\/wp-json\/wp\/v2\/comments?post=9350"}],"version-history":[{"count":0,"href":"https:\/\/monde25.info\/index.php\/wp-json\/wp\/v2\/posts\/9350\/revisions"}],"wp:featuredmedia":[{"embeddable":true,"href":"https:\/\/monde25.info\/index.php\/wp-json\/wp\/v2\/media\/9351"}],"wp:attachment":[{"href":"https:\/\/monde25.info\/index.php\/wp-json\/wp\/v2\/media?parent=9350"}],"wp:term":[{"taxonomy":"category","embeddable":true,"href":"https:\/\/monde25.info\/index.php\/wp-json\/wp\/v2\/categories?post=9350"},{"taxonomy":"post_tag","embeddable":true,"href":"https:\/\/monde25.info\/index.php\/wp-json\/wp\/v2\/tags?post=9350"}],"curies":[{"name":"wp","href":"https:\/\/api.w.org\/{rel}","templated":true}]}}