{"id":9361,"date":"2025-06-01T11:00:39","date_gmt":"2025-06-01T09:00:39","guid":{"rendered":"https:\/\/monde25.info\/index.php\/2025\/06\/01\/communique-du-pakistan-condamnant-les-declarations-de-narendra-modi\/"},"modified":"2025-06-01T11:00:39","modified_gmt":"2025-06-01T09:00:39","slug":"communique-du-pakistan-condamnant-les-declarations-de-narendra-modi","status":"publish","type":"post","link":"https:\/\/monde25.info\/index.php\/2025\/06\/01\/communique-du-pakistan-condamnant-les-declarations-de-narendra-modi\/","title":{"rendered":"Communiqu\u00e9 du Pakistan condamnant les d\u00e9clarations de Narendra Modi"},"content":{"rendered":"<p> <br \/>\n<\/p>\n<div>\n<ol class=\"campaign-loop campaign-list\">\n<li id=\"campaign-455508\" class=\"post-455508 campaign type-campaign status-publish hentry campaign-has-goal campaign-has-not-achieved-goal campaign-has-end-date campaign-has-not-ended\">\n\t<a target=\"_blank\" href=\"https:\/\/reseauinternational.net\/campaigns\/campagne-de-dons-mai-2025\/\"><\/p>\n<h3>Campagne de dons \u2013 Mai 2025<\/h3>\n<p>\t\t\t<\/a><\/p>\n<p>\n\tChers amis lecteurs, Nous faisons \u00e0 nouveau appel \u00e0 vous pour une nouvelle campagne de dons. Votre soutien nous est indispensable pour continuer \u00e0 vous fournir le meilleur de l\u2019information internationale alternative. C\u2019est gr\u00e2ce \u00e0 vos dons que nous pourrons maintenir le cap pour une information plurielle et r\u00e9ellement alternative. Nous comptons sur vous.<\/p>\n<p>\n<span class=\"amount\">10 850,00\u00a0\u20ac<\/span> de l\u2019objectif de <span class=\"goal-amount\">25 000,00\u00a0\u20ac<\/span> atteint<\/p>\n<\/li>\n<\/ol>\n<p>par\u00a0<strong>Mohammad Ishaq Dar<\/strong><\/p>\n<p>Le Pakistan a pris note des propos tenus r\u00e9cemment au Gujarat par le Premier ministre indien, qui s\u2019est exprim\u00e9 avec toute l\u2019exub\u00e9rance et la th\u00e9\u00e2tralit\u00e9 propres \u00e0 un rassemblement \u00e9lectoral et non pas avec la retenue qui sied au dirigeant d\u2019un \u00c9tat dot\u00e9 de l\u2019arme nucl\u00e9aire. L\u2019apologie de la violence fond\u00e9e sur la haine contenue dans ces propos est extr\u00eamement troublante, non seulement quant \u00e0 son fond, mais aussi parce qu\u2019elle cr\u00e9e un dangereux pr\u00e9c\u00e9dent dans une r\u00e9gion d\u00e9j\u00e0 tr\u00e8s volatile. Nous voyons avec regret l\u2019\u00c9tat indien perdre progressivement sa maturit\u00e9 et sa respectabilit\u00e9.<\/p>\n<p>De tels discours sont en contradiction flagrante avec les principes fondamentaux de la Charte des Nations Unies, qui fait obligation aux \u00c9tats Membres de r\u00e9gler leurs diff\u00e9rends par des moyens pacifiques et de s\u2019abstenir de recourir \u00e0 la menace ou \u00e0 l\u2019emploi de la force contre la souverainet\u00e9 ou l\u2019ind\u00e9pendance politique des autres \u00c9tats.<\/p>\n<p>Le Pakistan voit dans ces propos une provocation inconsid\u00e9r\u00e9e, destin\u00e9e \u00e0 d\u00e9tourner l\u2019attention des violations de droits de l\u2019homme commises au Jammu-et-Cachemire sous occupation ill\u00e9gale indienne et des tentatives de transformation d\u00e9mographique qui y sont men\u00e9es.<\/p>\n<p>L\u2019action dont se targue le Pakistan, qui est l\u2019un des principaux contributeurs aux op\u00e9rations de maintien de la paix des Nations Unies et qui a toujours collabor\u00e9 \u00e0 la lutte mondiale contre le terrorisme, en dit bien plus que n\u2019importe quel discours hostile. Si l\u2019extr\u00e9misme \u00e9tait vraiment l\u2019un des soucis du Gouvernement indien, celui-ci serait bien inspir\u00e9 de regarder \u00e0 l\u2019int\u00e9rieur de ses fronti\u00e8res o\u00f9, sous l\u2019influence d\u2019une id\u00e9ologie Hindutva de plus en plus brutale, l\u2019on constate une progression inqui\u00e9tante du majoritarisme, une mont\u00e9e de l\u2019intol\u00e9rance religieuse et un d\u00e9ni syst\u00e9matique des droits des minorit\u00e9s.<\/p>\n<p>Le Pakistan reste attach\u00e9 \u00e0 une paix fond\u00e9e sur le respect mutuel et l\u2019\u00e9galit\u00e9 souveraine. Toutefois, toute menace port\u00e9e \u00e0 sa s\u00e9curit\u00e9 ou \u00e0 son int\u00e9grit\u00e9 territoriale l\u2019am\u00e8nerait \u00e0 prendre des mesures fermes et proportionn\u00e9es, conform\u00e9ment \u00e0 l\u2019article 51 de la Charte des Nations Unies.<\/p>\n<p>La communaut\u00e9 internationale doit prendre note avec toute l\u2019attention requise de l\u2019escalade rh\u00e9torique \u00e0 laquelle se livre l\u2019Inde \u2013 escale qui compromet la stabilit\u00e9 r\u00e9gionale et les perspectives d\u2019une paix durable.<\/p>\n<p>source : <a target=\"_blank\" href=\"https:\/\/www.voltairenet.org\/article222365.html\" target=\"_blank\" rel=\"noopener\" title=\"R\u00e9seau Voltaire\">R\u00e9seau Voltaire<\/a><\/p>\n<div class=\"sharedaddy sd-block sd-like jetpack-likes-widget-wrapper jetpack-likes-widget-unloaded\" id=\"like-post-wrapper-237719536-461784-683c14ef1337f\" data-src=\"https:\/\/widgets.wp.com\/likes\/?ver=14.6#blog_id=237719536&amp;post_id=461784&amp;origin=reseauinternational.net&amp;obj_id=237719536-461784-683c14ef1337f\" data-name=\"like-post-frame-237719536-461784-683c14ef1337f\" data-title=\"Aimer ou rebloguer\">\n<h3 class=\"sd-title\">J\u2019aime \u00e7a\u00a0:<\/h3>\n<p><span class=\"button\"><span>J\u2019aime<\/span><\/span> <span class=\"loading\">chargement\u2026<\/span><\/p>\n<p><span class=\"sd-text-color\"\/><a target=\"_blank\" class=\"sd-link-color\"\/><\/div>\n<p><meta itemscope=\"\" itemprop=\"mainEntityOfPage\" itemtype=\"https:\/\/schema.org\/WebPage\" itemid=\"https:\/\/reseauinternational.net\/communique-du-pakistan-condamnant-les-declarations-de-narendra-modi\/\"\/><meta itemprop=\"headline\" content=\"Communiqu\u00e9 du Pakistan condamnant les d\u00e9clarations de Narendra Modi\"\/><span style=\"display: none;\" itemprop=\"author\" itemscope=\"\" itemtype=\"https:\/\/schema.org\/Person\"><meta itemprop=\"name\" content=\"R\u00e9seau International\"\/><\/span><span style=\"display: none;\" itemprop=\"image\" itemscope=\"\" itemtype=\"https:\/\/schema.org\/ImageObject\"><meta itemprop=\"url\" content=\"https:\/\/i0.wp.com\/reseauinternational.net\/wp-content\/uploads\/2025\/06\/Pakistan-20250601.jpg?fit=800%2C467&amp;quality=100&amp;ssl=1\"\/><meta itemprop=\"width\" content=\"800\"\/><meta itemprop=\"height\" content=\"467\"\/><\/span><span style=\"display: none;\" itemprop=\"publisher\" itemscope=\"\" itemtype=\"https:\/\/schema.org\/Organization\"><span style=\"display: none;\" itemprop=\"logo\" itemscope=\"\" itemtype=\"https:\/\/schema.org\/ImageObject\"><meta itemprop=\"url\" content=\"https:\/\/reseauinternational.net\/wp-content\/uploads\/2022\/06\/Capture-de\u0301cran-2022-06-14-a\u0300-16.51.07.png\"\/><\/span><meta itemprop=\"name\" content=\"R\u00e9seau International\"\/><\/span><meta itemprop=\"datePublished\" content=\"2025-06-01T10:52:43+00:00\"\/><meta itemprop=\"dateModified\" content=\"2025-06-01T10:52:52+00:00\"\/><\/div>\n<p><br \/>\n<br \/><a href=\"https:\/\/reseauinternational.net\/communique-du-pakistan-condamnant-les-declarations-de-narendra-modi\/\" target=\"_blank\"\">Source link <\/a><\/p>\n","protected":false},"excerpt":{"rendered":"<p>Campagne de dons \u2013 Mai 2025 Chers amis lecteurs, Nous faisons \u00e0 nouveau appel \u00e0 vous pour une nouvelle campagne de dons. Votre soutien nous est indispensable pour continuer \u00e0&hellip; <\/p>\n","protected":false},"author":1,"featured_media":9362,"comment_status":"open","ping_status":"open","sticky":false,"template":"","format":"standard","meta":{"footnotes":""},"categories":[1],"tags":[],"class_list":["post-9361","post","type-post","status-publish","format-standard","has-post-thumbnail","hentry","category-non-classe"],"_links":{"self":[{"href":"https:\/\/monde25.info\/index.php\/wp-json\/wp\/v2\/posts\/9361","targetHints":{"allow":["GET"]}}],"collection":[{"href":"https:\/\/monde25.info\/index.php\/wp-json\/wp\/v2\/posts"}],"about":[{"href":"https:\/\/monde25.info\/index.php\/wp-json\/wp\/v2\/types\/post"}],"author":[{"embeddable":true,"href":"https:\/\/monde25.info\/index.php\/wp-json\/wp\/v2\/users\/1"}],"replies":[{"embeddable":true,"href":"https:\/\/monde25.info\/index.php\/wp-json\/wp\/v2\/comments?post=9361"}],"version-history":[{"count":0,"href":"https:\/\/monde25.info\/index.php\/wp-json\/wp\/v2\/posts\/9361\/revisions"}],"wp:featuredmedia":[{"embeddable":true,"href":"https:\/\/monde25.info\/index.php\/wp-json\/wp\/v2\/media\/9362"}],"wp:attachment":[{"href":"https:\/\/monde25.info\/index.php\/wp-json\/wp\/v2\/media?parent=9361"}],"wp:term":[{"taxonomy":"category","embeddable":true,"href":"https:\/\/monde25.info\/index.php\/wp-json\/wp\/v2\/categories?post=9361"},{"taxonomy":"post_tag","embeddable":true,"href":"https:\/\/monde25.info\/index.php\/wp-json\/wp\/v2\/tags?post=9361"}],"curies":[{"name":"wp","href":"https:\/\/api.w.org\/{rel}","templated":true}]}}