{"id":9371,"date":"2025-06-01T14:18:45","date_gmt":"2025-06-01T12:18:45","guid":{"rendered":"https:\/\/monde25.info\/index.php\/2025\/06\/01\/le-genocidaire-ben-gvir-menace-la-france-dattentats-islamistes-enfant-de-la-societe-sott-net\/"},"modified":"2025-06-01T14:18:45","modified_gmt":"2025-06-01T12:18:45","slug":"le-genocidaire-ben-gvir-menace-la-france-dattentats-islamistes-enfant-de-la-societe-sott-net","status":"publish","type":"post","link":"https:\/\/monde25.info\/index.php\/2025\/06\/01\/le-genocidaire-ben-gvir-menace-la-france-dattentats-islamistes-enfant-de-la-societe-sott-net\/","title":{"rendered":"le g\u00e9nocidaire Ben-Gvir menace la France d&rsquo;attentats islamistes \u2014 Enfant de la Soci\u00e9t\u00e9 \u2014 Sott.net"},"content":{"rendered":"<p> <br \/>\n<\/p>\n<div>\n      De plus, Ben-Gvir a menac\u00e9 directement Macron d&rsquo;une balle dans la t\u00eate. Or, ce qu&rsquo;il ne sait pas, c&rsquo;est que nous seuls, Fran\u00e7ais, avons le droit de critiquer ou de houspiller Macron, parce qu&rsquo;on est fran\u00e7ais. Mais lui, en tant que raciste isra\u00e9lien, n&rsquo;en a pas le droit, et d\u00e9clenche automatiquement, par le jeu des alliances et de la solidarit\u00e9 nationales, notre d\u00e9fense du Pr\u00e9sident. Touche pas \u00e0 Macron, salopard !<br \/>\n<\/p>\n<div class=\"article-image-super to-center\"><a target=\"_blank\" href=\"https:\/\/fr.sott.net\/image\/s36\/728490\/full\/arton78483_9ce3a.jpg\" target=\"_blank\"><img decoding=\"async\" src=\"https:\/\/fr.sott.net\/image\/s36\/728490\/super\/arton78483_9ce3a.jpg\" alt=\"ghjk\" title=\"Cliquer pour agrandir\"\/><\/a><\/div>\n<p><iframe loading=\"lazy\" width=\"600\" height=\"801\" src=\"https:\/\/www.sott.net\/embed\/e_JUppMUCjveFH8RvTwxSQnQkAV\" allowfullscreen=\"\"><\/iframe><\/p>\n<p>Les plus retard\u00e9s des lecteurs de X comprendront ce qu&rsquo;il en est, apr\u00e8s cet aveu, du terrorisme islamiste, celui qui a par exemple frapp\u00e9 le 7 janvier ou le 13 novembre 2015.<\/p>\n<p>Depuis que Macron, qui donne en permanence des gages \u00e0 droite et \u00e0 gauche et des deux c\u00f4t\u00e9s de la ligne rouge, jusqu&rsquo;\u00e0 en perdre son latin et le n\u00f4tre, a parl\u00e9 d&rsquo;un \u00c9tat palestinien, il est devenu la b\u00eate noire des g\u00e9nocidaires. Raval\u00e9 au rang d&rsquo;un M\u00e9lenchon.<\/p>\n<p><iframe loading=\"lazy\" width=\"600\" height=\"971\" src=\"https:\/\/www.sott.net\/embed\/EEmXZvEmBI838hDoonDbSiZDMzg\" allowfullscreen=\"\"><\/iframe><\/p>\n<p>On ne pr\u00eatera pas grande attention au v\u0153u pieux, totalement irr\u00e9alisable, de notre pr\u00e9sident sur la solution \u00e0 deux \u00c9tats, une id\u00e9e foireuse qui participe du confort moral des pays qui ne s&rsquo;opposent pratiquement pas \u00e0 la pers\u00e9cution des Palestiniens, et aujourd&rsquo;hui \u00e0 leur g\u00e9nocide programm\u00e9. Charles Enderlin d\u00e9voile ici le double jeu d&rsquo;Isra\u00ebl vis-\u00e0-vis de Hamas, un ennemi parfait.<\/p>\n<p><iframe loading=\"lazy\" width=\"600\" height=\"851\" src=\"https:\/\/www.sott.net\/embed\/Dfy_W4LOtYYStCvdkzGwRrBGMtX\" allowfullscreen=\"\"><\/iframe><\/p>\n<p>La position mouvante de Macron d\u00e9stabilise les journalistes mainstream, qui attendent des ordres clairs de l&rsquo;\u00c9lys\u00e9e. Ils ne savent plus aujourd&rsquo;hui sur quel pied danser : faut-il \u00eatre pour ou contre le g\u00e9nocide ? Ici, on voit une perruche biberonn\u00e9e \u00e0 l&rsquo;isra\u00e9lisme compl\u00e8tement paum\u00e9e devant la sortie brute de Guillaume Ancel.<\/p>\n<blockquote class=\"typ1\"><p>\n<strong>Ancel <\/strong> : je dis bien sous pr\u00e9texte de sortir des otages, Netanyahou fait ex\u00e9cuter tous les jours une centaine de Palestiniens qui ne sont m\u00eame pas li\u00e9s au Hamas ! Donc je suis d\u00e9sol\u00e9, ce sont des ex\u00e9cutions, ce sont des m\u00e9thodes de nazis, quoi !<\/p>\n<p><strong>Perruche <\/strong> : Ce sont des mots tr\u00e8s, tr\u00e8s forts que vous employez, on peut pas quand m\u00eame ne pas revenir dessus, \u00ab des m\u00e9thodes de nazis \u00bb, Guillaume Ancel, ils vous appartiennent ces mots, n\u00e9anmoins ils sont tr\u00e8s forts, vous ne les jugez pas, en y r\u00e9fl\u00e9chissant \u00e0 nouveau, un peu excessifs ?\n<\/p>\n<\/blockquote>\n<p><iframe loading=\"lazy\" width=\"600\" height=\"578\" src=\"https:\/\/www.sott.net\/embed\/NR1t6TxUXroZMoE_f9Pk2WgLNSU\" allowfullscreen=\"\"><\/iframe><\/p>\n<p>En vertu de l&rsquo;appui \u00e0 la maison m\u00e8re g\u00e9nocidaire, le passage du lobby juif fran\u00e7ais de la gauche \u00e0 l&rsquo;extr\u00eame droite a totalement d\u00e9sar\u00e7onn\u00e9 les journalistes fran\u00e7ais qui \u00e9taient encore soumis au dogme isra\u00e9liste de gauche. Pourtant interdits depuis 40 ans de faire la promotion de l&rsquo;extr\u00eame droite en France, ils se retrouvent \u00e0 devoir d\u00e9fendre le pouvoir et la politique d&rsquo;extr\u00eame droite en Isra\u00ebl, violant les droits de l&rsquo;homme du matin au soir. Le lobby m\u00e9diatique, sous nos yeux, est en train d&rsquo;exploser sous cette double injonction.\n\t\t<\/div>\n<p><br \/>\n<br \/><a href=\"https:\/\/fr.sott.net\/article\/44349-Insolite-le-genocidaire-Ben-Gvir-menace-la-France-d-attentats-islamistes\" target=\"_blank\"\">Source link <\/a><\/p>\n","protected":false},"excerpt":{"rendered":"<p>De plus, Ben-Gvir a menac\u00e9 directement Macron d&rsquo;une balle dans la t\u00eate. Or, ce qu&rsquo;il ne sait pas, c&rsquo;est que nous seuls, Fran\u00e7ais, avons le droit de critiquer ou de&hellip; <\/p>\n","protected":false},"author":1,"featured_media":9372,"comment_status":"open","ping_status":"open","sticky":false,"template":"","format":"standard","meta":{"footnotes":""},"categories":[1],"tags":[],"class_list":["post-9371","post","type-post","status-publish","format-standard","has-post-thumbnail","hentry","category-non-classe"],"_links":{"self":[{"href":"https:\/\/monde25.info\/index.php\/wp-json\/wp\/v2\/posts\/9371","targetHints":{"allow":["GET"]}}],"collection":[{"href":"https:\/\/monde25.info\/index.php\/wp-json\/wp\/v2\/posts"}],"about":[{"href":"https:\/\/monde25.info\/index.php\/wp-json\/wp\/v2\/types\/post"}],"author":[{"embeddable":true,"href":"https:\/\/monde25.info\/index.php\/wp-json\/wp\/v2\/users\/1"}],"replies":[{"embeddable":true,"href":"https:\/\/monde25.info\/index.php\/wp-json\/wp\/v2\/comments?post=9371"}],"version-history":[{"count":0,"href":"https:\/\/monde25.info\/index.php\/wp-json\/wp\/v2\/posts\/9371\/revisions"}],"wp:featuredmedia":[{"embeddable":true,"href":"https:\/\/monde25.info\/index.php\/wp-json\/wp\/v2\/media\/9372"}],"wp:attachment":[{"href":"https:\/\/monde25.info\/index.php\/wp-json\/wp\/v2\/media?parent=9371"}],"wp:term":[{"taxonomy":"category","embeddable":true,"href":"https:\/\/monde25.info\/index.php\/wp-json\/wp\/v2\/categories?post=9371"},{"taxonomy":"post_tag","embeddable":true,"href":"https:\/\/monde25.info\/index.php\/wp-json\/wp\/v2\/tags?post=9371"}],"curies":[{"name":"wp","href":"https:\/\/api.w.org\/{rel}","templated":true}]}}