{"id":9373,"date":"2025-06-01T15:57:40","date_gmt":"2025-06-01T13:57:40","guid":{"rendered":"https:\/\/monde25.info\/index.php\/2025\/06\/01\/le-palais-de-la-decouverte-musee-emblematique-des-sciences-craint-pour-sa-survie\/"},"modified":"2025-06-01T15:57:40","modified_gmt":"2025-06-01T13:57:40","slug":"le-palais-de-la-decouverte-musee-emblematique-des-sciences-craint-pour-sa-survie","status":"publish","type":"post","link":"https:\/\/monde25.info\/index.php\/2025\/06\/01\/le-palais-de-la-decouverte-musee-emblematique-des-sciences-craint-pour-sa-survie\/","title":{"rendered":"Le Palais de la d\u00e9couverte, mus\u00e9e embl\u00e9matique des sciences, craint pour sa survie"},"content":{"rendered":"<p> <br \/>\n<br \/><img loading=\"lazy\" decoding=\"async\" src=\"https:\/\/reporterre.net\/local\/cache-vignettes\/L700xH467\/493934236_1135653168588714_7743116399812545446_n_1_-e2299.jpg?1748424082\" class=\"spip_logo\" width=\"700\" height=\"467\" alt=\"\" \/><\/p>\n<p>La r\u00e9ouverture temporaire du Palais de la d\u00e9couverte, le 11\u00a0juin, a \u00e9t\u00e9 annul\u00e9e dans la confusion. Salari\u00e9s du mus\u00e9e et scientifiques s&rsquo;inqui\u00e8tent pour l&rsquo;avenir d&rsquo;une institution affaiblie et attaqu\u00e9e depuis des ann\u00e9es. <br class=\"autobr\" \/> Le Palais de la d\u00e9couverte joue-t-il sa survie<small class=\"fine d-inline\">\u00a0<\/small>? Un rebondissement de plus est, en tout cas, venu ajouter au m\u00e9lodrame qui entoure l&#8217;embl\u00e9matique mus\u00e9e scientifique, \u00e0 Paris, ferm\u00e9 pour travaux depuis 2020. Alors qu&rsquo;il devait rouvrir temporairement, pour accueillir une\u00a0(\u2026)<\/p>\n<p>                    <a target=\"_blank\" href=\"https:\/\/reporterre.net\/Le-Palais-de-la-decouverte-musee-emblematique-des-sciences-craint-pour-sa-survie?utm_source=RSS&amp;utm_medium=RSS\">Lire la suite<\/a><\/p>\n<p>                    &#8211;<br \/>\n                        <a target=\"_blank\" href=\"https:\/\/reporterre.net\/Autres-infos\" rel=\"directory\">Info<\/a><\/p>\n<p>                    \/<br \/>\n                        <a target=\"_blank\" href=\"https:\/\/reporterre.net\/Culture-et-idees\" rel=\"tag\">Culture<\/a><br \/>\n                    ,<br \/>\n                        <a target=\"_blank\" href=\"https:\/\/reporterre.net\/Sciences\" rel=\"tag\">Sciences<\/a><br \/>\n<br \/><br \/>\n<br \/><a href=\"https:\/\/reporterre.net\/Le-Palais-de-la-decouverte-musee-emblematique-des-sciences-craint-pour-sa-survie\" target=\"_blank\"\">Source link <\/a><\/p>\n","protected":false},"excerpt":{"rendered":"<p>La r\u00e9ouverture temporaire du Palais de la d\u00e9couverte, le 11\u00a0juin, a \u00e9t\u00e9 annul\u00e9e dans la confusion. Salari\u00e9s du mus\u00e9e et scientifiques s&rsquo;inqui\u00e8tent pour l&rsquo;avenir d&rsquo;une institution affaiblie et attaqu\u00e9e depuis&hellip; <\/p>\n","protected":false},"author":1,"featured_media":0,"comment_status":"open","ping_status":"open","sticky":false,"template":"","format":"standard","meta":{"footnotes":""},"categories":[1],"tags":[],"class_list":["post-9373","post","type-post","status-publish","format-standard","hentry","category-non-classe"],"_links":{"self":[{"href":"https:\/\/monde25.info\/index.php\/wp-json\/wp\/v2\/posts\/9373","targetHints":{"allow":["GET"]}}],"collection":[{"href":"https:\/\/monde25.info\/index.php\/wp-json\/wp\/v2\/posts"}],"about":[{"href":"https:\/\/monde25.info\/index.php\/wp-json\/wp\/v2\/types\/post"}],"author":[{"embeddable":true,"href":"https:\/\/monde25.info\/index.php\/wp-json\/wp\/v2\/users\/1"}],"replies":[{"embeddable":true,"href":"https:\/\/monde25.info\/index.php\/wp-json\/wp\/v2\/comments?post=9373"}],"version-history":[{"count":0,"href":"https:\/\/monde25.info\/index.php\/wp-json\/wp\/v2\/posts\/9373\/revisions"}],"wp:attachment":[{"href":"https:\/\/monde25.info\/index.php\/wp-json\/wp\/v2\/media?parent=9373"}],"wp:term":[{"taxonomy":"category","embeddable":true,"href":"https:\/\/monde25.info\/index.php\/wp-json\/wp\/v2\/categories?post=9373"},{"taxonomy":"post_tag","embeddable":true,"href":"https:\/\/monde25.info\/index.php\/wp-json\/wp\/v2\/tags?post=9373"}],"curies":[{"name":"wp","href":"https:\/\/api.w.org\/{rel}","templated":true}]}}