{"id":938,"date":"2024-11-26T12:12:35","date_gmt":"2024-11-26T11:12:35","guid":{"rendered":"https:\/\/monde25.info\/index.php\/2024\/11\/26\/une-avalanche-de-jets-prives-a-pollue-la-conference-sur-le-climat\/"},"modified":"2024-11-26T12:12:35","modified_gmt":"2024-11-26T11:12:35","slug":"une-avalanche-de-jets-prives-a-pollue-la-conference-sur-le-climat","status":"publish","type":"post","link":"https:\/\/monde25.info\/index.php\/2024\/11\/26\/une-avalanche-de-jets-prives-a-pollue-la-conference-sur-le-climat\/","title":{"rendered":"Une avalanche de jets priv\u00e9s a pollu\u00e9 la conf\u00e9rence sur le climat"},"content":{"rendered":"<p> <br \/>\n<\/p>\n<div>\n<p>La <span class=\"caps\">COP29<\/span> s\u2019est termin\u00e9e par <a target=\"_blank\" href=\"https:\/\/reporterre.net\/Fin-de-la-COP29-les-pays-riches-imposent-un-accord-neocolonialiste\">un accord d\u00e9risoire face \u00e0 l\u2019urgence climatique<\/a>, mais aussi par un paradoxe embarrassant\u00a0: l\u2019a\u00e9roport de Bakou a accueilli deux fois plus de jets polluants qu\u2019\u00e0 l\u2019accoutum\u00e9e. Tel est le r\u00e9sultat de notre enqu\u00eate, r\u00e9alis\u00e9e avec le collectif M\u00e9moire vive, sur les deux semaines de <a target=\"_blank\" href=\"https:\/\/reporterre.net\/cop29\">la <span class=\"caps\">COP29<\/span> en Azerba\u00efdjan<\/a>. TotalEnergies, Gazprom&#8230; Ces jets priv\u00e9s sont principalement utilis\u00e9s par des entreprises p\u00e9troli\u00e8res, des milliardaires et des gouvernements peu enclins \u00e0 limiter leurs \u00e9missions.<\/p>\n<p>Pour obtenir ce chiffre, nous avons travaill\u00e9 avec <a target=\"_blank\" href=\"https:\/\/www.instagram.com\/memoirevive_\/\" class=\"spip_out\" rel=\"external\">M\u00e9moire vive<\/a>\u00a0:  ce collectif \u00e0 l\u2019origine du compte <a target=\"_blank\" href=\"https:\/\/x.com\/i_fly_Bernard\" class=\"spip_out\" rel=\"external\">L\u2019avion de Bernard<\/a> qui recensait les vols du milliardaire, utilise les donn\u00e9es pour rendre visibles des injustices sociales et \u00e9cologiques. Cette enqu\u00eate retrace les vols de jets priv\u00e9s atterris \u00e0 Bakou entre le 8 et le 24\u00a0novembre, soit 150\u00a0jets priv\u00e9s contre 66 \u00e0 la m\u00eame p\u00e9riode l\u2019an dernier, marquant une augmentation de 127<small class=\"fine d-inline\">\u00a0<\/small>%. C\u2019est-\u00e0-dire qu\u2019ils ont plus que doubl\u00e9.<\/p>\n<div class=\"spip_document_86607 spip_document spip_documents spip_document_image spip_documents_center spip_document_center spip_document_avec_legende\" data-legende-len=\"120\" data-legende-lenx=\"xx\">\n<figure class=\"spip_doc_inner\">\n      <picture><source type=\"image\/webp\" srcset=\"https:\/\/reporterre.net\/local\/cache-vignettes\/L1050xH700\/jet_prive-a1644.jpg@.webp?1732549987\"><img decoding=\"async\" src=\"https:\/\/reporterre.net\/IMG\/jpg\/jet_prive.jpg\" width=\"1500\" height=\"1000\" loading=\"lazy\" alt=\"\"\/><br \/>\n    <\/source><\/picture><figcaption class=\"spip_doc_legende\">\n<p>La <span class=\"caps\"><span class=\"caps\">COP29<\/span><\/span> a fait plus que doubler le nombre de jets priv\u00e9s \u00e0 l\u2019a\u00e9roport de Bakou, en Azerba\u00efdjan.<br \/>\n<i>\u00a9 P-<span class=\"caps\">O. C.<\/span>\/ Reporterre<br \/>\n<\/i><\/p>\n<\/figcaption><\/figure>\n<\/p><\/div>\n<p>Lors de la premi\u00e8re semaine du sommet, durant laquelle se d\u00e9placent des chefs d\u2019\u00c9tats et les \u00e9lites \u00e9conomiques mondiales, le nombre de vols en jets priv\u00e9s avait quasiment \u00e9t\u00e9 multipli\u00e9 par quatre, comme l\u2019avait montr\u00e9 <a target=\"_blank\" href=\"https:\/\/reporterre.net\/Les-vols-en-jets-prives-explosent-pendant-la-COP29\">la premi\u00e8re partie de notre enqu\u00eate<\/a>.<\/p>\n<p>Alors que 2024 s\u2019annonce comme <a target=\"_blank\" href=\"https:\/\/reporterre.net\/L-annee-2024-sera-la-plus-chaude-jamais-enregistree\">l\u2019ann\u00e9e la plus chaude jamais enregistr\u00e9e<\/a>, le sommet mondial sur le climat illustre un paradoxe criant\u00a0: les responsables de la crise climatique y convergent \u00e0 bord des moyens de transport les plus polluants.<\/p>\n<p>Parmi ces vols, nombre d\u2019entre eux sont le fait d\u2019avions en <i>leasing<\/i><span class=\"spip_note_ref\">\u00a0[<a target=\"_blank\" href=\"#nb2-1\" class=\"spip_note\" rel=\"appendix\" title=\"Ce proc\u00e9d\u00e9 permet de louer un v\u00e9hicule pour une dur\u00e9e d\u00e9termin\u00e9e avant d\u2019en\u00a0(\u2026)\" id=\"nh2-1\">1<\/a>]<\/span> ou de location, permettant \u00e0 certaines personnalit\u00e9s de dissimuler leur identit\u00e9 et de masquer l\u2019ampleur de leurs d\u00e9placements en jet priv\u00e9.<\/p>\n<h2 class=\"spip\">Les \u00e9missions annuelles de plus de 700 Fran\u00e7ais<\/h2>\n<p>L\u2019explosion du trafic a\u00e9rien autour de Bakou durant la <span class=\"caps\">COP29<\/span> a g\u00e9n\u00e9r\u00e9 des \u00e9missions massives de gaz \u00e0 effet de serre. Les vols recens\u00e9s pendant cette p\u00e9riode ont \u00e9mis pr\u00e8s de 5\u00a0760 tonnes de <span class=\"caps\">CO<\/span>\u2082 au total. Pour donner une id\u00e9e de l\u2019ampleur de cette quantit\u00e9, ces \u00e9missions \u00e9quivalent \u00e0 celles g\u00e9n\u00e9r\u00e9es en une ann\u00e9e par <a target=\"_blank\" href=\"https:\/\/presse.ademe.fr\/2023\/09\/repartition-de-lempreinte-carbone-des-francais.html\" class=\"spip_out\" rel=\"external\">702\u00a0Fran\u00e7ais moyens<\/a>. Ces chiffres ne prennent en compte que les trajets finaux vers Bakou, excluant les \u00e9ventuelles escales ou vols de retour, ce qui rend l\u2019empreinte r\u00e9elle encore plus lourde.<\/p>\n<p>Pour rendre compte des effets globaux de ces trajets a\u00e9riens sur l\u2019atmosph\u00e8re, notre enqu\u00eate a appliqu\u00e9 un facteur multiplicateur aux \u00e9missions de gaz \u00e0 effet de serre des jets, prenant en compte le ph\u00e9nom\u00e8ne de <i>\u00ab<small class=\"fine d-inline\">\u00a0<\/small>for\u00e7age radiatif<small class=\"fine d-inline\">\u00a0<\/small>\u00bb<\/i>. Ce dernier amplifie l\u2019effet r\u00e9chauffant des avions en altitude, notamment via la formation de <a target=\"_blank\" href=\"https:\/\/reporterre.net\/Les-trainees-des-jets-prives-polluent-encore-plus-que-prevu\" class=\"spip_in\">train\u00e9es de condensation<\/a>. <a target=\"_blank\" href=\"https:\/\/base-empreinte.ademe.fr\/auth\/access-restricted\" class=\"spip_out\" rel=\"external\">Selon l\u2019Ademe<\/a>, 1\u00a0kilogramme de <span class=\"caps\">CO<\/span><sub>2<\/sub> \u00e9mis en altitude a donc un effet r\u00e9chauffant double, voire triple, de celui \u00e9mis au sol.<\/p>\n<link rel=\"stylesheet\" href=\"https:\/\/reporterre.net\/embedded\/maps\/mv-cop29\/lib\/leaflet\/leaflet.css\"\/>\n<p><i>La carte prend en compte la fin des trajets, apr\u00e8s une escale \u00e9ventuelle. Il est possible de se d\u00e9placer sur la carte avec deux doigts sur mobile, de zoomer-d\u00e9zoomer et de cliquer sur un vol pour voir les d\u00e9tails de son empreinte carbone.<\/i><\/p>\n<p>Parmi les participants en jet priv\u00e9, les \u00e9missaires des g\u00e9ants des \u00e9nergies fossiles figurent en premi\u00e8re classe. Le Boeing de Saudi Aramco, la plus grande compagnie p\u00e9troli\u00e8re au monde, a notamment \u00e9t\u00e9 rep\u00e9r\u00e9 lors de la premi\u00e8re semaine. En 2019, ce g\u00e9ant saoudien du p\u00e9trole a \u00e9mis 1,93\u00a0milliard de tonnes de <span class=\"caps\">CO<\/span><sub>2<\/sub>, plus de quatre fois les \u00e9missions annuelles de la France cette ann\u00e9e-l\u00e0. ExxonMobil, autre acteur majeur du p\u00e9trole, a \u00e9galement \u00e9t\u00e9 aper\u00e7u avec son Gulfstream <span class=\"caps\">G650ER<\/span>, quelques jours <a target=\"_blank\" href=\"https:\/\/www.courrierinternational.com\/article\/verbatim-le-patron-du-geant-petrolier-exxon-conseille-a-donald-trump-de-ne-pas-quitter-l-accord-de-paris_224419\" class=\"spip_out\" rel=\"external\">apr\u00e8s une op\u00e9ration de <i>greenwashing<\/i> consistant \u00e0 appeler<\/a> Donald Trump \u00e0 maintenir les \u00c9tats-Unis dans l\u2019Accord de Paris pour la r\u00e9duction des \u00e9missions globales. La deuxi\u00e8me semaine, la firme russe Gazprom, consid\u00e9r\u00e9e comme l\u2019une des trois plus grandes criminels climatiques au monde, a \u00e9galement d\u00e9p\u00each\u00e9 un avion priv\u00e9.<\/p>\n<p>Les dirigeants d\u2019autres multinationales, comme Shell, sont venus \u00e0 bord de leur Dassault Falcon 8X. Le magnat australien Andrew <i>\u00ab<small class=\"fine d-inline\">\u00a0<\/small>Twiggy<small class=\"fine d-inline\">\u00a0<\/small>\u00bb<\/i> Forrest, patron du Fortescue Metals Group, grand extracteur de fer, a lui aussi fait route vers Bakou dans son jet personnel.<\/p>\n<p>Quant \u00e0 TotalEnergies, c\u2019est \u00e0 bord d\u2019un Bombardier Global 5000 que ses dirigeants ont rejoint le sommet. Le vendredi 15\u00a0novembre, au lendemain de son atterrissage, son <span class=\"caps\">PDG<\/span> Patrick Pouyann\u00e9 participait \u00e0 un <a target=\"_blank\" href=\"https:\/\/x.com\/MikayilJabbarov\/status\/1857363392526233739\" class=\"spip_out\" rel=\"external\"><i>\u00ab<small class=\"fine d-inline\">\u00a0<\/small>d\u00e9jeuner d\u2019affaires<small class=\"fine d-inline\">\u00a0<\/small>\u00bb<\/i><\/a> sur la r\u00e9duction des \u00e9missions de m\u00e9thane \u2014\u00a0bien que les fuites de m\u00e9thane aux \u00c9tats-Unis, imput\u00e9es \u00e0 TotalEnergies, restent massives et mal contr\u00f4l\u00e9es, <a target=\"_blank\" href=\"https:\/\/disclose.ngo\/fr\/article\/gaz-de-schiste-un-rapport-accable-totalenergies-et-ses-rejets-toxiques-au-texas\" class=\"spip_out\" rel=\"external\">comme l\u2019ont r\u00e9cemment r\u00e9v\u00e9l\u00e9 deux <span class=\"caps\">ONG<\/span> et le m\u00e9dia fran\u00e7ais <i>Disclose<\/i><\/a>.<\/p>\n<p>En d\u00e9pit de son engagement affich\u00e9 lors des <span class=\"caps\">COP<\/span>, TotalEnergies refuse de freiner ses activit\u00e9s d\u2019exploitation fossile et pr\u00e9voit <a target=\"_blank\" href=\"https:\/\/www.connaissancedesenergies.org\/afp\/petrole-et-gaz-totalenergies-releve-ses-previsions-de-production-jusquen-2030-241002\" class=\"spip_out\" rel=\"external\">une croissance annuelle de sa production de 3<small class=\"fine d-inline\">\u00a0<\/small>% jusqu\u2019en 2030<\/a>, pi\u00e9tinant les recommandations de l\u2019<span class=\"caps\">ONU<\/span>, qui pr\u00f4ne une r\u00e9duction de 4<small class=\"fine d-inline\">\u00a0<\/small>% et de 3<small class=\"fine d-inline\">\u00a0<\/small>% de la production mondiale de p\u00e9trole et de gaz, chaque ann\u00e9e, pour limiter le r\u00e9chauffement global des temp\u00e9ratures \u00e0 +\u00a01,5\u00a0\u00b0C.<\/p>\n<div class=\"spip_document_86366 spip_document spip_documents spip_document_image spip_documents_center spip_document_center spip_document_avec_legende\" data-legende-len=\"173\" data-legende-lenx=\"xxx\">\n<figure class=\"spip_doc_inner\">\n      <picture><source type=\"image\/webp\" srcset=\"https:\/\/reporterre.net\/local\/cache-vignettes\/L1050xH700\/arton31567-90155.jpg@.webp?1732035321\"><img decoding=\"async\" src=\"https:\/\/reporterre.net\/IMG\/jpg\/arton31567.jpg\" width=\"1200\" height=\"800\" loading=\"lazy\" alt=\"\"\/><br \/>\n    <\/source><\/picture><figcaption class=\"spip_doc_legende\">\n<p>En d\u00e9pit de son engagement affich\u00e9 lors des <span class=\"caps\"><span class=\"caps\">COP<\/span><\/span>, TotalEnergies refuse de freiner ses activit\u00e9s d\u2019exploitation fossile.<br \/>\n<i>Flickr\/<span class=\"caps\">CC<\/span> <span class=\"caps\">BY<\/span>&#8211;<span class=\"caps\">NC<\/span>&#8211;<span class=\"caps\">SA<\/span> 2.0 Deed\/Sikarin Fon Thanachaiary<br \/>\n<\/i><\/p>\n<\/figcaption><\/figure>\n<\/p><\/div>\n<p>De nombreux chefs d\u2019\u00c9tat, notamment ceux des \u00c9tats-Unis, de la France et du Br\u00e9sil, ne se sont pas rendus \u00e0 Bakou, pour diverses raisons diplomatiques. Mais des dirigeants de nombreux \u00c9tats p\u00e9troliers et de gouvernements populistes de droite, souvent hostiles aux r\u00e9gulations \u00e9cologiques, <a target=\"_blank\" href=\"https:\/\/reporterre.net\/Aliyev-Orban-Meloni-La-COP29-accueille-le-gratin-d-extreme-droite-mondial\">y sont all\u00e9s en force<\/a>. Parmi eux, des repr\u00e9sentants de l\u2019Arabie Saoudite, de la Turquie, du Qatar et de la Hongrie, ont r\u00e9pondu \u00e0 l\u2019appel du pr\u00e9sident Aliyev. L\u2019autocrate azerba\u00efdjanais a \u00e9t\u00e9 l\u2019h\u00f4te de ce sommet o\u00f9 les int\u00e9r\u00eats fossiles ont continu\u00e9 d\u2019\u00e9clipser les objectifs climatiques.<\/p>\n<p>Plus surprenant, <i>Reporterre<\/i> et M\u00e9moire vive <a target=\"_blank\" href=\"https:\/\/reporterre.net\/Ronaldinho-en-jet-prive-ses-folles-virees-de-la-COP29-a-Angers\" class=\"spip_in\">ont \u00e9galement rep\u00e9r\u00e9 le jet Embraer Legacy\u00a0650 de Ronaldinho<\/a>, l\u2019un des plus grands footballeurs de tous les temps, invit\u00e9 de la <span class=\"caps\">COP29<\/span>. Il s\u2019est notamment affich\u00e9 aux c\u00f4t\u00e9s de Rovshan Najaf, pr\u00e9sident de la F\u00e9d\u00e9ration de football d\u2019Azerba\u00efdjan&#8230; et dirigeant de la compagnie p\u00e9troli\u00e8re nationale. Le Br\u00e9silien, entre Bakou et d\u2019autres escales, a accumul\u00e9 pr\u00e8s de 7\u00a0200 kilom\u00e8tres de vol en trois jours, laissant dans son sillage 70\u00a0tonnes de <span class=\"caps\">CO<\/span><sub>2<\/sub>.<\/p>\n<div class=\"spip_document_86605 spip_document spip_documents spip_document_image spip_documents_center spip_document_center spip_document_avec_legende\" data-legende-len=\"94\" data-legende-lenx=\"xx\">\n<figure class=\"spip_doc_inner\">\n      <picture><source type=\"image\/webp\" srcset=\"https:\/\/reporterre.net\/local\/cache-vignettes\/L1050xH700\/avion_jet_qatar-f3c39.jpg@.webp?1732549987\"><img decoding=\"async\" src=\"https:\/\/reporterre.net\/IMG\/jpg\/avion_jet_qatar.jpg\" width=\"1500\" height=\"1000\" loading=\"lazy\" alt=\"\"\/><br \/>\n    <\/source><\/picture><figcaption class=\"spip_doc_legende\">\n<p>Des avions priv\u00e9s ont fait le trajet depuis le Qatar jusqu\u2019\u00e0 la <span class=\"caps\"><span class=\"caps\">COP29<\/span><\/span>.<br \/>\n<i>\u00a9 P-<span class=\"caps\">O. C.<\/span>\/ Reporterre<br \/>\n<\/i><\/p>\n<\/figcaption><\/figure>\n<\/p><\/div>\n<p>Les jets priv\u00e9s demeurent l\u2019un des modes de transport les plus polluants. <a target=\"_blank\" href=\"https:\/\/www.transportenvironment.org\/articles\/private-jets-can-the-super-rich-supercharge-zero-emission-aviation\" class=\"spip_out\" rel=\"external\">Selon l\u2019<span class=\"caps\">ONG<\/span> Transport &amp; Environment<\/a>, un passager en jet \u00e9met jusqu\u2019\u00e0 14\u00a0fois plus de <span class=\"caps\">CO<\/span><sub>2<\/sub> qu\u2019un passager de ligne commerciale, et jusqu\u2019\u00e0 50\u00a0fois plus que le passager d\u2019un train. D\u2019apr\u00e8s une \u00e9tude publi\u00e9e le 7\u00a0novembre <a target=\"_blank\" href=\"https:\/\/www.nature.com\/articles\/s43247-024-01775-z\" class=\"spip_out\" rel=\"external\">dans la revue <i>Communications Earth &amp;\u00a0Environment<\/i><\/a>, affili\u00e9e \u00e0 <i>Nature<\/i>, l\u2019usage de ces appareils, d\u00e9sormais banalis\u00e9 chez les \u00e9lites \u00e9conomiques, a bondi de 46<small class=\"fine d-inline\">\u00a0<\/small>% entre 2019 et 2023.<\/p>\n<p>En 2023, les jets priv\u00e9s ont \u00e9mis autant de <span class=\"caps\">CO<\/span><sub>2<\/sub> que pr\u00e8s de trois millions de Fran\u00e7ais, alors que leurs utilisateurs repr\u00e9sentent seulement 0,003<small class=\"fine d-inline\">\u00a0<\/small>% de la population adulte mondiale. Ironiquement, tous les participants accr\u00e9dit\u00e9s \u00e0 la <span class=\"caps\">COP29<\/span> disposaient d\u2019un acc\u00e8s gratuit aux transports en commun de Bakou.<\/p>\n<aside class=\"boite_encarts\">\n<div class=\"encart encart_gris noprint\">\n<p><strong>Il est de retour.<\/strong><\/p>\n<p>Dans quelques semaines, Donald Trump se r\u00e9-installera \u00e0 la Maison Blanche.<\/p>\n<p>Un milliardaire, pour qui le r\u00e9chauffement climatique est \u00ab<small class=\"fine d-inline\">\u00a0<\/small>un canular<small class=\"fine d-inline\">\u00a0<\/small>\u00bb, sera \u00e0 la t\u00eate de la plus grande puissance mondiale.<\/p>\n<p>Dans une d\u00e9cennie cruciale pour l\u2019\u00e9cologie, nous ne pouvons pas nous permettre de perdre plus de temps.<\/p>\n<p>La soci\u00e9t\u00e9 civile doit continuer de se soulever, de se mobiliser et de faire pression sur les puissants.<\/p>\n<p>Mais pour agir, il faut savoir.<\/p>\n<p><strong>Depuis 11 ans, nous publions des articles de qualit\u00e9 sur l\u2019\u00e9cologie, en acc\u00e8s libre et sans publicit\u00e9, pour tous.<\/strong><\/p>\n<p>Nous avons la conviction que l\u2019urgence \u00e9cologique est l\u2019enjeu majeur de notre \u00e9poque.<br class=\"autobr\"\/><br \/>\n Et comme plus de 2 millions de lectrices et lecteurs chaque mois, vous partagez sans doute cette conviction&#8230;<\/p>\n<p>Alors si vous en avez les moyens, sachez qu\u2019un don, m\u00eame d\u20191\u20ac, est un acte de soutien fort pour l\u2019\u00e9cologie et le journalisme ind\u00e9pendant.<br class=\"autobr\"\/><br \/>\n (Et \u00e7a vous prendra moins de temps que la lecture de ce texte).<\/p>\n<p><strong>Si vous le pouvez, choisissez un soutien mensuel. Merci.<\/strong><\/p>\n<p><a target=\"_blank\" href=\"https:\/\/reporterre.net\/dons\" class=\"bt_soutenir\">Je soutiens <i>Reporterre<\/i><\/a><\/p>\n<\/p><\/div>\n<div class=\"encart encart_vert noprint montre_1023\">\n<div class=\"infolettre-form-container noprint\">\n<p>Abonnez-vous \u00e0 la lettre d\u2019info de Reporterre<\/p>\n<\/div><\/div>\n<\/aside>\n<aside class=\"boite_apresarticle encart_note\">\n<h4>Apr\u00e8s cet article<\/h4>\n<p>      <a target=\"_blank\" href=\"https:\/\/reporterre.net\/Les-vols-en-jets-prives-explosent-pendant-la-COP29\" class=\"lien_article\">\n      <picture class=\"vignette_gauche\"><source type=\"image\/webp\" srcset=\"https:\/\/reporterre.net\/local\/cache-gd2\/f4\/67be0596bdba7850d28e0f7750b7b7.jpg@.webp?1732090967\"><img decoding=\"async\" src=\"https:\/\/reporterre.net\/local\/cache-gd2\/f4\/67be0596bdba7850d28e0f7750b7b7.jpg?1732090967\" width=\"450\" height=\"300\" alt=\"\" class=\"marge12\" loading=\"lazy\"\/><br \/>\n<\/source><\/picture>\n<p class=\"libelle\">\n<p>          Enqu\u00eate \u2014<\/p>\n<p>      COP29\n    <\/p>\n<p class=\"titre pol20\">Les vols en jets priv\u00e9s explosent pendant la <span class=\"caps\">COP29<\/span><\/p>\n<p>      <\/a><br \/>\n    <\/aside>\n<aside class=\"boite_complement texte\">\n<div class=\"encart_note\">\n<h4>Notes<\/h4>\n<div id=\"nb2-1\">\n<p><span class=\"spip_note_ref\">[<a target=\"_blank\" href=\"#nh2-1\" class=\"spip_note\" title=\"Notes 2-1\" rev=\"appendix\">1<\/a>]\u00a0<\/span>Ce proc\u00e9d\u00e9 permet de louer un v\u00e9hicule pour une dur\u00e9e d\u00e9termin\u00e9e avant d\u2019en devenir \u00e9ventuellement propri\u00e9taire.<\/p>\n<\/div><\/div>\n<p>      <!-- zone_forum --><br \/>\n          <\/aside>\n<aside class=\"boite_lireaussi noprint\">\n<\/aside>\n<aside class=\"colonne\">\n<div class=\"article_info cache_1023 noprint\">\n<p>    <span class=\"date\">26 novembre 2024  \u00e0 09h31<\/span><\/p>\n<p class=\"duree_lecture\">\n        Dur\u00e9e de lecture : 7 minutes\n      <\/p>\n<\/p><\/div>\n<div class=\"bloc_infolettre\">\n<div class=\"infolettre-form-container noprint\">\n<p>Abonnez-vous \u00e0 la lettre d\u2019info de Reporterre<\/p>\n<\/div><\/div>\n<\/aside>\n<div id=\"galerie\">\n  <img decoding=\"async\" src=\"\" class=\"principale\" id=\"principale\"\/><\/p>\n<p id=\"legende\">legende<\/p>\n<\/div>\n<footer class=\"noprint\">\n<\/footer>\n<\/div>\n<p><script async defer src=\"https:\/\/platform.instagram.com\/en_US\/embeds.js\"><\/script><br \/>\n<br \/><br \/>\n<br \/><a href=\"https:\/\/reporterre.net\/Une-avalanche-de-jets-prives-a-pollue-la-conference-sur-le-climat\" target=\"_blank\"\">Source link <\/a><\/p>\n","protected":false},"excerpt":{"rendered":"<p>La COP29 s\u2019est termin\u00e9e par un accord d\u00e9risoire face \u00e0 l\u2019urgence climatique, mais aussi par un paradoxe embarrassant\u00a0: l\u2019a\u00e9roport de Bakou a accueilli deux fois plus de jets polluants qu\u2019\u00e0&hellip; <\/p>\n","protected":false},"author":1,"featured_media":939,"comment_status":"open","ping_status":"open","sticky":false,"template":"","format":"standard","meta":{"footnotes":""},"categories":[1],"tags":[],"class_list":["post-938","post","type-post","status-publish","format-standard","has-post-thumbnail","hentry","category-non-classe"],"_links":{"self":[{"href":"https:\/\/monde25.info\/index.php\/wp-json\/wp\/v2\/posts\/938","targetHints":{"allow":["GET"]}}],"collection":[{"href":"https:\/\/monde25.info\/index.php\/wp-json\/wp\/v2\/posts"}],"about":[{"href":"https:\/\/monde25.info\/index.php\/wp-json\/wp\/v2\/types\/post"}],"author":[{"embeddable":true,"href":"https:\/\/monde25.info\/index.php\/wp-json\/wp\/v2\/users\/1"}],"replies":[{"embeddable":true,"href":"https:\/\/monde25.info\/index.php\/wp-json\/wp\/v2\/comments?post=938"}],"version-history":[{"count":0,"href":"https:\/\/monde25.info\/index.php\/wp-json\/wp\/v2\/posts\/938\/revisions"}],"wp:featuredmedia":[{"embeddable":true,"href":"https:\/\/monde25.info\/index.php\/wp-json\/wp\/v2\/media\/939"}],"wp:attachment":[{"href":"https:\/\/monde25.info\/index.php\/wp-json\/wp\/v2\/media?parent=938"}],"wp:term":[{"taxonomy":"category","embeddable":true,"href":"https:\/\/monde25.info\/index.php\/wp-json\/wp\/v2\/categories?post=938"},{"taxonomy":"post_tag","embeddable":true,"href":"https:\/\/monde25.info\/index.php\/wp-json\/wp\/v2\/tags?post=938"}],"curies":[{"name":"wp","href":"https:\/\/api.w.org\/{rel}","templated":true}]}}