{"id":9393,"date":"2025-06-01T22:33:38","date_gmt":"2025-06-01T20:33:38","guid":{"rendered":"https:\/\/monde25.info\/index.php\/2025\/06\/01\/nouveaux-incidents-a-paris-au-lendemain-de-celebrations-emaillees-de-violences-rt-en-francais\/"},"modified":"2025-06-01T22:33:38","modified_gmt":"2025-06-01T20:33:38","slug":"nouveaux-incidents-a-paris-au-lendemain-de-celebrations-emaillees-de-violences-rt-en-francais","status":"publish","type":"post","link":"https:\/\/monde25.info\/index.php\/2025\/06\/01\/nouveaux-incidents-a-paris-au-lendemain-de-celebrations-emaillees-de-violences-rt-en-francais\/","title":{"rendered":"nouveaux incidents \u00e0 Paris, au lendemain de c\u00e9l\u00e9brations \u00e9maill\u00e9es de violences \u2014 RT en fran\u00e7ais"},"content":{"rendered":"<p> <br \/>\n<br \/><img decoding=\"async\" src=\"https:\/\/mf.b37mrtl.ru\/french\/images\/2025.06\/thumbnail\/683caae06f7ccc31ed3b50cb.jpg\" \/><\/p>\n<div>\n<p class=\"text__summary\">\n                                        De nouvelles tensions ont \u00e9clat\u00e9 ce 1er juin aux abords des Champs-\u00c9lys\u00e9es, entre forces de l&rsquo;ordre et certains supporters du PSG venus assister \u00e0 la parade de leur \u00e9quipe sacr\u00e9e \u2013 la veille \u2013 en finale de la Ligue des champions.\n                                    <\/p>\n<p>Jets de projectiles contre coups de matraque et tirs flashball \u00e9taient de nouveau au rendez-vous, ce 1er juin, des c\u00e9l\u00e9brations de la victoire du Paris Saint-Germain (PSG) en finale de la Ligue des champions \u00e0 Munich, la veille. Des tensions ont ainsi \u00e9clat\u00e9, entre forces de l\u2019ordre et des supporters avant l\u2019arriv\u00e9e du car transportant l\u2019\u00e9quipe de Luis Enrique sur les Champs-\u00c9lys\u00e9es.<\/p>\n<p>Le quotidien sportif <em>L\u2019\u00c9quipe<\/em> se fait ainsi l\u2019\u00e9cho <a target=\"_blank\" href=\"https:\/\/www.lequipe.fr\/Football\/Actualites\/L-avant-parade-du-bus-du-psg-marquee-par-des-incidents-a-proximite-des-champs-elysees\/1566817\">de projectiles<\/a> \u00ab\u00a0bouteilles d&rsquo;eau, denr\u00e9es alimentaires\u00a0\u00bb lanc\u00e9es contre un car de CRS rue Quentin Bauchart, non loin de la place de l\u2019\u00c9toile. Des jets auxquels les policiers ont r\u00e9pondu par une charge \u00ab\u00a0sur plusieurs supporters\u00a0\u00bb, a rapport\u00e9 le m\u00e9dia fran\u00e7ais. Des sc\u00e8nes similaires ont \u00e9t\u00e9 film\u00e9es dans les rues adjacentes des Champs-\u00c9lys\u00e9es, <a target=\"_blank\" href=\"https:\/\/x.com\/CLPRESSFR\/status\/1929199345154363856\">\u00e0 l\u2019instar<\/a> de cette charge de CRS rue Vernet &#8211; \u00e0 moins de cent m\u00e8tres de la \u00ab\u00a0plus belle avenue du monde\u00a0\u00bb.<\/p>\n<div class=\"rtcode\">\n<blockquote class=\"twitter-tweet\">\n<p lang=\"fr\" dir=\"ltr\">Des tensions \u00e9clatent aux abords des <a target=\"_blank\" href=\"https:\/\/twitter.com\/hashtag\/ChampsElysees?src=hash&amp;ref_src=twsrc%5Etfw\">#ChampsElysees<\/a>. La police charge pour disperser des supporters du PSG qui n\u2019ont pas pu acc\u00e9der \u00e0 la parade, la jauge des 110 000 personnes ayant \u00e9t\u00e9 atteinte. <a target=\"_blank\" href=\"https:\/\/t.co\/Oi7rM5xz6k\">pic.twitter.com\/Oi7rM5xz6k<\/a><\/p>\n<p>\u2014 CLPRESS \/ Agence de presse (@CLPRESSFR) <a target=\"_blank\" href=\"https:\/\/twitter.com\/CLPRESSFR\/status\/1929199345154363856?ref_src=twsrc%5Etfw\">June 1, 2025<\/a><\/p><\/blockquote>\n<\/div>\n<p>Un peu plus tard dans la journ\u00e9e, le journaliste Jean Bexon a rapport\u00e9 qu\u2019un magasin Franprix avait \u00e9t\u00e9 la cible de pillards. Sur les images, on peut voir des agents des forces de l\u2019ordre prot\u00e9ger un magasin place de l\u2019Alma.<\/p>\n<h3>\u00ab\u00a0Ce sont des barbares\u00a0\u00bb<\/h3>\n<p>La veille, apr\u00e8s la victoire \u00e9crasante (5 \u2013 0) du club parisien contre l\u2019Inter Milan, une sup\u00e9rette de cette enseigne avait d\u00e9j\u00e0 \u00e9t\u00e9 la <a target=\"_blank\" href=\"https:\/\/x.com\/enzorabouyy\/status\/1928926759694618820\">cible de pillages<\/a>.<\/p>\n<p>Aux cours de la nuit du 31 mai au 1er juin, marqu\u00e9es par des violences \u00e0 Paris et en France, pas moins de 192 personnes ont \u00e9t\u00e9 bless\u00e9es et deux autres tu\u00e9es, selon les chiffres du minist\u00e8re de l\u2019Int\u00e9rieur. De m\u00eame source, 22 membres des forces de l\u2019ordre et sept sapeurs-pompiers ont \u00e9t\u00e9 bless\u00e9s. Un \u00ab\u00a0bilan\u00a0lourd\u00a0\u00bb \u00e9voqu\u00e9 depuis l\u2019\u00c9lys\u00e9e par le pr\u00e9sident fran\u00e7ais, d\u00e9clarant que \u00ab\u00a0rien ne peut justifier ce qui s&rsquo;est pass\u00e9 dans la capitale et dans le pays. Rien\u00a0\u00bb.<\/p>\n<p>\u00ab\u00a0Ceux qui, hier soir, je le dis sans m\u00e2ch\u00e9 mes mots, ont g\u00e2ch\u00e9 cette belle f\u00eate sportive ce sont des barbares\u00a0\u00bb avait pour sa part condamn\u00e9 le ministre fran\u00e7ais de l\u2019Int\u00e9rieur, Bruno Retailleau.<\/p>\n<\/div>\n<p><script async src=\"\/\/platform.twitter.com\/widgets.js\" charset=\"utf-8\"><\/script><br \/>\n<br \/><br \/>\n<br \/><a href=\"https:\/\/francais.rt.com\/france\/121454-ligue-champions-nouveaux-incidents-paris\" target=\"_blank\"\">Source link <\/a><\/p>\n","protected":false},"excerpt":{"rendered":"<p>De nouvelles tensions ont \u00e9clat\u00e9 ce 1er juin aux abords des Champs-\u00c9lys\u00e9es, entre forces de l&rsquo;ordre et certains supporters du PSG venus assister \u00e0 la parade de leur \u00e9quipe sacr\u00e9e&hellip; <\/p>\n","protected":false},"author":1,"featured_media":9394,"comment_status":"open","ping_status":"open","sticky":false,"template":"","format":"standard","meta":{"footnotes":""},"categories":[1],"tags":[],"class_list":["post-9393","post","type-post","status-publish","format-standard","has-post-thumbnail","hentry","category-non-classe"],"_links":{"self":[{"href":"https:\/\/monde25.info\/index.php\/wp-json\/wp\/v2\/posts\/9393","targetHints":{"allow":["GET"]}}],"collection":[{"href":"https:\/\/monde25.info\/index.php\/wp-json\/wp\/v2\/posts"}],"about":[{"href":"https:\/\/monde25.info\/index.php\/wp-json\/wp\/v2\/types\/post"}],"author":[{"embeddable":true,"href":"https:\/\/monde25.info\/index.php\/wp-json\/wp\/v2\/users\/1"}],"replies":[{"embeddable":true,"href":"https:\/\/monde25.info\/index.php\/wp-json\/wp\/v2\/comments?post=9393"}],"version-history":[{"count":0,"href":"https:\/\/monde25.info\/index.php\/wp-json\/wp\/v2\/posts\/9393\/revisions"}],"wp:featuredmedia":[{"embeddable":true,"href":"https:\/\/monde25.info\/index.php\/wp-json\/wp\/v2\/media\/9394"}],"wp:attachment":[{"href":"https:\/\/monde25.info\/index.php\/wp-json\/wp\/v2\/media?parent=9393"}],"wp:term":[{"taxonomy":"category","embeddable":true,"href":"https:\/\/monde25.info\/index.php\/wp-json\/wp\/v2\/categories?post=9393"},{"taxonomy":"post_tag","embeddable":true,"href":"https:\/\/monde25.info\/index.php\/wp-json\/wp\/v2\/tags?post=9393"}],"curies":[{"name":"wp","href":"https:\/\/api.w.org\/{rel}","templated":true}]}}