{"id":946,"date":"2024-11-26T14:27:37","date_gmt":"2024-11-26T13:27:37","guid":{"rendered":"https:\/\/monde25.info\/index.php\/2024\/11\/26\/le-peuple-totonaque-seul-contre-un-geant-petrolier\/"},"modified":"2024-11-26T14:27:37","modified_gmt":"2024-11-26T13:27:37","slug":"le-peuple-totonaque-seul-contre-un-geant-petrolier","status":"publish","type":"post","link":"https:\/\/monde25.info\/index.php\/2024\/11\/26\/le-peuple-totonaque-seul-contre-un-geant-petrolier\/","title":{"rendered":"le peuple totonaque seul contre un g\u00e9ant p\u00e9trolier"},"content":{"rendered":"<p> <br \/>\n<\/p>\n<div>\n<h4><strong>Le 16 septembre 2024, une coul\u00e9e de p\u00e9trole se r\u00e9pand dans la rivi\u00e8re d\u2019Ojital, village situ\u00e9 pr\u00e8s de Papantla (Nord Veracruz). <a target=\"_blank\" href=\"https:\/\/mrmondialisation.org\/enquete-sur-deux-marees-noires-en-californie\/\">Cette mar\u00e9e noire<\/a> aurait pu \u00eatre \u00e9vit\u00e9e si PEMEX, l\u2019entreprise p\u00e9troli\u00e8re responsable, avait pris les mesures n\u00e9cessaires face \u00e0 la rupture d\u2019un ol\u00e9oduc situ\u00e9 en amont de la rivi\u00e8re, d\u00e9nonc\u00e9 par les habitants un mois auparavant. Reportage.<\/strong><\/h4>\n<p>Loin d\u2019\u00eatre in\u00e9dite, cette mar\u00e9e noire est le lot quotidien du peuple totonaque qui doit<strong> <a target=\"_blank\" href=\"https:\/\/mrmondialisation.org\/toxicily-le-cauchemar-du-petrole-en-sicile\/\">lutter pour survivre dans ce territoire meurtri<\/a> par l\u2019extraction sans limite <\/strong>de ses ressources souterraines.<\/p>\n<h2><strong>Une lutte quotidienne<\/strong><\/h2>\n<p>Don Elias se l\u00e8ve pour une nouvelle journ\u00e9e de travail. Ses clients vont bient\u00f4t l\u2019attendre pour commander leur petit-d\u00e9jeuner. Son stand de tacos est situ\u00e9 en haut du village, sur la route principale joignant Papantla \u00e0 <strong>Poza Rica, la plus grande ville p\u00e9troli\u00e8re de l\u2019\u00c9tat de <a target=\"_blank\" href=\"https:\/\/mrmondialisation.org\/wp-content\/uploads\/2024\/11\/0-veracruz-in-mexico-location.jpg\">Veracruz<\/a>.<\/strong><\/p>\n<p>En vitesse, don Elias remplit sa jarre avec l\u2019eau du puit. Il s\u2019en asperge le visage pour se r\u00e9veiller et grimace : <em><strong>\u00ab\u00a0Maintenant l\u2019eau sent le p\u00e9trole\u00a0?\u00a0\u00bb<\/strong> <\/em>marmonne-t-il, encore endormi. Il fait quelques pas pour jeter le contenu de la jarre dans la rivi\u00e8re qui borde sa maison. Mais ses yeux s\u2019arr\u00eatent soudain. <strong>L\u2019eau est noire. La terre est noire. L\u2019horizon lui-m\u00eame est noir.<\/strong> Partout o\u00f9 ses yeux se portent : <strong>tout est noir de p\u00e9trole<\/strong>.<\/p>\n<figure id=\"attachment_688481\" aria-describedby=\"caption-attachment-688481\" style=\"width: 1024px\" class=\"wp-caption alignnone\"><img fetchpriority=\"high\" decoding=\"async\" class=\"wp-image-688481 size-medium\" src=\"https:\/\/mrmondialisation.org\/wp-content\/uploads\/2024\/11\/mexique-17-1024x683.jpg\" alt=\"\" width=\"1024\" height=\"683\" srcset=\"https:\/\/mrmondialisation.org\/wp-content\/uploads\/2024\/11\/mexique-17-1024x683.jpg 1024w, https:\/\/mrmondialisation.org\/wp-content\/uploads\/2024\/11\/mexique-17-768x512.jpg 768w, https:\/\/mrmondialisation.org\/wp-content\/uploads\/2024\/11\/mexique-17-696x464.jpg 696w, https:\/\/mrmondialisation.org\/wp-content\/uploads\/2024\/11\/mexique-17-1068x712.jpg 1068w, https:\/\/mrmondialisation.org\/wp-content\/uploads\/2024\/11\/mexique-17-630x420.jpg 630w, https:\/\/mrmondialisation.org\/wp-content\/uploads\/2024\/11\/mexique-17.jpg 1500w\" sizes=\"(max-width: 1024px) 100vw, 1024px\"\/><figcaption id=\"caption-attachment-688481\" class=\"wp-caption-text\">\u00a9Claire Lapique<\/figcaption><\/figure>\n<p>\u00c0 l\u2019or\u00e9e de la rivi\u00e8re, les habitants d\u2019Ojital se r\u00e9veillent avec le m\u00eame cauchemar. Cette nuit, l\u2019averse n\u2019a pas cess\u00e9 et<strong> le p\u00e9trole qui stagnait dans un barrage en amont s\u2019est d\u00e9vers\u00e9<\/strong>. La coul\u00e9e a atteint plus de 12 kilom\u00e8tres de rivi\u00e8re, affectant jusqu\u2019aux communaut\u00e9s voisines Troncones et Chote Coatzintla.<\/p>\n<p>Les habitants font remonter l\u2019information aux autorit\u00e9s municipales et \u00e0 <strong>P\u00e9troles Mexicain, PEMEX, l\u2019entreprise responsable,<\/strong> mais personne ne r\u00e9pond. Alors, ils s\u2019organisent rapidement. \u00c0 9h, ils bloquent la route Taj\u00edn-Coatzintla pour exiger la r\u00e9paration des dommages au plus vite. En d\u00e9but d\u2019apr\u00e8s-midi, quatre ouvriers se pr\u00e9sentent avec l\u2019intention de poser des barrages en plastique. <strong>Mais le soir arrive et les ouvriers n\u2019ont toujours rien fait.<\/strong> Don Alfredo, l\u2019autorit\u00e9 traditionnelle de la communaut\u00e9, constate, exc\u00e9d\u00e9 : <em>\u00ab\u00a0On vous a vu poser quelques branches de palmier\u00a0! Vous \u00eates cens\u00e9s \u00eatre sp\u00e9cialistes\u00a0! Un tel travail, nous pouvons le faire nous-m\u00eames.\u00a0\u00bb<\/em><\/p>\n<figure id=\"attachment_688486\" aria-describedby=\"caption-attachment-688486\" style=\"width: 1024px\" class=\"wp-caption alignnone\"><img loading=\"lazy\" decoding=\"async\" class=\"wp-image-688486 size-medium\" src=\"https:\/\/mrmondialisation.org\/wp-content\/uploads\/2024\/11\/mexique-22-1024x683.jpg\" alt=\"\" width=\"1024\" height=\"683\" srcset=\"https:\/\/mrmondialisation.org\/wp-content\/uploads\/2024\/11\/mexique-22-1024x683.jpg 1024w, https:\/\/mrmondialisation.org\/wp-content\/uploads\/2024\/11\/mexique-22-768x512.jpg 768w, https:\/\/mrmondialisation.org\/wp-content\/uploads\/2024\/11\/mexique-22-696x464.jpg 696w, https:\/\/mrmondialisation.org\/wp-content\/uploads\/2024\/11\/mexique-22-1068x712.jpg 1068w, https:\/\/mrmondialisation.org\/wp-content\/uploads\/2024\/11\/mexique-22-630x420.jpg 630w, https:\/\/mrmondialisation.org\/wp-content\/uploads\/2024\/11\/mexique-22.jpg 1500w\" sizes=\"auto, (max-width: 1024px) 100vw, 1024px\"\/><figcaption id=\"caption-attachment-688486\" class=\"wp-caption-text\">\u00a9Claire Lapique<\/figcaption><\/figure>\n<p><em>\u00ab\u00a0Les ouvriers se moquent de nous\u00a0\u00bb<\/em> s\u2019insurgent les habitants, avec un go\u00fbt amer en bouche et l\u2019odeur de p\u00e9trole qui flotte dans l\u2019air. <strong>Ces derni\u00e8res ann\u00e9es, les fuites se sont multipli\u00e9es dans la<a target=\"_blank\" href=\"https:\/\/mrmondialisation.org\/wp-content\/uploads\/2024\/11\/0-region-de-totonacapan-veracruz.jpg\"> r\u00e9gion<\/a> du fait de la v\u00e9tust\u00e9 des installations<\/strong> \u2013 certains ol\u00e9oducs ont plus de 70 ans et manquent d\u2019entretien.<\/p>\n<p>Or, <strong>PEMEX a pris l\u2019habitude de fuir ses responsabilit\u00e9s,<\/strong> en t\u00e9moigne l\u2019attitude de son repr\u00e9sentant venu le jour suivant : <strong><em>\u00ab\u00a0C\u2019est la prison que vous m\u00e9ritez pour bloquer la route\u00a0\u00bb<\/em><\/strong>, menace-t-il. Les habitants sont furax :<\/p>\n<blockquote>\n<p><strong><em>\u00ab Plusieurs d\u2019entre nous souffrent des vapeurs de p\u00e9trole ! Il y a des personnes \u00e2g\u00e9es et des enfants vivant \u00e0 quelques m\u00e8tres de la rivi\u00e8re. Nous ne partirons pas si vous ne nettoyez pas la rivi\u00e8re de vos d\u00e9chets ! \u00bb<\/em> <\/strong><\/p>\n<\/blockquote>\n<p>La r\u00e9ponse de l\u2019entrepreneur ne cache rien de ses intentions : <em><strong>\u00ab Il va falloir vous habituer \u00e0 l\u2019odeur comme \u00e0 Poza Rica ! Le p\u00e9trole ne tue pas. \u00bb <\/strong><\/em>Depuis que sa r\u00e9plique a fait le tour des m\u00e9dias, l\u2019entreprise PEMEX a envoy\u00e9 une poign\u00e9e de travailleurs pour nettoyer une partie des dix kilom\u00e8tres de rivi\u00e8re contamin\u00e9e. Mais pour Don Alfredo, une telle r\u00e9action n\u2019\u00e9met aucun doute<em><strong> : <\/strong><\/em><\/p>\n<blockquote>\n<p><em><strong>\u00ab selon eux, on devrait s\u2019habituer \u00e0 mourir, lentement ! \u00bb<\/strong><\/em><\/p>\n<\/blockquote>\n<h2><strong>Au-del\u00e0 de la contamination\u00a0: l\u2019extermination<\/strong><\/h2>\n<p>Depuis une quinzaine de jours, les dix travailleurs se relaient pour nettoyer la rivi\u00e8re. Ils accumulent <strong>les terres contamin\u00e9es sur le terrain des habitants<\/strong>, qui n\u2019ont d\u2019autre choix que de les regarder faire, d\u00e9s\u0153uvr\u00e9s.<\/p>\n<div class=\"td-a-rec td-a-rec-id-content_inlineright  tdi_1 td_block_template_1\">\n<span class=\"td-adspot-title\">&#8211; Pour une information libre ! &#8211;<\/span><a target=\"_blank\" href=\"https:\/\/fr.tipeee.com\/mr-mondialisation\" class=\"tipeee-project-small\">Soutenir Mr Japanization sur Tipeee<\/a>\n<\/div>\n<figure id=\"attachment_688466\" aria-describedby=\"caption-attachment-688466\" style=\"width: 1024px\" class=\"wp-caption alignnone\"><img loading=\"lazy\" decoding=\"async\" class=\"wp-image-688466 size-medium\" src=\"https:\/\/mrmondialisation.org\/wp-content\/uploads\/2024\/11\/mexique-02-1024x683.jpg\" alt=\"\" width=\"1024\" height=\"683\" srcset=\"https:\/\/mrmondialisation.org\/wp-content\/uploads\/2024\/11\/mexique-02-1024x683.jpg 1024w, https:\/\/mrmondialisation.org\/wp-content\/uploads\/2024\/11\/mexique-02-768x512.jpg 768w, https:\/\/mrmondialisation.org\/wp-content\/uploads\/2024\/11\/mexique-02-696x464.jpg 696w, https:\/\/mrmondialisation.org\/wp-content\/uploads\/2024\/11\/mexique-02-1068x712.jpg 1068w, https:\/\/mrmondialisation.org\/wp-content\/uploads\/2024\/11\/mexique-02-630x420.jpg 630w, https:\/\/mrmondialisation.org\/wp-content\/uploads\/2024\/11\/mexique-02.jpg 1500w\" sizes=\"auto, (max-width: 1024px) 100vw, 1024px\"\/><figcaption id=\"caption-attachment-688466\" class=\"wp-caption-text\">\u00a9Claire Lapique<\/figcaption><\/figure>\n<p>Que feront-ils de ces monticules blancs et noirs, m\u00e9langes d\u2019hydrocarbure et de <em>calidra<\/em>, compos\u00e9 fait de cal et utilis\u00e9 pour absorber le p\u00e9trole ? En r\u00e9alit\u00e9, peu d\u2019options s\u2019offrent \u00e0 eux\u00a0: <strong>ou bien ils les br\u00fblent et les gaz toxiques s\u2019\u00e9chappent dans l\u2019atmosph\u00e8re, ou bien ils creusent un trou et enterrent le d\u00e9sastre<\/strong>, comme l\u2019indique l\u2019ing\u00e9nieur en p\u00e9trochimie Rodrigo Dorantes, venu offrir des conseils de salubrit\u00e9 publique avec sa coll\u00e8gue Anabel Alvarado.<\/p>\n<p>Quant \u00e0 la rivi\u00e8re, une des derni\u00e8res survivantes de la contamination g\u00e9n\u00e9ralis\u00e9e, les dix travailleurs munis de leurs r\u00e2teaux de jardinage font peu de poids. <strong>Au mieux, l\u2019assainissement de la rivi\u00e8re prendra une dizaine d\u2019ann\u00e9es<\/strong>. En attendant, <strong>les r\u00e9sidus de p\u00e9trole seront transport\u00e9s tout au long du torrent jusqu\u2019au fleuve Cazones, et d\u00e9boucheront dans la mer.<\/strong> \u00c0 ce stade, on ne parle plus de contamination : <em>\u00ab\u00a0Personne n\u2019a le droit d\u2019exterminer\u00a0\u00bb<\/em>, r\u00e9p\u00e8te don Alfredo.<\/p>\n<figure id=\"attachment_688493\" aria-describedby=\"caption-attachment-688493\" style=\"width: 1024px\" class=\"wp-caption alignnone\"><img loading=\"lazy\" decoding=\"async\" class=\"wp-image-688493 size-medium\" src=\"https:\/\/mrmondialisation.org\/wp-content\/uploads\/2024\/11\/mexique-27-1024x683.jpg\" alt=\"\" width=\"1024\" height=\"683\" srcset=\"https:\/\/mrmondialisation.org\/wp-content\/uploads\/2024\/11\/mexique-27-1024x683.jpg 1024w, https:\/\/mrmondialisation.org\/wp-content\/uploads\/2024\/11\/mexique-27-768x512.jpg 768w, https:\/\/mrmondialisation.org\/wp-content\/uploads\/2024\/11\/mexique-27-696x464.jpg 696w, https:\/\/mrmondialisation.org\/wp-content\/uploads\/2024\/11\/mexique-27-1068x712.jpg 1068w, https:\/\/mrmondialisation.org\/wp-content\/uploads\/2024\/11\/mexique-27-630x420.jpg 630w, https:\/\/mrmondialisation.org\/wp-content\/uploads\/2024\/11\/mexique-27.jpg 1500w\" sizes=\"auto, (max-width: 1024px) 100vw, 1024px\"\/><figcaption id=\"caption-attachment-688493\" class=\"wp-caption-text\">\u00a9Claire Lapique<\/figcaption><\/figure>\n<p>Don Elias et son fils Adrian, \u00e2g\u00e9 de 8 ans, ont r\u00e9ussi \u00e0 sauver 5 tortues mais combien sont rest\u00e9es englu\u00e9es ? <strong>Avant, p\u00e8re et fils p\u00e9chaient quelques poissons et m\u00eame des <em>\u00ab burritos \u00bb<\/em>, un petit crabe end\u00e9mique de la r\u00e9gion, des <em>totocalcas<\/em> et des serpents d\u2019eau \u2013 tous en voie d\u2019extinction.<\/strong> <em>\u00ab\u00a0Ce qui me fait le plus mal, c\u2019est cet arbre de litchis, l\u00e0-bas. J\u2019adorais voir mon fils r\u00e9colter lui-m\u00eame les fruits et les d\u00e9vorer directement. Les litchis, ils pouvaient en manger un kilo entier\u00a0!\u00a0\u00bb<\/em> raconte Elias. Or, Adrian devra attendre de f\u00eater ses 13 ans pour retrouver cette simplicit\u00e9. Selon Rodrigo Dorantes,<strong> il faut au moins cinq ans avant de pouvoir consommer \u00e0 nouveau l\u2019ensemble des plantations touch\u00e9es<\/strong>.<\/p>\n<p>Quant au nouveau-n\u00e9 de Manuela, il n\u2019aura pas le luxe de patauger dans l\u2019eau de la rivi\u00e8re\u00a0; et toutes les esp\u00e8ces maintenant \u00e9teintes resteront pour lui, une vieille l\u00e9gende. <strong>Leur histoire s\u2019\u00e9vapore, tout comme les effluves toxiques de p\u00e9trole qu\u2019il respire d\u00e9j\u00e0<\/strong>, deux mois apr\u00e8s sa naissance. Les autorit\u00e9s de PEMEX ne sont pas prononc\u00e9es sur les risques canc\u00e9rig\u00e8nes que de tels gaz provoquent, pas plus qu\u2019elles n\u2019ont dot\u00e9 de masques les habitants ou les travailleurs.<\/p>\n<figure id=\"attachment_688471\" aria-describedby=\"caption-attachment-688471\" style=\"width: 1024px\" class=\"wp-caption alignnone\"><img loading=\"lazy\" decoding=\"async\" class=\"wp-image-688471 size-medium\" src=\"https:\/\/mrmondialisation.org\/wp-content\/uploads\/2024\/11\/mexique-07-1024x683.jpg\" alt=\"\" width=\"1024\" height=\"683\" srcset=\"https:\/\/mrmondialisation.org\/wp-content\/uploads\/2024\/11\/mexique-07-1024x683.jpg 1024w, https:\/\/mrmondialisation.org\/wp-content\/uploads\/2024\/11\/mexique-07-768x512.jpg 768w, https:\/\/mrmondialisation.org\/wp-content\/uploads\/2024\/11\/mexique-07-696x464.jpg 696w, https:\/\/mrmondialisation.org\/wp-content\/uploads\/2024\/11\/mexique-07-1068x712.jpg 1068w, https:\/\/mrmondialisation.org\/wp-content\/uploads\/2024\/11\/mexique-07-630x420.jpg 630w, https:\/\/mrmondialisation.org\/wp-content\/uploads\/2024\/11\/mexique-07.jpg 1500w\" sizes=\"auto, (max-width: 1024px) 100vw, 1024px\"\/><figcaption id=\"caption-attachment-688471\" class=\"wp-caption-text\">\u00a9Claire Lapique<\/figcaption><\/figure>\n<p>La communaut\u00e9 attendait que l\u2019\u00e9quipe d\u2019assainissement de PEMEX termine de nettoyer le tron\u00e7on de rivi\u00e8re qui passe devant les maisons du village. Mais, <strong>au matin du 02 octobre, une nouvelle crue soul\u00e8ve la nappe de p\u00e9trole<\/strong> qui stagnait en amont de la rivi\u00e8re. <strong>Elle atteint des terrains jusqu\u2019alors intacts<\/strong> comme la <em>milpa<\/em> \u2013 syst\u00e8me de production agricole traditionnel mexicain \u2013 du cultivateur Hector qui h\u00e9bergeait des arbres end\u00e9miques de la r\u00e9gion. Elle <strong>s\u2019infiltre aussi dans la maison de Maria et tue tous les plants de vanille que son p\u00e8re comptait vendre.<\/strong><\/p>\n<p>Les travailleurs ont pass\u00e9 une dizaine de jours \u00e0 nettoyer l\u2019aval de la rivi\u00e8re. Mais pourquoi n\u2019ont-ils pas retirer le p\u00e9trole qui stagnait en amont\u00a0? <strong>Les moyens mis en \u0153uvre, le manque d\u2019effectifs, la logique employ\u00e9e<\/strong> : on pourrait penser que <strong>la vie du village importe peu \u00e0 PEMEX. Sa n\u00e9gligence aurait mis la sant\u00e9 des habitants en danger \u00e0 deux reprises.<\/strong><\/p>\n<figure id=\"attachment_688474\" aria-describedby=\"caption-attachment-688474\" style=\"width: 1024px\" class=\"wp-caption alignnone\"><img loading=\"lazy\" decoding=\"async\" class=\"wp-image-688474 size-medium\" src=\"https:\/\/mrmondialisation.org\/wp-content\/uploads\/2024\/11\/mexique-10-1024x683.jpg\" alt=\"\" width=\"1024\" height=\"683\" srcset=\"https:\/\/mrmondialisation.org\/wp-content\/uploads\/2024\/11\/mexique-10-1024x683.jpg 1024w, https:\/\/mrmondialisation.org\/wp-content\/uploads\/2024\/11\/mexique-10-768x512.jpg 768w, https:\/\/mrmondialisation.org\/wp-content\/uploads\/2024\/11\/mexique-10-696x464.jpg 696w, https:\/\/mrmondialisation.org\/wp-content\/uploads\/2024\/11\/mexique-10-1068x712.jpg 1068w, https:\/\/mrmondialisation.org\/wp-content\/uploads\/2024\/11\/mexique-10-630x420.jpg 630w, https:\/\/mrmondialisation.org\/wp-content\/uploads\/2024\/11\/mexique-10.jpg 1500w\" sizes=\"auto, (max-width: 1024px) 100vw, 1024px\"\/><figcaption id=\"caption-attachment-688474\" class=\"wp-caption-text\">\u00a9Claire Lapique<\/figcaption><\/figure>\n<h2><strong>La proph\u00e9tie de don Ra\u00fal<\/strong><\/h2>\n<p>D\u00e8s le 21 ao\u00fbt 2024, une forte odeur de p\u00e9trole inqui\u00e8te les habitants d\u2019Ojital qui effectuent sur le champ leur propre enqu\u00eate. Ils d\u00e9couvrent que<strong> l\u2019ol\u00e9oduc provenant du puit 852 s\u2019est rompu. Ils pr\u00e9viennent alors les autorit\u00e9s de PEMEX qui envoient une \u00e9quipe pour r\u00e9parer le conduit.<\/strong><\/p>\n<p>Don Ra\u00fal, un \u00e9leveur voisin, se rend compte que <strong>la fuite atteint son terrain et demande aux ouvriers de PEMEX d\u2019agir en cons\u00e9quence.<\/strong> Ces derniers retirent quelques tuyaux de p\u00e9trole, mais <strong>en laissent une grande partie \u00e0 l\u2019air libre<\/strong>, en posant seulement un barrage en plastique pour \u00e9viter son \u00e9coulement. Or, c\u2019est pr\u00e9cis\u00e9ment \u00e0 cet endroit que na\u00eet la rivi\u00e8re qui traverse Ojital.<\/p>\n<hr\/>\n<p><a target=\"_blank\" href=\"https:\/\/fr.tipeee.com\/mr-mondialisation\"><strong>Gratuit, sans subvention et ind\u00e9pendant depuis 10 ans, nous avons besoin de vous pour continuer ce travail en 2024. Sens-toi libre d\u2019activer un abonnement volontaire sur ce lien en offrant un th\u00e9 \u00e0 l\u2019\u00e9quipe. Merci infiniment.<\/strong><\/a><\/p>\n<hr\/>\n<p>Depuis plusieurs semaines, Don Ra\u00fal s\u2019\u00e9vertue \u00e0 pr\u00e9venir les responsables de PEMEX\u00a0:<em><strong> \u00ab\u00a0si vous ne faites rien, la saison des pluies va d\u00e9placer cette nappe de p\u00e9trole jusqu\u2019\u00e0 la rivi\u00e8re\u00a0!\u00a0\u00bb<\/strong><\/em> Face \u00e0 l\u2019indiff\u00e9rence totale, l\u2019agriculteur se tourne vers les journaux locaux pour d\u00e9noncer l\u2019affaire publiquement. Plusieurs d\u2019entre eux lui facturent leur service de communication. En tout, il perd pr\u00e8s de 20 000 pesos, en vain. <strong>Tous ont attendu que la proph\u00e9tie se r\u00e9alise.<\/strong><\/p>\n<blockquote>\n<p><strong><em>\u00ab\u00a0Tout cela aurait pu \u00eatre \u00e9vit\u00e9 vingt jours avant l\u2019averse, et cela montre bien l\u2019ampleur de l\u2019extermination que nous vivons. Ils ne prennent pas en compte le droit que nous avons, comme peuple originaire, de continuer \u00e0 vivre ici, nous, mais aussi la faune et la flore. Parce que n\u2019est pas seulement Ojital, c\u2019est tout le Totonacapan \u00bb<\/em><\/strong><\/p>\n<\/blockquote>\n<h2><strong>La f\u00eate du p\u00e9trole<\/strong><\/h2>\n<p><strong><em>\u00ab \u00c7a ? C\u2019est rien ! \u00bb <\/em><\/strong> s\u2019exclame un des travailleurs de PEMEX \u00e0 propos des 12 kilom\u00e8tres contamin\u00e9s. <strong><em>\u00ab Il y a bien pire \u00bb<\/em><\/strong> poursuit-il. Pedro en conna\u00eet un rayon : il travaille dans le d\u00e9partement d\u2019assainissement de PEMEX qui s\u2019occupe de nettoyer les \u00e9coulements r\u00e9guliers de p\u00e9trole.<\/p>\n<p>Le cas d\u2019Ojital est devenu c\u00e9l\u00e8bre : <em>\u00ab Les gens vont jusqu\u2019\u00e0 s\u2019arr\u00eater pour prendre une photo devant la rivi\u00e8re \u00bb<\/em> commente <a target=\"_blank\" href=\"https:\/\/mrmondialisation.org\/des-activistes-du-monde-entier-se-levent-contre-lextractivisme\/\">un des activistes de la r\u00e9gion<\/a>. Mais la r\u00e9alit\u00e9 totonaque est bien loin du selfie.<strong> Les fuites de gaz, les incendies et les mar\u00e9es noires font dor\u00e9navant partie du paysage<\/strong> et chaque communaut\u00e9 en va de son histoire.<\/p>\n<figure id=\"attachment_688472\" aria-describedby=\"caption-attachment-688472\" style=\"width: 1024px\" class=\"wp-caption alignnone\"><img loading=\"lazy\" decoding=\"async\" class=\"wp-image-688472 size-medium\" src=\"https:\/\/mrmondialisation.org\/wp-content\/uploads\/2024\/11\/mexique-08-1024x683.jpg\" alt=\"\" width=\"1024\" height=\"683\" srcset=\"https:\/\/mrmondialisation.org\/wp-content\/uploads\/2024\/11\/mexique-08-1024x683.jpg 1024w, https:\/\/mrmondialisation.org\/wp-content\/uploads\/2024\/11\/mexique-08-768x512.jpg 768w, https:\/\/mrmondialisation.org\/wp-content\/uploads\/2024\/11\/mexique-08-696x464.jpg 696w, https:\/\/mrmondialisation.org\/wp-content\/uploads\/2024\/11\/mexique-08-1068x712.jpg 1068w, https:\/\/mrmondialisation.org\/wp-content\/uploads\/2024\/11\/mexique-08-630x420.jpg 630w, https:\/\/mrmondialisation.org\/wp-content\/uploads\/2024\/11\/mexique-08.jpg 1500w\" sizes=\"auto, (max-width: 1024px) 100vw, 1024px\"\/><figcaption id=\"caption-attachment-688472\" class=\"wp-caption-text\">\u00a9Claire Lapique<\/figcaption><\/figure>\n<p>Au niveau national, entre 2015 et 2022,<strong> PEMEX rapporte officiellement un total de 5999 accidents p\u00e9troliers<\/strong>. Entre 2018 et 2022, les \u00c9tats de Veracruz et de Tabasco concentrent 60% du total de ces fuites. Dans la seule municipalit\u00e9 de Papantla, on compte 2117 puits d\u2019extraction de p\u00e9trole, et le chiffre est amen\u00e9 \u00e0 grossir. Selon Daniel, membre du Conseil National Indig\u00e8ne (CNI) Totonacapan, <strong><em>\u00ab la r\u00e9gion projette d\u2019atteindre les 25 000 puits. \u00bb<\/em><\/strong><\/p>\n<p>Pour continuer leur activit\u00e9 en toute impunit\u00e9, les autorit\u00e9s de PEMEX ont leur propre tactique. Avec les communaut\u00e9s indig\u00e8nes affect\u00e9es, <em>\u00ab <strong>ils signent un proc\u00e8s-verbal en promettant de verser quelques indemnit\u00e9s<\/strong>, et ils esp\u00e8rent qu\u2019on s\u2019en contente \u00bb<\/em>, s\u2019indigne l\u2019autorit\u00e9 traditionnel d\u2019Ojital.<\/p>\n<p>PEMEX pourrait-il \u00eatre d\u00e9nonc\u00e9 par l\u2019Agence de S\u00e9curit\u00e9 \u00c9nergie et Environnement (en espagnol, ASEA) ? Cette institution d\u00e9concentr\u00e9e a pour mission de surveiller la s\u00e9curit\u00e9 du secteur des hydrocarbures afin de prot\u00e9ger l\u2019environnement. Toutefois, selon une vingtaine d\u2019organismes civils et de recherche,<a target=\"_blank\" href=\"https:\/\/cemda.org.mx\/pemex-se-contradice-y-minimiza-los-impactos-del-derrame-en-el-golfo\/\"><strong> l\u2019Agence a manqu\u00e9 de transparence par le pass\u00e9, ce qui aurait conduit \u00e0 normaliser les accidents p\u00e9troliers<\/strong><\/a>. Malgr\u00e9 les milliers d\u2019accidents, ASEA n\u2019a \u00e9mis qu\u2019une quatorzaine de sanctions contre PEMEX entre 2015 et 2018, <a target=\"_blank\" href=\"https:\/\/causanaturamedia.com\/periodismo-cn\/quien-vigila-pemex-asea-solo-da-14-sanciones-por-fugas-y-derrames-en-los-ultimos-nueve-aos\">selon le media Causa Natura<\/a>.<\/p>\n<p>\u00c0 Ojital, plusieurs membres de l\u2019agence se sont pr\u00e9sent\u00e9s une dizaine de jours apr\u00e8s la mar\u00e9e noire, quand l\u2019ouverture d\u2019une proc\u00e9dure judiciaire par les autorit\u00e9s communales s\u2019est rendue publique. Le processus, men\u00e9 par une organisation civile, \u00e9tait d\u00e9j\u00e0 en cours, mais ASEA a invit\u00e9 les autorit\u00e9s \u00e0 signer son propre document de plainte. Or, <strong>l\u2019agence ne leur a remis aucun justificatif<\/strong>.<\/p>\n<figure id=\"attachment_688475\" aria-describedby=\"caption-attachment-688475\" style=\"width: 1500px\" class=\"wp-caption alignnone\"><img loading=\"lazy\" decoding=\"async\" class=\"wp-image-688475 size-full\" src=\"https:\/\/mrmondialisation.org\/wp-content\/uploads\/2024\/11\/mexique-11.jpg\" alt=\"\" width=\"1500\" height=\"1000\" srcset=\"https:\/\/mrmondialisation.org\/wp-content\/uploads\/2024\/11\/mexique-11.jpg 1500w, https:\/\/mrmondialisation.org\/wp-content\/uploads\/2024\/11\/mexique-11-1024x683.jpg 1024w, https:\/\/mrmondialisation.org\/wp-content\/uploads\/2024\/11\/mexique-11-768x512.jpg 768w, https:\/\/mrmondialisation.org\/wp-content\/uploads\/2024\/11\/mexique-11-696x464.jpg 696w, https:\/\/mrmondialisation.org\/wp-content\/uploads\/2024\/11\/mexique-11-1068x712.jpg 1068w, https:\/\/mrmondialisation.org\/wp-content\/uploads\/2024\/11\/mexique-11-630x420.jpg 630w\" sizes=\"auto, (max-width: 1500px) 100vw, 1500px\"\/><figcaption id=\"caption-attachment-688475\" class=\"wp-caption-text\">\u00a9Claire Lapique<\/figcaption><\/figure>\n<p>Un communiqu\u00e9 de l\u2019Agende dat\u00e9 du 17 octobre affirme que des Mesures d\u2019Application Urgente ont \u00e9t\u00e9 lanc\u00e9es face \u00e0 l\u2019\u00e9coulement, et que <em>\u00ab le personnel de l\u2019Unit\u00e9 des Affaires Juridiques a orient\u00e9 les communaut\u00e9s dans le cadre de la plainte formelle \u00e0 ASEA \u00bb<\/em> ; tandis que <strong>PEMEX a inform\u00e9 qu\u2019aucun dommage n\u2019a \u00e9t\u00e9 observ\u00e9<\/strong> concernant les esp\u00e8ces prot\u00e9g\u00e9es.<\/p>\n<h2><strong>Va-t-on parler\u00a0?<\/strong><\/h2>\n<p><strong>Le pare-brise avant de la voiture qui roule jusqu\u2019\u00e0 Papantla est totalement fissur\u00e9.<\/strong> \u00c0 mesure que la voiture acc\u00e9l\u00e8re, la pierre qui a servi pour rompre la vitre arri\u00e8re roule dans le coffre. Juan n\u2019a pas eu le temps de la retirer. Elle est rest\u00e9e l\u00e0, en pi\u00e8ce \u00e0 conviction. <em>\u00ab C\u2019est probablement un homme saoul qui s\u2019est d\u00e9cha\u00een\u00e9 la nuit derni\u00e8re. \u00bb <\/em>il explique.<\/p>\n<p>Mais son fr\u00e8re, Samuel, et les autres d\u00e9fenseurs de la r\u00e9gion, l\u2019interpr\u00e8tent comme<strong> une mesure d\u2019intimidation<\/strong>. Depuis quelques semaines, Samuel accompagne la communaut\u00e9 d\u2019Ojital en apportant les conseils juridiques n\u00e9cessaires pour porter plainte.<\/p>\n<figure id=\"attachment_688465\" aria-describedby=\"caption-attachment-688465\" style=\"width: 1024px\" class=\"wp-caption alignnone\"><img loading=\"lazy\" decoding=\"async\" class=\"wp-image-688465 size-medium\" src=\"https:\/\/mrmondialisation.org\/wp-content\/uploads\/2024\/11\/mexique-01-1024x683.jpg\" alt=\"\" width=\"1024\" height=\"683\" srcset=\"https:\/\/mrmondialisation.org\/wp-content\/uploads\/2024\/11\/mexique-01-1024x683.jpg 1024w, https:\/\/mrmondialisation.org\/wp-content\/uploads\/2024\/11\/mexique-01-768x512.jpg 768w, https:\/\/mrmondialisation.org\/wp-content\/uploads\/2024\/11\/mexique-01-696x464.jpg 696w, https:\/\/mrmondialisation.org\/wp-content\/uploads\/2024\/11\/mexique-01-1068x712.jpg 1068w, https:\/\/mrmondialisation.org\/wp-content\/uploads\/2024\/11\/mexique-01-630x420.jpg 630w, https:\/\/mrmondialisation.org\/wp-content\/uploads\/2024\/11\/mexique-01.jpg 1500w\" sizes=\"auto, (max-width: 1024px) 100vw, 1024px\"\/><figcaption id=\"caption-attachment-688465\" class=\"wp-caption-text\">\u00a9Claire Lapique<\/figcaption><\/figure>\n<p>Il y a quelques jours de cela, alors qu\u2019il attendait dans le centre-ville de Papantla, <strong>Samuel a fait l\u2019objet d\u2019un contr\u00f4le de police peu habituel.<\/strong> <em>\u00ab\u00a0Pourquoi ils te fouillent\u00a0?\u00a0\u00bb <\/em>lui a demand\u00e9 l\u2019un des passants, surpris qu\u2019un habitant connu de tous soit surveill\u00e9 de cette mani\u00e8re. Depuis, Samuel \u00e9vite au maximum le centre. Lorsqu\u2019il n\u2019a pas le choix, il se d\u00e9place en maintenant des regards inquiets vers les policiers. <em><strong>\u00ab\u00a0Pour lutter, il faut avoir une conscience politique, beaucoup de courage et puis\u2026 ne pas avoir de famille\u00a0\u00bb<\/strong><\/em>\u00a0conclut Samuel, sans ciller.<\/p>\n<p>Dans la r\u00e9gion, <strong>le harc\u00e8lement judiciaire est monnaie courante<\/strong>. Parmi ceux qui ont \u00e9lev\u00e9 la voix contre PEMEX dans les communaut\u00e9s alentours, beaucoup ont \u00e9t\u00e9 r\u00e9duits au silence. Depuis l\u2019arriv\u00e9e de Cuitlahuac Garc\u00eda comme gouverneur de l\u2019\u00c9tat de Veracruz, <strong>les d\u00e9tentions arbitraires ont \u00e9t\u00e9 multipli\u00e9es par cinq entre 2018 et 2021,<\/strong> ann\u00e9e de mise en vigueur d\u2019une r\u00e9forme p\u00e9nale faisant entrer le d\u00e9lit \u00ab\u00a0d\u2019outrages \u00e0 autorit\u00e9s\u00a0\u00bb.<\/p>\n<p>Bien que la CNDH ait appel\u00e9 \u00e0 sa d\u00e9rogation en 2021 et que la Cours Supr\u00eame ait jug\u00e9 la r\u00e9forme inconstitutionnelle en 2022, la violence n\u2019a pas cess\u00e9. Pour exemple, en juin dernier, <a target=\"_blank\" href=\"https:\/\/mrmondialisation.org\/meurtre-activiste-ecologie\/\"><strong>deux d\u00e9fenseurs de l\u2019eau ont \u00e9t\u00e9 assassin\u00e9s dans une violente r\u00e9pression polici\u00e8re<\/strong><\/a> \u00e0 Veracruz, tandis que l\u2019activiste Juan Soto, intern\u00e9 \u00e0 l\u2019h\u00f4pital de Perote, a \u00e9t\u00e9 arr\u00eat\u00e9 et d\u00e9port\u00e9 par la police.<\/p>\n<figure id=\"attachment_688467\" aria-describedby=\"caption-attachment-688467\" style=\"width: 1024px\" class=\"wp-caption alignnone\"><img loading=\"lazy\" decoding=\"async\" class=\"wp-image-688467 size-medium\" src=\"https:\/\/mrmondialisation.org\/wp-content\/uploads\/2024\/11\/mexique-03-1024x683.jpg\" alt=\"\" width=\"1024\" height=\"683\" srcset=\"https:\/\/mrmondialisation.org\/wp-content\/uploads\/2024\/11\/mexique-03-1024x683.jpg 1024w, https:\/\/mrmondialisation.org\/wp-content\/uploads\/2024\/11\/mexique-03-768x512.jpg 768w, https:\/\/mrmondialisation.org\/wp-content\/uploads\/2024\/11\/mexique-03-696x464.jpg 696w, https:\/\/mrmondialisation.org\/wp-content\/uploads\/2024\/11\/mexique-03-1068x712.jpg 1068w, https:\/\/mrmondialisation.org\/wp-content\/uploads\/2024\/11\/mexique-03-630x420.jpg 630w, https:\/\/mrmondialisation.org\/wp-content\/uploads\/2024\/11\/mexique-03.jpg 1500w\" sizes=\"auto, (max-width: 1024px) 100vw, 1024px\"\/><figcaption id=\"caption-attachment-688467\" class=\"wp-caption-text\">\u00a9Claire Lapique<\/figcaption><\/figure>\n<p>Malgr\u00e9 tout, il y a une voix qui gronde chez les habitants d\u2019Ojital\u00a0: <em><strong>\u00ab On va les laisser nous opprimer, nous manquer de respect, nous discriminer, nous exterminer ; ou bien, on va parler ? \u00bb<\/strong><\/em><\/p>\n<h2><strong>Ils ouvrent le c\u0153ur de la Terre<\/strong><\/h2>\n<p>Le taxi qui conduit de Papantla \u00e0 Ojital passe devant le Centre des Arts Indig\u00e8nes (CAI), o\u00f9 travaille don Alfredo comme autorit\u00e9 traditionnelle.\u00a0<strong>La voiture roule entre les grands palmiers et les fum\u00e9es s\u2019\u00e9chappant des installations de PEMEX,<\/strong> d\u2019o\u00f9 \u00e9merge la pyramide du Tajin, Patrimoine de l\u2019Humanit\u00e9, vestige des civilisations pr\u00e9hispaniques qui ont marqu\u00e9 le territoire. <strong>En novembre 2023, un \u00e9coulement de p\u00e9trole a atteint la communaut\u00e9 attenante, o\u00f9 vivent plus de 1 000 Totonaques. Il a contamin\u00e9 une vingtaine de puits sans que justice ne soit faite.<\/strong><\/p>\n<figure id=\"attachment_688487\" aria-describedby=\"caption-attachment-688487\" style=\"width: 1024px\" class=\"wp-caption alignnone\"><img loading=\"lazy\" decoding=\"async\" class=\"wp-image-688487 size-medium\" src=\"https:\/\/mrmondialisation.org\/wp-content\/uploads\/2024\/11\/mexique-23-1024x683.jpg\" alt=\"\" width=\"1024\" height=\"683\" srcset=\"https:\/\/mrmondialisation.org\/wp-content\/uploads\/2024\/11\/mexique-23-1024x683.jpg 1024w, https:\/\/mrmondialisation.org\/wp-content\/uploads\/2024\/11\/mexique-23-768x512.jpg 768w, https:\/\/mrmondialisation.org\/wp-content\/uploads\/2024\/11\/mexique-23-696x464.jpg 696w, https:\/\/mrmondialisation.org\/wp-content\/uploads\/2024\/11\/mexique-23-1068x712.jpg 1068w, https:\/\/mrmondialisation.org\/wp-content\/uploads\/2024\/11\/mexique-23-630x420.jpg 630w, https:\/\/mrmondialisation.org\/wp-content\/uploads\/2024\/11\/mexique-23.jpg 1500w\" sizes=\"auto, (max-width: 1024px) 100vw, 1024px\"\/><figcaption id=\"caption-attachment-688487\" class=\"wp-caption-text\">\u00a9Claire Lapique<\/figcaption><\/figure>\n<p>Parmi les communaut\u00e9s vivant autour du Tajin, certains habitants sont devenus c\u00e9l\u00e8bres et voyagent dans le monde entier pour r\u00e9aliser la danse rituelle des \u00ab\u00a0<em>Voladores<\/em>\u00a0\u00bb, aussi reconnue depuis 2009 par l\u2019UNESCO. Tandis que les yeux sont riv\u00e9s sur les costumes traditionnels,<strong> le p\u00e9trole recouvre lentement le lieu de vie de milliers de Totonaques<\/strong>.<\/p>\n<p><strong>L\u2019UNESCO pr\u00e9serve l\u2019image d\u2019une culture qui n\u2019a de cesse de partir en fum\u00e9e en toute impunit\u00e9.<\/strong> <em>\u00ab\u00a0Les touristes pensent que la civilisation totonaque r\u00e9side dans les pierres du Tajin, quand son peuple continue de vivre ici\u00a0\u00bb<\/em>, s\u2019insurge Juan, conseiller du CNI Totonacapan.<\/p>\n<p>Le taxi trace sa route. De part et d\u2019autre d\u2019une v\u00e9g\u00e9tation luxuriante, le p\u00e9trole parcourt silencieusement la rivi\u00e8re d\u2019Ojital. Mais pour les Totonaques, c\u2019est bien plus que du p\u00e9trole. En langue natale, le ritualiste don Ale l\u2019appelle <em>ixchalatiyat<\/em>\u00a0: <strong>l\u2019huile qui est extraite du c\u0153ur de la Terre<\/strong>. Aujourd\u2019hui, <em>ixchalatiyat<\/em>\u00a0pleure dans les eaux du Totonacapan.<\/p>\n<h2><strong>La nouvelle graine<\/strong><\/h2>\n<p>Le 02 octobre, cette huile a gagn\u00e9 du terrain dans le village d\u2019Ojital. <strong>Le responsable de PEMEX pr\u00e9texte qu\u2019il n\u2019a pas suffisamment de moyens<\/strong>\u00a0:<em> \u00ab\u00a0Il me faudrait une centaine d\u2019hommes\u00a0!\u00a0\u00bb<\/em> explique-t-il \u00e0 don Alfredo. <strong><em>\u00ab Ce ne sont pas des hommes qu\u2019il lui faut, ce sont des transporteurs et des pipelines ; et surtout, de la volont\u00e9 ! \u00bb <\/em><\/strong>r\u00e9plique don Alfredo.<\/p>\n<figure id=\"attachment_688483\" aria-describedby=\"caption-attachment-688483\" style=\"width: 1024px\" class=\"wp-caption alignnone\"><img loading=\"lazy\" decoding=\"async\" class=\"wp-image-688483 size-medium\" src=\"https:\/\/mrmondialisation.org\/wp-content\/uploads\/2024\/11\/mexique-19-1024x683.jpg\" alt=\"\" width=\"1024\" height=\"683\" srcset=\"https:\/\/mrmondialisation.org\/wp-content\/uploads\/2024\/11\/mexique-19-1024x683.jpg 1024w, https:\/\/mrmondialisation.org\/wp-content\/uploads\/2024\/11\/mexique-19-768x512.jpg 768w, https:\/\/mrmondialisation.org\/wp-content\/uploads\/2024\/11\/mexique-19-696x464.jpg 696w, https:\/\/mrmondialisation.org\/wp-content\/uploads\/2024\/11\/mexique-19-1068x712.jpg 1068w, https:\/\/mrmondialisation.org\/wp-content\/uploads\/2024\/11\/mexique-19-630x420.jpg 630w, https:\/\/mrmondialisation.org\/wp-content\/uploads\/2024\/11\/mexique-19.jpg 1500w\" sizes=\"auto, (max-width: 1024px) 100vw, 1024px\"\/><figcaption id=\"caption-attachment-688483\" class=\"wp-caption-text\">\u00a9Claire Lapique<\/figcaption><\/figure>\n<p>Depuis une semaine, les femmes pr\u00e9parent le menu pour accueillir plusieurs centaines de personnes. Les hommes se chargent de l\u2019ornement en fabriquant des \u00e9toiles en fibre de palmier. Plusieurs groupes venus des communaut\u00e9s voisines vont se relayer pour danser toute la nuit. Selon la musique qui l\u2019accompagne,<a target=\"_blank\" href=\"https:\/\/desinformemonos.org\/hacemos-memoria-por-quienes-cayeron-luchando-estos-son-los-72-activistas-asesinados-en-2022-en-mexico\/\"><strong> le rituel est un appel \u00e0 la fertilit\u00e9, un pardon, une offrande<\/strong>.<\/a><\/p>\n<p><em>\u00ab\u00a0Pour lutter, il faut parfois se retrancher. Continuer \u00e0 pratiquer nos savoirs, nos danses, <strong>conserver la m\u00e9moire et le droit \u00e0 mourir sur notre territoire\u00a0<\/strong>\u00bb<\/em> affirme Juan. <strong>Les c\u00e9r\u00e9monies rituelles ne sont pas des \u00ab patrimoines immat\u00e9riels \u00bb : elles sont la chair et le sang des peuples qui r\u00e9sistent.<\/strong> Elles repr\u00e9sentent l\u2019\u00e2me du peuple qui lutte, toute son \u00e9nergie et sa force\u00a0; tout ce qui ne peut \u00eatre vendu parce qu\u2019y r\u00e9side, un savoir incompris\u00a0:<\/p>\n<p><em>\u00ab\u00a0<strong>Maintenant, ce qu\u2019on doit faire en tant qu\u2019\u00eatre humain c\u2019est demander pardon.<\/strong> Quand nous nous sommes mis dans l\u2019eau pour la premi\u00e8re fois pour la nettoyer, nous avons fait un rituel pour demander pardon, nous avons offert de l\u2019aguardiente, du tabac, des fleurs et des bougies. On ne peut entrer sans demander permission. U<strong>ne entreprise n\u2019a pas la capacit\u00e9 de comprendre \u00e7a. Elle ne va pas le faire parce qu\u2019elle se sent propri\u00e9taire, et c\u2019est de l\u00e0 que vient le grand d\u00e9s\u00e9quilibre. Elle vit, mais sans conscience.<\/strong> Beaucoup d\u2019entre nous vivent sans conscience. Mais <strong>si nous pouvions regarder au-del\u00e0, nous verrions avec l\u2019\u0153il de la conscience<\/strong>.\u00a0\u00bb<\/em> raconte don Alfredo, le sourire aux l\u00e8vres.<\/p>\n<figure id=\"attachment_688488\" aria-describedby=\"caption-attachment-688488\" style=\"width: 1024px\" class=\"wp-caption alignnone\"><img loading=\"lazy\" decoding=\"async\" class=\"wp-image-688488 size-medium\" src=\"https:\/\/mrmondialisation.org\/wp-content\/uploads\/2024\/11\/mexique-24-1024x683.jpg\" alt=\"\" width=\"1024\" height=\"683\" srcset=\"https:\/\/mrmondialisation.org\/wp-content\/uploads\/2024\/11\/mexique-24-1024x683.jpg 1024w, https:\/\/mrmondialisation.org\/wp-content\/uploads\/2024\/11\/mexique-24-768x512.jpg 768w, https:\/\/mrmondialisation.org\/wp-content\/uploads\/2024\/11\/mexique-24-696x464.jpg 696w, https:\/\/mrmondialisation.org\/wp-content\/uploads\/2024\/11\/mexique-24-1068x712.jpg 1068w, https:\/\/mrmondialisation.org\/wp-content\/uploads\/2024\/11\/mexique-24-630x420.jpg 630w, https:\/\/mrmondialisation.org\/wp-content\/uploads\/2024\/11\/mexique-24.jpg 1500w\" sizes=\"auto, (max-width: 1024px) 100vw, 1024px\"\/><figcaption id=\"caption-attachment-688488\" class=\"wp-caption-text\">\u00a9Claire Lapique<\/figcaption><\/figure>\n<p>En attendant que PEMEX r\u00e9ponde de ses actes, les habitants pr\u00e9servent leurs modes de vie\u00a0:<strong> ultime mani\u00e8re de r\u00e9sister face \u00e0 l\u2019extermination silencieuse<\/strong> des derni\u00e8res communaut\u00e9s vivant encore avec l\u2019\u0153il de la conscience.<\/p>\n<p>En haut de la rivi\u00e8re, sur les hauteurs du village, les femmes terminent de pr\u00e9parer le <em>mole<\/em>, un plat traditionnel, et les enfants courent entre les invit\u00e9s. Leurs cris de joie s\u2019\u00e9coutent entre les d\u00e9tonations de p\u00e9tards. \u00c0 cette<em> \u00ab\u00a0nouvelle graine, <strong>il faut lui enseigner ce qui s\u2019est perdu<\/strong>\u00a0\u00bb<\/em> dit don Alfredo. La nouvelle graine est son espoir\u00a0: pour elle, il faut lutter.<\/p>\n<p><em>(Les noms ont \u00e9t\u00e9 modifi\u00e9s)<\/em><\/p>\n<p style=\"text-align: right;\"><strong><em>\u2013 Claire Lapique<\/em><\/strong><\/p>\n<hr\/>\n<p>Photo de couverture : \u00a9Claire Lapique<\/p>\n<div class=\"td-a-rec td-a-rec-id-content_bottom  tdi_2 td_block_template_1\">\n<span class=\"td-adspot-title\">&#8211; Cet article gratuit et ind\u00e9pendant existe gr\u00e2ce \u00e0 vous &#8211;<\/span><\/p>\n<div class=\"td-all-devices\">\n    <a target=\"_blank\" href=\"https:\/\/mrmondialisation.org\/donation\/\" title=\"Faire_un_don\"><img decoding=\"async\" class=\"donationArticle\" src=\"https:\/\/mrmondialisation.org\/wp-content\/uploads\/2022\/12\/220405-flikalicious-final.jpg\" alt=\"Donation\"\/><\/a>\n<\/div>\n<\/div><\/div>\n<p><br \/>\n<br \/><a href=\"https:\/\/mrmondialisation.org\/mexiquetotonaque-lutte-petrole\/\" target=\"_blank\"\">Source link <\/a><\/p>\n","protected":false},"excerpt":{"rendered":"<p>Le 16 septembre 2024, une coul\u00e9e de p\u00e9trole se r\u00e9pand dans la rivi\u00e8re d\u2019Ojital, village situ\u00e9 pr\u00e8s de Papantla (Nord Veracruz). Cette mar\u00e9e noire aurait pu \u00eatre \u00e9vit\u00e9e si PEMEX,&hellip; <\/p>\n","protected":false},"author":1,"featured_media":947,"comment_status":"open","ping_status":"open","sticky":false,"template":"","format":"standard","meta":{"footnotes":""},"categories":[1],"tags":[],"class_list":["post-946","post","type-post","status-publish","format-standard","has-post-thumbnail","hentry","category-non-classe"],"_links":{"self":[{"href":"https:\/\/monde25.info\/index.php\/wp-json\/wp\/v2\/posts\/946","targetHints":{"allow":["GET"]}}],"collection":[{"href":"https:\/\/monde25.info\/index.php\/wp-json\/wp\/v2\/posts"}],"about":[{"href":"https:\/\/monde25.info\/index.php\/wp-json\/wp\/v2\/types\/post"}],"author":[{"embeddable":true,"href":"https:\/\/monde25.info\/index.php\/wp-json\/wp\/v2\/users\/1"}],"replies":[{"embeddable":true,"href":"https:\/\/monde25.info\/index.php\/wp-json\/wp\/v2\/comments?post=946"}],"version-history":[{"count":0,"href":"https:\/\/monde25.info\/index.php\/wp-json\/wp\/v2\/posts\/946\/revisions"}],"wp:featuredmedia":[{"embeddable":true,"href":"https:\/\/monde25.info\/index.php\/wp-json\/wp\/v2\/media\/947"}],"wp:attachment":[{"href":"https:\/\/monde25.info\/index.php\/wp-json\/wp\/v2\/media?parent=946"}],"wp:term":[{"taxonomy":"category","embeddable":true,"href":"https:\/\/monde25.info\/index.php\/wp-json\/wp\/v2\/categories?post=946"},{"taxonomy":"post_tag","embeddable":true,"href":"https:\/\/monde25.info\/index.php\/wp-json\/wp\/v2\/tags?post=946"}],"curies":[{"name":"wp","href":"https:\/\/api.w.org\/{rel}","templated":true}]}}