{"id":950,"date":"2024-11-26T15:34:36","date_gmt":"2024-11-26T14:34:36","guid":{"rendered":"https:\/\/monde25.info\/index.php\/2024\/11\/26\/mairie-de-paris-hidalgo-ne-briguera-pas-de-nouveau-mandat-en-2026\/"},"modified":"2024-11-26T15:34:36","modified_gmt":"2024-11-26T14:34:36","slug":"mairie-de-paris-hidalgo-ne-briguera-pas-de-nouveau-mandat-en-2026","status":"publish","type":"post","link":"https:\/\/monde25.info\/index.php\/2024\/11\/26\/mairie-de-paris-hidalgo-ne-briguera-pas-de-nouveau-mandat-en-2026\/","title":{"rendered":"Mairie de Paris : Hidalgo ne briguera pas de nouveau mandat en 2026"},"content":{"rendered":"<p> <br \/>\n<\/p>\n<div>\n<p><span data-contrast=\"auto\"><strong>Fin du suspense \u00e0 l&rsquo;H\u00f4tel de ville : Anne Hidalgo ne sera pas candidate en 2026 \u00e0 un troisi\u00e8me mandat de maire de Paris, pr\u00e9f\u00e9rant adouber le s\u00e9nateur PS R\u00e9mi F\u00e9raud pour pr\u00e9parer sa succession.<\/strong><\/span><span data-ccp-props=\"{&quot;134233117&quot;:false,&quot;134233118&quot;:false,&quot;335559738&quot;:300,&quot;335559739&quot;:180}\"><strong>\u00a0<\/strong><\/span><\/p>\n<p><span data-contrast=\"auto\">\u00ab\u00a0Je ne me pr\u00e9senterai pas \u00e0 un troisi\u00e8me mandat. C&rsquo;est une d\u00e9cision que j&rsquo;ai prise depuis longtemps\u00a0\u00bb, d\u00e9clare l&rsquo;\u00e9dile socialiste dans un entretien publi\u00e9 mardi par le quotidien Le Monde.<\/span><span data-ccp-props=\"{&quot;134233117&quot;:false,&quot;134233118&quot;:false,&quot;335559738&quot;:300,&quot;335559739&quot;:180}\">\u00a0<\/span><\/p>\n<p><span data-contrast=\"auto\"><strong>Les Parisiens seraient-ils sauv\u00e9s ?\u00a0<\/strong><\/span><span data-ccp-props=\"{&quot;134233117&quot;:false,&quot;134233118&quot;:false,&quot;335559738&quot;:300,&quot;335559739&quot;:180}\"><strong>\u00a0<\/strong><\/span><\/p>\n<p><span data-contrast=\"auto\">\u00ab\u00a0Je me suis toujours inscrite dans l&rsquo;id\u00e9e que deux mandats \u00e9taient suffisants pour mener \u00e0 bien de profonds changements\u00a0\u00bb, ajoute la maire sortante, 65 ans, dont le second mandat aura \u00e9t\u00e9 marqu\u00e9 par des Jeux olympiques et paralympiques calamiteux pour l\u2019\u00e9conomie intramuros, les Parisiens et les Franciliens travaillant dans la capitale.<\/span><span data-ccp-props=\"{&quot;134233117&quot;:false,&quot;134233118&quot;:false,&quot;335559738&quot;:300,&quot;335559739&quot;:180}\">\u00a0<\/span><\/p>\n<p><span data-contrast=\"auto\">A moins d&rsquo;un an et demi des municipales, Anne Hidalgo assure qu&rsquo;elle sera \u00ab\u00a0maire jusqu&rsquo;au dernier jour, avec la m\u00eame \u00e9nergie\u00a0\u00bb qu&rsquo;\u00e0 son arriv\u00e9e \u00e0 l&rsquo;H\u00f4tel de ville o\u00f9 elle a succ\u00e9d\u00e9 au socialiste Bertrand Delano\u00eb, en mars 2014, devenant la premi\u00e8re femme \u00e0 diriger Paris.<\/span><span data-ccp-props=\"{&quot;134233117&quot;:false,&quot;134233118&quot;:false,&quot;335559738&quot;:300,&quot;335559739&quot;:180}\">\u00a0<\/span><\/p>\n<p><span data-contrast=\"auto\">Elle dit avoir voulu annoncer sa d\u00e9cision \u00ab\u00a0suffisamment t\u00f4t\u00a0\u00bb par \u00ab\u00a0respect\u00a0\u00bb pour les Parisiens, un respect bien peu factuel durant ses mandats, et pour pr\u00e9parer \u00ab\u00a0une transmission sereine\u00a0\u00bb port\u00e9e par le s\u00e9nateur socialiste R\u00e9mi F\u00e9raud, l&rsquo;un de ses grands fid\u00e8les. La volont\u00e9 de transmission ne faisant pas loi dans les urnes, il est tr\u00e8s incertain que cet ancien maire du Xe arrondissement de 53 ans r\u00e9ussisse, lui qui pr\u00e9side le groupe de la majorit\u00e9 municipale au Conseil de Paris, et qui au dire de l\u2019actuelle maire \u00ab\u00a0a la solidit\u00e9, le s\u00e9rieux et la capacit\u00e9 de rassemblement n\u00e9cessaires\u00a0\u00bb pour devenir\u00a0calife \u00e0 la place de la calife, selon Anne Hidalgo.<\/span><span data-ccp-props=\"{&quot;134233117&quot;:false,&quot;134233118&quot;:false,&quot;201341983&quot;:0,&quot;335551550&quot;:1,&quot;335551620&quot;:1,&quot;335559685&quot;:0,&quot;335559737&quot;:0,&quot;335559738&quot;:300,&quot;335559739&quot;:180,&quot;335559740&quot;:279}\">\u00a0<\/span><\/p>\n<p><span data-contrast=\"none\" data-ccp-parastyle=\"heading 2\"><strong>&#8211; \u00ab\u00a0Je n&rsquo;impose rien\u00a0\u00bb &#8211;<\/strong><\/span><span data-ccp-props=\"{&quot;134233117&quot;:false,&quot;134233118&quot;:false,&quot;134245418&quot;:true,&quot;134245529&quot;:true,&quot;201341983&quot;:0,&quot;335559738&quot;:349,&quot;335559739&quot;:360,&quot;335559740&quot;:450}\">\u00a0<\/span><\/p>\n<p><span data-contrast=\"auto\">L&rsquo;annonce intervient une semaine apr\u00e8s que son ex-premier adjoint Emmanuel Gr\u00e9goire, avec qui elle est en froid, s&rsquo;est d\u00e9clar\u00e9 candidat pour \u00ab\u00a0apaiser les tensions\u00a0\u00bb et devenir \u00ab\u00a0le maire de la r\u00e9conciliation des Parisiennes et des Parisiens\u00a0\u00bb.<\/span><span data-ccp-props=\"{&quot;134233117&quot;:false,&quot;134233118&quot;:false,&quot;335559738&quot;:300,&quot;335559739&quot;:180}\">\u00a0<\/span><\/p>\n<p><span data-contrast=\"auto\">Le d\u00e9put\u00e9 PS de 46 ans, qui a inflig\u00e9 une cinglante d\u00e9faite \u00e0 l&rsquo;ex-ministre Cl\u00e9ment Beaune aux l\u00e9gislatives, a d\u00e9j\u00e0 re\u00e7u le soutien de 450 militants de la f\u00e9d\u00e9ration socialiste parisienne. Il organise ce mardi soir un premier rassemblement autour de sa candidature.<\/span><span data-ccp-props=\"{&quot;134233117&quot;:false,&quot;134233118&quot;:false,&quot;335559738&quot;:300,&quot;335559739&quot;:180}\">\u00a0<\/span><\/p>\n<p><span data-contrast=\"auto\">\u00ab\u00a0Emmanuel Gr\u00e9goire a fait le choix de partir \u00e0 l&rsquo;Assembl\u00e9e nationale pour porter le combat contre l&rsquo;extr\u00eame droite : il y aura vraisemblablement une dissolution d&rsquo;ici la fin 2025. On ne peut pas \u00eatre candidat \u00e0 tout\u00a0\u00bb, tacle l&rsquo;ex-candidate \u00e0 la pr\u00e9sidentielle.<\/span><span data-ccp-props=\"{&quot;134233117&quot;:false,&quot;134233118&quot;:false,&quot;335559738&quot;:300,&quot;335559739&quot;:180}\">\u00a0<\/span><\/p>\n<p><span data-contrast=\"auto\">\u00ab\u00a0R\u00e9mi a vocation \u00e0 devenir le prochain maire de Paris. Mais \u00e7a n&rsquo;est pas moi qui d\u00e9cide, je n&rsquo;impose rien, je donne simplement une indication. Ce sera aux militants socialistes parisiens d&rsquo;en d\u00e9cider\u00a0\u00bb, affirme l&rsquo;\u00e9dile. Comme si Paris appartenait aux socialistes.<\/span><span data-ccp-props=\"{&quot;134233117&quot;:false,&quot;134233118&quot;:false,&quot;335559738&quot;:300,&quot;335559739&quot;:180}\">\u00a0<\/span><\/p>\n<p><span data-contrast=\"auto\">Elle \u00ab\u00a0souhaite\u00a0\u00bb en tout cas que les \u00e9cologistes et les communistes se rallient \u00e0 la candidature de son dauphin \u00ab\u00a0d\u00e8s le premier tour des municipales\u00a0\u00bb, mais \u00e9carte toute alliance avec La France insoumise.<\/span><span data-ccp-props=\"{&quot;134233117&quot;:false,&quot;134233118&quot;:false,&quot;335559738&quot;:300,&quot;335559739&quot;:180}\">\u00a0<\/span><\/p>\n<p><span data-contrast=\"auto\">R\u00e9mi F\u00e9raud a expliqu\u00e9 la semaine derni\u00e8re \u00e0 l&rsquo;AFP souhaiter \u00ab\u00a0organiser le rassemblement tout de suite, avec les maires d&rsquo;arrondissements, les \u00e9lus et les militants\u00a0\u00bb.<\/span><span data-ccp-props=\"{&quot;134233117&quot;:false,&quot;134233118&quot;:false,&quot;335559738&quot;:300,&quot;335559739&quot;:180}\">\u00a0<\/span><\/p>\n<p><span data-contrast=\"auto\">Le s\u00e9nateur se situe \u00ab\u00a0dans une logique de transmission, pour que l&rsquo;histoire de la gauche \u00e0 Paris commenc\u00e9e en 2001 puisse se poursuive\u00a0\u00bb. \u00ab\u00a0Il ne faut pas changer de r\u00e9cit, il faut le prolonger, ouvrir un nouveau chapitre du livre\u00a0\u00bb, estime-t-il.<\/span><span data-ccp-props=\"{&quot;134233117&quot;:false,&quot;134233118&quot;:false,&quot;335559738&quot;:300,&quot;335559739&quot;:180}\">\u00a0<\/span><\/p>\n<p><span data-contrast=\"auto\">Interrog\u00e9e sur ses futurs projets, Anne Hidalgo pr\u00e9cise au Monde qu&rsquo;elle n&rsquo;est \u00ab\u00a0pas du tout candidate\u00a0\u00bb \u00e0 la prochaine pr\u00e9sidentielle, elle qui avait enregistr\u00e9 un score historique (1,74%) en 2022.<\/span><span data-ccp-props=\"{&quot;134233117&quot;:false,&quot;134233118&quot;:false,&quot;335559738&quot;:300,&quot;335559739&quot;:180}\">\u00a0<\/span><\/p>\n<p><span data-contrast=\"auto\">Apr\u00e8s 2026, elle souhaite \u00ab\u00a0aider \u00e0 l&rsquo;\u00e9mergence d&rsquo;une force sociale-d\u00e9mocrate et \u00e9cologiste\u00a0\u00bb avec le PS, mais aussi avec l&rsquo;eurod\u00e9put\u00e9 Rapha\u00ebl Glucksmann, leader de Place publique, qui pourrait \u00e0 ses yeux \u00ab\u00a0prendre le leadership\u00a0\u00bb de cette force. Tout est dit !<\/span><span data-ccp-props=\"{&quot;134233117&quot;:false,&quot;134233118&quot;:false,&quot;335559738&quot;:300,&quot;335559739&quot;:180}\">\u00a0<\/span><\/p>\n<p><span data-contrast=\"auto\">\u00ab\u00a0En parall\u00e8le, je continuerai \u00e0 m&rsquo;investir sur les questions de justice climatique, \u00e0 l&rsquo;\u00e9chelle nationale et internationale\u00a0\u00bb, indique Anne Hidalgo qui, selon Le Canard Encha\u00een\u00e9, pourrait prendre la t\u00eate de la fondation Bloomberg \u00e0 Bruxelles, grand bien lui fasse.<\/span><span data-ccp-props=\"{&quot;134233117&quot;:false,&quot;134233118&quot;:false,&quot;335559738&quot;:300,&quot;335559739&quot;:180}\">\u00a0<\/span><\/p>\n<\/div>\n<p><script>(function(d, s, id) {  var js, fjs = d.getElementsByTagName(s)[0];  if (d.getElementById(id)) return;  js = d.createElement(s); js.id = id;  js.src = \"\/\/connect.facebook.net\/fr_FR\/sdk.js#xfbml=1&version=v2.3\";  fjs.parentNode.insertBefore(js, fjs);}(document, \"script\", \"facebook-jssdk\"));<\/script><br \/>\n<br \/><br \/>\n<br \/><a href=\"https:\/\/www.francesoir.fr\/politique-france\/mairie-de-paris-hidalgo-ne-briguera-pas-de-nouveau-mandat-en-2026\" target=\"_blank\"\">Source link <\/a><\/p>\n","protected":false},"excerpt":{"rendered":"<p>Fin du suspense \u00e0 l&rsquo;H\u00f4tel de ville : Anne Hidalgo ne sera pas candidate en 2026 \u00e0 un troisi\u00e8me mandat de maire de Paris, pr\u00e9f\u00e9rant adouber le s\u00e9nateur PS R\u00e9mi&hellip; <\/p>\n","protected":false},"author":1,"featured_media":951,"comment_status":"open","ping_status":"open","sticky":false,"template":"","format":"standard","meta":{"footnotes":""},"categories":[1],"tags":[],"class_list":["post-950","post","type-post","status-publish","format-standard","has-post-thumbnail","hentry","category-non-classe"],"_links":{"self":[{"href":"https:\/\/monde25.info\/index.php\/wp-json\/wp\/v2\/posts\/950","targetHints":{"allow":["GET"]}}],"collection":[{"href":"https:\/\/monde25.info\/index.php\/wp-json\/wp\/v2\/posts"}],"about":[{"href":"https:\/\/monde25.info\/index.php\/wp-json\/wp\/v2\/types\/post"}],"author":[{"embeddable":true,"href":"https:\/\/monde25.info\/index.php\/wp-json\/wp\/v2\/users\/1"}],"replies":[{"embeddable":true,"href":"https:\/\/monde25.info\/index.php\/wp-json\/wp\/v2\/comments?post=950"}],"version-history":[{"count":0,"href":"https:\/\/monde25.info\/index.php\/wp-json\/wp\/v2\/posts\/950\/revisions"}],"wp:featuredmedia":[{"embeddable":true,"href":"https:\/\/monde25.info\/index.php\/wp-json\/wp\/v2\/media\/951"}],"wp:attachment":[{"href":"https:\/\/monde25.info\/index.php\/wp-json\/wp\/v2\/media?parent=950"}],"wp:term":[{"taxonomy":"category","embeddable":true,"href":"https:\/\/monde25.info\/index.php\/wp-json\/wp\/v2\/categories?post=950"},{"taxonomy":"post_tag","embeddable":true,"href":"https:\/\/monde25.info\/index.php\/wp-json\/wp\/v2\/tags?post=950"}],"curies":[{"name":"wp","href":"https:\/\/api.w.org\/{rel}","templated":true}]}}