{"id":958,"date":"2024-11-26T17:48:45","date_gmt":"2024-11-26T16:48:45","guid":{"rendered":"https:\/\/monde25.info\/index.php\/2024\/11\/26\/derapage-du-deficit-le-rapport-du-senat-pointe-les-responsabilites-de-le-maire-borne-attal-et-macron\/"},"modified":"2024-11-26T17:48:45","modified_gmt":"2024-11-26T16:48:45","slug":"derapage-du-deficit-le-rapport-du-senat-pointe-les-responsabilites-de-le-maire-borne-attal-et-macron","status":"publish","type":"post","link":"https:\/\/monde25.info\/index.php\/2024\/11\/26\/derapage-du-deficit-le-rapport-du-senat-pointe-les-responsabilites-de-le-maire-borne-attal-et-macron\/","title":{"rendered":"D\u00e9rapage du d\u00e9ficit : le rapport du S\u00e9nat pointe les responsabilit\u00e9s de Le Maire, Borne, Attal et macron"},"content":{"rendered":"<p> <br \/>\n<\/p>\n<div id=\"\">\n<p>\u00ab\u00a0Une irresponsabilit\u00e9 budg\u00e9taire assum\u00e9e, un Parlement ignor\u00e9\u00a0\u00bb. Le titre de cette saison 2 de la mission d\u2019information du S\u00e9nat sur la d\u00e9gradation du d\u00e9ficit public, entre fin\u00a02023 et\u00a02024, donne le ton. Il met en cause les deux gouvernements pr\u00e9c\u00e9dents, ainsi qu\u2019Emmanuel Macron, les jugeant responsables de la situation budg\u00e9taire.<\/p>\n<p>Les s\u00e9nateurs, sous la houlette du rapporteur g\u00e9n\u00e9ral de la commission des finances, le s\u00e9nateur LR Jean-Fran\u00e7ois Husson, et du pr\u00e9sident de la commission, le s\u00e9nateur PS Claude Raynal, avait d\u00e9j\u00e0 mis sur le grill une partie des acteurs de ce drame budg\u00e9taire,\u00a0<a target=\"_blank\" href=\"https:\/\/www.publicsenat.fr\/actualites\/economie\/aggravation-du-deficit-public-un-rapport-du-senat-epingle-limprudence-et-la-retention-dinformations-du-gouvernement\" target=\"_blank\" rel=\"noopener\">lors d\u2019une premi\u00e8re s\u00e9rie d\u2019auditions<\/a>, entre mars et juin dernier. Leur pouvoir de contr\u00f4le sur place et sur pi\u00e8ce avait permis de r\u00e9cup\u00e9rer plusieurs notes de Bercy o\u00f9 l\u2019alerte \u00e9tait donn\u00e9e, d\u2019abord par quelques signaux faibles, puis de fa\u00e7on de plus en plus pr\u00e9cise.<\/p>\n<p><strong>Couper l\u2019herbe sous le pied des d\u00e9put\u00e9s<\/strong><\/p>\n<p>Apr\u00e8s l\u2019annonce d\u2019un d\u00e9ficit encore pire que pr\u00e9vu, en septembre dernier,\u00a0<a target=\"_blank\" href=\"https:\/\/www.publicsenat.fr\/actualites\/parlementaire\/info-public-senat-le-senat-va-reactiver-sa-mission-dinformation-sur-le-derapage-du-deficit-en-2024\" target=\"_blank\" rel=\"noopener\">les s\u00e9nateurs ont d\u00e9cid\u00e9 de remettre le couvert<\/a>. Une mani\u00e8re aussi de prendre les d\u00e9put\u00e9s de court. La d\u00e9cision de relancer cette mission d\u2019information a \u00e9t\u00e9 prise apr\u00e8s que les d\u00e9put\u00e9s ont cr\u00e9\u00e9 leur propre commission d\u2019enqu\u00eate. Les s\u00e9nateurs voulaient, au fond, garder la primeur sur le sujet, ne pas se faire doubler alors qu\u2019ils avaient fait le gros du travail\u2026 et couper ainsi l\u2019herbe sous le pied des d\u00e9put\u00e9s, qui vont seulement entamer leurs travaux. Entre-temps, la donne politique a chang\u00e9 et Jean-Fran\u00e7ois Husson se retrouve dans la m\u00eame majorit\u00e9, avec le socle commun, que ceux qu\u2019il a interrog\u00e9s. Situation pour le moins baroque.<\/p>\n<p>Reste qu\u2019il y avait mati\u00e8re \u00e0 revoir l\u2019ex-ministre de l\u2019Economie,\u00a0<a target=\"_blank\" href=\"https:\/\/www.publicsenat.fr\/actualites\/economie\/degradation-du-deficit-public-suivez-en-direct-laudition-de-bruno-le-maire-au-senat\" target=\"_blank\" rel=\"noopener\">Bruno Le Maire<\/a>, et l\u2019ancien ministre des Comptes publics,\u00a0<a target=\"_blank\" href=\"https:\/\/www.publicsenat.fr\/actualites\/economie\/derapage-des-finances-publiques-nous-avons-agi-des-que-nous-avons-su-et-pu-se-defend-thomas-cazenave\" target=\"_blank\" rel=\"noopener\">Thomas Cazenave<\/a>. Avec en guest star, dans cette seconde saison, deux anciens premiers ministres\u00a0:\u00a0<a target=\"_blank\" href=\"https:\/\/www.publicsenat.fr\/actualites\/economie\/aggravation-du-deficit-suivez-en-direct-laudition-de-gabriel-attal-devant-le-senat\" target=\"_blank\" rel=\"noopener\">Gabriel Attal<\/a>\u00a0et sa pr\u00e9d\u00e9cesseure,\u00a0<a target=\"_blank\" href=\"https:\/\/www.publicsenat.fr\/actualites\/economie\/derapage-du-deficit-public-suivez-en-direct-laudition-delisabeth-borne\" target=\"_blank\" rel=\"noopener\">Elisabeth Borne<\/a>.<\/p>\n<p>Les donn\u00e9es sont aujourd\u2019hui connues. Alors que lors du vote du budget 2024, la pr\u00e9vision de d\u00e9ficit \u00e9tait de 4,4\u00a0% du PIB, le d\u00e9ficit a connu un d\u00e9rapage continu pour finalement atteindre les 6,1\u00a0%. Soit environ 50\u00a0milliards en quelques mois. Un trou d\u2019air financier qui impacte directement aujourd\u2019hui les mesures en d\u00e9bat au Parlement, dans le cadre du projet de loi de finances (PLF).<\/p>\n<ul>\n<li><strong>Le rapport pointe les responsabilit\u00e9s des ministres Bruno Le Maire et Thomas Cazenave mais aussi d\u2019Elisabeth Borne, sur la fin 2023<\/strong><\/li>\n<\/ul>\n<p>Selon le rapport de la mission d\u2019information, c\u2019est \u00e0 nouveau l\u2019id\u00e9e d\u2019un s\u00e9rieux retard \u00e0 l\u2019allumage qui ressort. \u00ab\u00a0Le gouvernement connaissait l\u2019\u00e9tat critique des finances publiques d\u00e8s d\u00e9cembre\u00a02023, il aurait d\u00fb r\u00e9agir vigoureusement et il ne l\u2019a pas fait\u00a0\u00bb, dit le rapport d\u00e8s le d\u00e9but. Les \u00e9l\u00e9ments \u00e9taient l\u00e0, assez t\u00f4t. \u00ab\u00a0A partir du 30\u00a0octobre 2023, les notes produites par la direction g\u00e9n\u00e9rale des finances publiques concernant les pr\u00e9visions de recettes des grands imp\u00f4ts vont toutes dans le m\u00eame sens\u00a0: celui d\u2019un fort risque de d\u00e9gradation par rapport \u00e0 la pr\u00e9vision\u00a0\u00bb, remarque le rapport. Les premiers signaux faibles venaient notamment des moindres recettes li\u00e9es \u00e0 la TVA. Les ministres sont alert\u00e9s, mais \u00ab\u00a0aucune mesure d\u2019ajustement n\u2019a \u00e9t\u00e9 prise en d\u00e9cembre\u00a02023\u00a0\u00bb, alors qu\u2019il \u00e9tait encore temps de modifier le PLF 2024. Le Parlement n\u2019a ainsi pas \u00e9t\u00e9 inform\u00e9 du risque de d\u00e9rapage.<\/p>\n<p>Ce sont deux notes qui ont particuli\u00e8rement attir\u00e9 l\u2019attention des s\u00e9nateurs. D\u2019abord celle du 7\u00a0d\u00e9cembre 2023 de la direction g\u00e9n\u00e9rale du Tr\u00e9sor et de la direction du budget adress\u00e9e aux ministres Le Maire et Cazenave. Si les services alertent sur la situation, \u00ab\u00a0il n\u2019est pas recommand\u00e9 de communiquer sur cette mise \u00e0 jour encore entour\u00e9e de nombreux al\u00e9as\u00a0\u00bb dit la note. Les ministres s\u2019appuient sur cela pour justifier leur absence de d\u00e9cision en fin d\u2019ann\u00e9e. Mais seulement six jours apr\u00e8s, les m\u00eames ministres proposent, dans une note dat\u00e9e du 13\u00a0d\u00e9cembre et adress\u00e9e \u00e0 Elisabeth Borne, de \u00ab\u00a0partager largement le caract\u00e8re critique de notre situation budg\u00e9taire, \u00e0 la fois au sein du gouvernement, mais \u00e9galement dans l\u2019opinion publique\u00a0\u00bb\u2026 Ils proposent \u00ab\u00a0une s\u00e9rie d\u2019actions pour nous assurer de la ma\u00eetrise des d\u00e9penses l\u2019ann\u00e9e prochaine\u00a0\u00bb, dont une \u00ab\u00a0augmentation de la fiscalit\u00e9 de l\u2019\u00e9nergie au 1<sup>er<\/sup>\u00a0janvier 2024\u00a0\u00bb et une r\u00e9duction de 300\u00a0millions d\u2019euros du montant des cr\u00e9dits dans le PLF 2024 et 300\u00a0millions en moins sur les d\u00e9penses de personnel. Pas de quoi \u00ab\u00a0contenir significativement le d\u00e9rapage in\u00e9dit du d\u00e9ficit public observ\u00e9 en 2024, mais cela aurait \u00e0 tout le moins permis d\u2019engager un mouvement en ce sens\u00a0\u00bb, note le rapport.<\/p>\n<p><strong>\u00ab\u00a0Double discours de Bruno Le Maire et Thomas Cazenave\u00a0\u00bb<\/strong><\/p>\n<p>Alors que les ministres ont r\u00e9p\u00e9t\u00e9 et justifi\u00e9, lors de leurs auditions, la d\u00e9cision de ne pas prendre de mesures de freinage budg\u00e9taire, les s\u00e9nateurs en concluent sur un \u00ab\u00a0double discours de Bruno Le Maire et Thomas Cazenave\u00a0\u00bb. \u00ab\u00a0En mai\u00a02024, les propos tenus par Bruno Le Maire et Thomas Cazenave devant le S\u00e9nat sont en totale contradiction avec ce qu\u2019ils ont d\u00e9fendu au sein du gouvernement\u00a0\u00bb, constate le rapport.<\/p>\n<p>Mais celle qui est aujourd\u2019hui d\u00e9put\u00e9e du Calvados se retrouve aussi mise en cause. \u00ab La premi\u00e8re ministre Elisabeth Borne ne saurait s\u2019exon\u00e9rer de ses responsabilit\u00e9s. En effet, la note du 13 d\u00e9cembre 2023 l\u2019invite \u00e0 prendre des mesures qu\u2019elle a d\u00e9cid\u00e9 d\u2019exclure. \u00c0 cette \u00e9poque, comme elle l\u2019a confi\u00e9 \u00e0 la mission d\u2019information, sa priorit\u00e9 \u00e9tait de trouver un compromis dans le cadre de l\u2019examen du projet de loi immigration \u00bb, rel\u00e8ve le rapport. \u00ab L\u2019essentiel de mon \u00e9nergie \u00e9tait mobilis\u00e9e \u00e0 essayer de trouver un compromis entre l\u2019Assembl\u00e9e nationale et le S\u00e9nat \u00bb a en effet d\u00e9clar\u00e9 l\u2019ex-premier ministre. Au final, \u00ab cette absence de communication ne r\u00e9sulte pas de la seule responsabilit\u00e9 de Bruno Le Maire et Thomas Cazenave, mais tout autant de celle d\u2019\u00c9lisabeth Borne \u00bb, insiste le rapport, qui d\u00e9nonce \u00ab un attentisme et une inaction dommageables \u00bb\u2026<\/p>\n<\/div>\n<p><br \/>\n<br \/><a href=\"https:\/\/www.lelibrepenseur.org\/derapage-du-deficit-le-rapport-du-senat-pointe-les-responsabilites-de-le-maire-borne-attal-et-macron\/\" target=\"_blank\"\">Source link <\/a><\/p>\n","protected":false},"excerpt":{"rendered":"<p>\u00ab\u00a0Une irresponsabilit\u00e9 budg\u00e9taire assum\u00e9e, un Parlement ignor\u00e9\u00a0\u00bb. Le titre de cette saison 2 de la mission d\u2019information du S\u00e9nat sur la d\u00e9gradation du d\u00e9ficit public, entre fin\u00a02023 et\u00a02024, donne le&hellip; <\/p>\n","protected":false},"author":1,"featured_media":0,"comment_status":"open","ping_status":"open","sticky":false,"template":"","format":"standard","meta":{"footnotes":""},"categories":[1],"tags":[],"class_list":["post-958","post","type-post","status-publish","format-standard","hentry","category-non-classe"],"_links":{"self":[{"href":"https:\/\/monde25.info\/index.php\/wp-json\/wp\/v2\/posts\/958","targetHints":{"allow":["GET"]}}],"collection":[{"href":"https:\/\/monde25.info\/index.php\/wp-json\/wp\/v2\/posts"}],"about":[{"href":"https:\/\/monde25.info\/index.php\/wp-json\/wp\/v2\/types\/post"}],"author":[{"embeddable":true,"href":"https:\/\/monde25.info\/index.php\/wp-json\/wp\/v2\/users\/1"}],"replies":[{"embeddable":true,"href":"https:\/\/monde25.info\/index.php\/wp-json\/wp\/v2\/comments?post=958"}],"version-history":[{"count":0,"href":"https:\/\/monde25.info\/index.php\/wp-json\/wp\/v2\/posts\/958\/revisions"}],"wp:attachment":[{"href":"https:\/\/monde25.info\/index.php\/wp-json\/wp\/v2\/media?parent=958"}],"wp:term":[{"taxonomy":"category","embeddable":true,"href":"https:\/\/monde25.info\/index.php\/wp-json\/wp\/v2\/categories?post=958"},{"taxonomy":"post_tag","embeddable":true,"href":"https:\/\/monde25.info\/index.php\/wp-json\/wp\/v2\/tags?post=958"}],"curies":[{"name":"wp","href":"https:\/\/api.w.org\/{rel}","templated":true}]}}