{"id":961,"date":"2024-11-26T18:55:40","date_gmt":"2024-11-26T17:55:40","guid":{"rendered":"https:\/\/monde25.info\/index.php\/2024\/11\/26\/haaretz-appelle-a-sanctionner-israel-enfant-de-la-societe-sott-net\/"},"modified":"2024-11-26T18:55:40","modified_gmt":"2024-11-26T17:55:40","slug":"haaretz-appelle-a-sanctionner-israel-enfant-de-la-societe-sott-net","status":"publish","type":"post","link":"https:\/\/monde25.info\/index.php\/2024\/11\/26\/haaretz-appelle-a-sanctionner-israel-enfant-de-la-societe-sott-net\/","title":{"rendered":"Haaretz appelle \u00e0 sanctionner Isra\u00ebl \u2014 Enfant de la Soci\u00e9t\u00e9 \u2014 Sott.net"},"content":{"rendered":"<p> <br \/>\n<\/p>\n<div id=\"article-44090\">\n<div class=\"article-header\">\n<div class=\"article-icon\">\n        <img decoding=\"async\" src=\"https:\/\/fr.sott.net\/images\/icons\/newspaper.png\" title=\"Newspaper\" alt=\"Newspaper\"\/>\n      <\/div>\n<\/p><\/div>\n<div class=\"article-body\">\n      Ce qu&rsquo;aucun dirigeants de m\u00e9dias occidentaux n&rsquo;a le courage de faire, le directeur du quotidien isra\u00e9lien <em>Haaretz<\/em>, l&rsquo;a fait. Le 1<sup>er<\/sup> novembre, \u00e0 Londres, Amos Schocken a demand\u00e9 des sanctions internationales contre son pays en vue d&rsquo;\u00e9tablir un Etat palestinien. Une prise de position historique et courageuse qui confirme, indirectement, la d\u00e9rive meurtri\u00e8re des m\u00e9dias isra\u00e9lo-embarqu\u00e9s, complices depuis plus d&rsquo;un an d&rsquo;un g\u00e9nocide en Palestine (Investigaction).<br \/>\n<\/p>\n<div class=\"article-image-large to-center\"><a target=\"_blank\" href=\"https:\/\/fr.sott.net\/image\/s35\/717737\/full\/Aos_Schocken_1_1024x578.jpg\" target=\"_blank\"><img decoding=\"async\" src=\"https:\/\/fr.sott.net\/image\/s35\/717737\/large\/Aos_Schocken_1_1024x578.jpg\" alt=\"Haaretz Amos Schocken\" title=\"Cliquer pour agrandir\"\/><\/a><\/p>\n<p><span class=\"caption\">Amos Schocken<\/span><\/p>\n<\/div>\n<p>Le directeur de publication du journal isra\u00e9lien Haaretz, Amos Schocken, a demand\u00e9, lors d&rsquo;une conf\u00e9rence \u00e0 Londres, des sanctions contre Isra\u00ebl, pour faire cesser le g\u00e9nocide et cr\u00e9er un \u00c9tat palestinien.<\/p>\n<p><iframe loading=\"lazy\" title=\"L'\u00e9diteur du journal isra\u00e9lien Haaretz, Amos Schocken, demande des sanctions contre Isra\u00ebl\" width=\"560\" height=\"315\" src=\"https:\/\/video.europalestine.com\/videos\/embed\/666274e7-fe2a-4531-8db6-9c2ea2b5c884\" frameborder=\"0\" allowfullscreen=\"\" sandbox=\"allow-same-origin allow-scripts allow-popups allow-forms\" allow=\"encrypted-media; web-share;\"><\/iframe><\/p>\n<p>Autant dire que les repr\u00e9sailles n&rsquo;ont pas tard\u00e9 : dix minist\u00e8res isra\u00e9liens (Finances, Justice, Int\u00e9gration, Bien-\u00eatre, Int\u00e9rieur, \u00c9conomie, Transports, \u00c9ducation et Travail) ont temporairement suspendu toutes les publications et communications avec le journal Haaretz.<\/p>\n<p>De m\u00eame, une partie de la r\u00e9daction du quotidien s&rsquo;est d\u00e9solidaris\u00e9e de son directeur en publiant, le 4 novembre, <a target=\"_blank\" href=\"https:\/\/fr.timesofisrael.com\/haaretz-se-desolidarise-des-propos-tenus-par-amos-schocken-dans-un-edito\/\">un \u00e9ditorial<\/a> r\u00e9futant son choix s\u00e9mantique du terme \u00ab\u00a0<em>combattants de la libert\u00e9<\/em> (<em>freedom fighters<\/em>)\u00a0\u00bb pour d\u00e9signer la r\u00e9sistance palestinienne \u00e0 la colonisation isra\u00e9lienne.<\/p>\n<p>Mais ils ne peuvent rien faire contre le fait qu&rsquo;un nombre croissant d&rsquo;intellectuels isra\u00e9liens pensent la m\u00eame chose que le courageux Amos Schocken.\n\t\t<\/p>\n<\/div><\/div>\n<p><br \/>\n<br \/><a href=\"https:\/\/fr.sott.net\/article\/44090-Haaretz-appelle-a-sanctionner-Israel\" target=\"_blank\"\">Source link <\/a><\/p>\n","protected":false},"excerpt":{"rendered":"<p>Ce qu&rsquo;aucun dirigeants de m\u00e9dias occidentaux n&rsquo;a le courage de faire, le directeur du quotidien isra\u00e9lien Haaretz, l&rsquo;a fait. Le 1er novembre, \u00e0 Londres, Amos Schocken a demand\u00e9 des sanctions&hellip; <\/p>\n","protected":false},"author":1,"featured_media":962,"comment_status":"open","ping_status":"open","sticky":false,"template":"","format":"standard","meta":{"footnotes":""},"categories":[1],"tags":[],"class_list":["post-961","post","type-post","status-publish","format-standard","has-post-thumbnail","hentry","category-non-classe"],"_links":{"self":[{"href":"https:\/\/monde25.info\/index.php\/wp-json\/wp\/v2\/posts\/961","targetHints":{"allow":["GET"]}}],"collection":[{"href":"https:\/\/monde25.info\/index.php\/wp-json\/wp\/v2\/posts"}],"about":[{"href":"https:\/\/monde25.info\/index.php\/wp-json\/wp\/v2\/types\/post"}],"author":[{"embeddable":true,"href":"https:\/\/monde25.info\/index.php\/wp-json\/wp\/v2\/users\/1"}],"replies":[{"embeddable":true,"href":"https:\/\/monde25.info\/index.php\/wp-json\/wp\/v2\/comments?post=961"}],"version-history":[{"count":0,"href":"https:\/\/monde25.info\/index.php\/wp-json\/wp\/v2\/posts\/961\/revisions"}],"wp:featuredmedia":[{"embeddable":true,"href":"https:\/\/monde25.info\/index.php\/wp-json\/wp\/v2\/media\/962"}],"wp:attachment":[{"href":"https:\/\/monde25.info\/index.php\/wp-json\/wp\/v2\/media?parent=961"}],"wp:term":[{"taxonomy":"category","embeddable":true,"href":"https:\/\/monde25.info\/index.php\/wp-json\/wp\/v2\/categories?post=961"},{"taxonomy":"post_tag","embeddable":true,"href":"https:\/\/monde25.info\/index.php\/wp-json\/wp\/v2\/tags?post=961"}],"curies":[{"name":"wp","href":"https:\/\/api.w.org\/{rel}","templated":true}]}}