{"id":965,"date":"2024-11-26T21:07:36","date_gmt":"2024-11-26T20:07:36","guid":{"rendered":"https:\/\/monde25.info\/index.php\/2024\/11\/26\/la-soif-et-la-pollution-de-leau-sont-utilisees-comme-arme-de-guerre\/"},"modified":"2024-11-26T21:07:36","modified_gmt":"2024-11-26T20:07:36","slug":"la-soif-et-la-pollution-de-leau-sont-utilisees-comme-arme-de-guerre","status":"publish","type":"post","link":"https:\/\/monde25.info\/index.php\/2024\/11\/26\/la-soif-et-la-pollution-de-leau-sont-utilisees-comme-arme-de-guerre\/","title":{"rendered":"\u00ab\u00a0La soif et la pollution de l\u2019eau sont utilis\u00e9es comme arme de guerre\u00a0\u00bb"},"content":{"rendered":"<p> <br \/>\n<\/p>\n<div>\n<p>William Mina intervient comme m\u00e9diateur et animateur de collectifs aupr\u00e8s d\u2019acteurs de l\u2019\u00e9conomie sociale et solidaire. Il est aussi impliqu\u00e9 dans des mouvements d\u2019\u00e9cologie politique et de solidarit\u00e9 avec la Palestine et le Liban.<\/p>\n<hr class=\"spip\"\/>\n<p>Isra\u00ebl utilise aujourd\u2019hui l\u2019assoiffement de la population gazaouie et la pollution de l\u2019eau comme armes de guerre. En juillet 2024, <a target=\"_blank\" href=\"https:\/\/www.oxfamfrance.org\/communiques-de-presse\/israel-utilise-leau-comme-arme-de-guerre-a-lheure-ou-lapprovisionnement-de-gaza-seffondre-de-94-provoquant-une-catastrophe-sanitaire-mortelle\/\" class=\"spip_out\" rel=\"external\">Oxfam a \u00e9valu\u00e9<\/a> \u00e0 un peu moins de 5\u00a0litres par jour et par personne la quantit\u00e9 d\u2019eau moyenne accessible \u00e0 Gaza, alors que 15\u00a0litres quotidiens sont consid\u00e9r\u00e9s comme n\u00e9cessaires pour survivre en situation d\u2019urgence, <a target=\"_blank\" href=\"https:\/\/press.un.org\/fr\/2024\/dbf240117.doc.htm\" class=\"spip_out\" rel=\"external\">selon les Nations unies<\/a>.<\/p>\n<p>Destructrice des populations et des \u00e9cosyst\u00e8mes marins, cette guerre bafoue un des droits fondamentaux humains soulign\u00e9s par <a target=\"_blank\" href=\"https:\/\/www.gisti.org\/IMG\/pdf\/1_rjoi_18_2014_frederic_cadet_le_droit_de_l_homme_a_l_eau_potable.pdf\" class=\"spip_out\" rel=\"external\">la d\u00e9claration<\/a> du 28\u00a0juillet 2010 de l\u2019Assembl\u00e9e g\u00e9n\u00e9rale des Nations unies, le droit \u00e0 l\u2019eau.<\/p>\n<p>Les Gazaouis recourent aujourd\u2019hui aux eaux us\u00e9es non trait\u00e9es pour la toilette et le lavage de leurs v\u00eatements. Et si certains fabriquent des syst\u00e8mes de dessalement de fortune <a target=\"_blank\" href=\"https:\/\/www.instagram.com\/translating_falasteen\/reel\/C7rhglYN6zf\/\" class=\"spip_out\" rel=\"external\">\u00e0 partir de galets, de sable, de charbon et de coton<\/a>, de plus en plus d\u2019enfants \u00e9tanchent leur soif dans des flaques d\u2019eau <a target=\"_blank\" href=\"https:\/\/edition.cnn.com\/2024\/08\/23\/middleeast\/israel-gaza-water-shortages-heatwave-crisis-intl\" class=\"spip_out\" rel=\"external\">contamin\u00e9es par les d\u00e9chets<\/a>.<\/p>\n<h2 class=\"spip\">Une destruction intentionnelle<\/h2>\n<p>Cette instrumentalisation de l\u2019eau par Isra\u00ebl n\u2019est pas visible de prime abord dans les images cataclysmiques qui nous parviennent depuis les sources d\u2019information locales. C\u2019est tout un syst\u00e8me qui se d\u00e9gage de la r\u00e9p\u00e9tition d\u2019actions d\u00e9nonc\u00e9es par l\u2019Organisation des Nations unies (<span class=\"caps\">ONU<\/span>) et plusieurs <span class=\"caps\">ONG<\/span>\u00a0:<\/p>\n<ul class=\"spip\" role=\"list\">\n<li> la destruction ou l\u2019endommagement de plus des deux tiers des puits et des r\u00e9servoirs d\u2019eau, ainsi que d\u2019unit\u00e9s de dessalement<small class=\"fine d-inline\">\u00a0<\/small>;<\/li>\n<li> la mise hors d\u2019\u00e9tat de produire des pompes et des unit\u00e9s de dessalement encore fonctionnelles, via l\u2019obstruction \u00e0 la livraison de carburant, comme actuellement dans le nord de Gaza<small class=\"fine d-inline\">\u00a0<\/small>;<\/li>\n<li> la mise hors d\u2019\u00e9tat de fonctionner de toutes les unit\u00e9s de traitement des eaux us\u00e9es<small class=\"fine d-inline\">\u00a0<\/small>;<\/li>\n<li> l\u2019interruption totale ou partielle de la livraison d\u2019eau par la compagnie nationale isra\u00e9lienne Mekorot, dont les trois lignes n\u2019ont fourni, depuis le 7\u00a0octobre 2023, que 22<small class=\"fine d-inline\">\u00a0<\/small>% des quantit\u00e9s achemin\u00e9es auparavant<small class=\"fine d-inline\">\u00a0<\/small>;<\/li>\n<li> la destruction des deux seuls laboratoires de test de qualit\u00e9 des eaux<small class=\"fine d-inline\">\u00a0<\/small>;<\/li>\n<li> la contamination des sources d\u2019eau et du rivage m\u00e9diterran\u00e9en par les eaux us\u00e9es et par les m\u00e9taux lourds et toxiques (phosphore blanc, amiante, etc.) issus des armes et des d\u00e9bris<small class=\"fine d-inline\">\u00a0<\/small>;<\/li>\n<li> le blocage du mat\u00e9riel n\u00e9cessaire \u00e0 la r\u00e9paration des infrastructures d\u2019eau d\u00e9truites<small class=\"fine d-inline\">\u00a0<\/small>;<\/li>\n<li> les d\u00e9placements forc\u00e9s rendant inaccessibles certaines installations encore fonctionnelles<small class=\"fine d-inline\">\u00a0<\/small>;<\/li>\n<li> les assassinats de professionnels en cours d\u2019intervention sur des infrastructures<small class=\"fine d-inline\">\u00a0<\/small>;<\/li>\n<li> les assassinats de civils se ravitaillant en eau\u2026<\/li>\n<\/ul>\n<p>La soumission m\u00e9thodique de la population de Gaza \u00e0 la soif et \u00e0 la pollution est l\u2019un des actes du g\u00e9nocide en cours. Son caract\u00e8re intentionnel a \u00e9t\u00e9 explicitement expos\u00e9 dans les d\u00e9clarations de plusieurs hommes politiques isra\u00e9liens, comme Giora Eiland, conseiller du ministre de la D\u00e9fense, qui d\u00e9clarait le 10\u00a0octobre\u00a02023 sur la station <span class=\"caps\">GLZ<\/span>, la radio de l\u2019arm\u00e9e isra\u00e9lienne\u00a0: <i>\u00ab<small class=\"fine d-inline\">\u00a0<\/small>Si les p\u00e9nuries d\u2019\u00e9nergie \u00e0 Gaza rendaient impossible le pompage de l\u2019eau, ce serait une bonne chose. Sinon, il nous faudra attaquer les infrastructures de traitement de l\u2019eau pour provoquer la soif et la faim \u00e0 Gaza et, je dirais, laisser pr\u00e9sager une crise \u00e9conomique et humanitaire sans pr\u00e9c\u00e9dent.<small class=\"fine d-inline\">\u00a0<\/small>\u00bb<\/i><span class=\"spip_note_ref\">\u00a0[<a target=\"_blank\" href=\"#nb2-1\" class=\"spip_note\" rel=\"appendix\" title=\"Citation extraite du m\u00e9dia am\u00e9ricain Drop Site News, qui l\u2019avait lui-m\u00eame\u00a0(\u2026)\" id=\"nh2-1\">1<\/a>]<\/span><\/p>\n<p>Les preuves de l\u2019application de ces d\u00e9clarations ne manquent pas. Ainsi, le 26\u00a0juillet\u00a02024, un soldat isra\u00e9lien du 601<sup class=\"typo_exposants\">e<\/sup> Engineer Combat Battalion a post\u00e9 sur Instagram <a target=\"_blank\" href=\"https:\/\/x.com\/ytirawi\/status\/1816965332952555683\" class=\"spip_out\" rel=\"external\">une vid\u00e9o<\/a> montrant la destruction pr\u00e9m\u00e9dit\u00e9e d\u2019une installation majeure de Rafah en mesure d\u2019approvisionner en eau propre la moiti\u00e9 de la population de la ville.<\/p>\n<h2 class=\"spip\">H\u00e9patite A, polio, chol\u00e9ra&#8230;<\/h2>\n<p>La situation est telle que les maladies v\u00e9hicul\u00e9es par l\u2019eau (h\u00e9patite A, polio, chol\u00e9ra, dysenterie, diarrh\u00e9es aigu\u00ebs, typho\u00efde) et la d\u00e9shydratation prolif\u00e8rent. 669\u00a0000\u00a0cas de diarrh\u00e9es, l\u2019une des premi\u00e8res causes de mortalit\u00e9 infantile, ont \u00e9t\u00e9 d\u00e9nombr\u00e9s depuis le 7\u00a0octobre 2023 par le Bureau de la coordination des affaires humanitaires de l\u2019<span class=\"caps\">ONU<\/span> (<a target=\"_blank\" href=\"http:\/\/www.ochaopt.org\/content\/humanitarian-situation-update-231-gaza-strip\" class=\"spip_out\" rel=\"external\">Ocha<\/a>), qui estimait aussi fin septembre que 76<small class=\"fine d-inline\">\u00a0<\/small>% des h\u00f4pitaux fonctionnant partiellement n\u2019\u00e9taient pas suffisamment approvisionn\u00e9s en eau.<\/p>\n<p>Ajout\u00e9es \u00e0 celles caus\u00e9es par la destruction des conditions alimentaires, de logement et de soin, ces maladies pourraient avoir d\u00e9j\u00e0 entra\u00een\u00e9 des cons\u00e9quences tout aussi mortelles que les bombardements m\u00eames. D\u2019apr\u00e8s les estimations d\u2019un collectif de professionnels de sant\u00e9 am\u00e9ricains ayant \u00e9t\u00e9 b\u00e9n\u00e9voles \u00e0 Gaza depuis le 7\u00a0octobre, <a target=\"_blank\" href=\"https:\/\/www.gazahealthcareletters.org\/usa-letter-oct-2-2024\" class=\"spip_out\" rel=\"external\">118\u00a0000\u00a0personnes<\/a> pourraient d\u00e9j\u00e0 avoir succomb\u00e9 en raison du conflit, sur une population d\u2019environ 2\u00a0160\u00a0000\u00a0personnes. 2\u00a0300\u00a0morts pourraient \u00eatre imput\u00e9es chaque mois \u00e0 des maladies infectieuses, selon la <a target=\"_blank\" href=\"https:\/\/gaza-projections.org\/gaza_projections_report.pdf\" class=\"spip_out\" rel=\"external\">London School of Hygiene and Tropical Medicine<\/a>.<\/p>\n<blockquote class=\"spip\">\n<p>\u00ab<small class=\"fine d-inline\">\u00a0<\/small>2 300 morts pourraient \u00eatre imput\u00e9es chaque mois \u00e0 des maladies infectieuses<small class=\"fine d-inline\">\u00a0<\/small>\u00bb<\/p>\n<\/blockquote>\n<p>M\u00eame si la guerre s\u2019arr\u00eatait demain, Gaza resterait inhabitable encore longtemps. Des centaines de milliers de m<sup class=\"typo_exposants\">3<\/sup> d\u2019eau us\u00e9e continueront, durant plusieurs ann\u00e9es apr\u00e8s la cessation des bombardements, de se d\u00e9verser dans la mer, <a target=\"_blank\" href=\"https:\/\/reporterre.net\/Guerre-a-Gaza-l-environnement-une-victime-silencieuse\">condamnant faune marine et activit\u00e9 de p\u00eache<\/a>. Aux destructions des infrastructures de l\u2019eau, il faudra ajouter la pollution qui r\u00e9sultera de toutes les autres destructions de b\u00e2timents, les dizaines de millions de d\u00e9bris (dont <a target=\"_blank\" href=\"https:\/\/www.rfi.fr\/fr\/podcasts\/questions-d-environnement\/20241009-comment-parler-d-environnement-en-temps-de-guerre\" class=\"spip_out\" rel=\"external\">800\u00a0000\u00a0tonnes<\/a> contenant potentiellement de l\u2019amiante) qui, en plus de favoriser par l\u2019air des maladies respiratoires et des cancers, contamineront l\u2019aquif\u00e8re d\u00e9j\u00e0 pollu\u00e9 par ruissellement.<\/p>\n<p>Le temps et l\u2019ampleur des efforts n\u00e9cessaires \u00e0 la reconstruction des infrastructures d\u00e9passeront de loin ce que Gaza a connu apr\u00e8s chacune des guerres pass\u00e9es, et il est permis de penser que les autorit\u00e9s isra\u00e9liennes, conform\u00e9ment \u00e0 leur habituelle strat\u00e9gie d\u2019obstruction, ne la faciliteront pas.<\/p>\n<p>Malgr\u00e9 les mandats d\u2019arr\u00eat \u00e9mis tout r\u00e9cemment par la Cour p\u00e9nale internationale contre le Premier ministre isra\u00e9lien, Benyamin Netanyahou, et son ex-ministre de la D\u00e9fense, Yoav Gallant, pour crimes de guerre et crimes contre l\u2019humanit\u00e9 dans la bande de Gaza, rien ne laisse pr\u00e9sager que des sanctions propres \u00e0 interrompre la campagne d\u2019extermination d\u2019Isra\u00ebl seront mises en place prochainement. Ce qui se r\u00e9v\u00e9lerait aussi dans ce cas, c\u2019est que l\u2019ordre international actuel n\u2019est pas apte \u00e0 assurer les droits fondamentaux les plus \u00e9l\u00e9mentaires comme le droit \u00e0 l\u2019eau.<\/p>\n<aside class=\"boite_encarts\">\n<div class=\"encart encart_vert noprint montre_1023\">\n<div class=\"infolettre-form-container noprint\">\n<p>Abonnez-vous \u00e0 la lettre d\u2019info de Reporterre<\/p>\n<\/div><\/div>\n<\/aside>\n<aside class=\"boite_apresarticle encart_note\">\n<h4>Apr\u00e8s cet article<\/h4>\n<p>      <a target=\"_blank\" href=\"https:\/\/reporterre.net\/Guerre-a-Gaza-l-environnement-une-victime-silencieuse\" class=\"lien_article\">\n      <picture class=\"vignette_gauche\"><source type=\"image\/webp\" srcset=\"https:\/\/reporterre.net\/local\/cache-gd2\/f9\/45f3e40a97a8ce6cdedf5fcc8119ef.jpg@.webp?1730134216\"><img decoding=\"async\" src=\"https:\/\/reporterre.net\/local\/cache-gd2\/f9\/45f3e40a97a8ce6cdedf5fcc8119ef.jpg?1730134216\" width=\"450\" height=\"300\" alt=\"\" class=\"marge12\" loading=\"lazy\"\/><br \/>\n<\/source><\/picture>\n<p class=\"libelle\">\n<p>      Monde\n    <\/p>\n<p class=\"titre pol20\">\u00c0 Gaza, des activistes d\u00e9noncent un crime d\u2019\u00e9cocide<\/p>\n<p>      <\/a><br \/>\n    <\/aside>\n<aside class=\"boite_complement texte\">\n<div class=\"encart_note\">\n<h4>Notes<\/h4>\n<div id=\"nb2-1\">\n<p><span class=\"spip_note_ref\">[<a target=\"_blank\" href=\"#nh2-1\" class=\"spip_note\" title=\"Notes 2-1\" rev=\"appendix\">1<\/a>]\u00a0<\/span>Citation extraite du m\u00e9dia am\u00e9ricain Drop Site News, qui l\u2019avait lui-m\u00eame traduite de l\u2019h\u00e9breu \u00e0 l\u2019anglais depuis la station de radio <span class=\"caps\"><span class=\"caps\">GLZ<\/span><\/span>, puis traduite de l\u2019anglais au fran\u00e7ais par l\u2019auteur de cette tribune.<\/p>\n<\/div><\/div>\n<div class=\"encart_note\">\n<h4>Pr\u00e9cisions<\/h4>\n<p><i>&#8211; Dans les tribunes, les auteurs expriment un point de vue propre, qui n\u2019est pas n\u00e9cessairement celui de la r\u00e9daction.<br \/>\n<br \/>&#8211; \u00a0Titre, chap\u00f4 et intertitres sont de la r\u00e9daction.<\/i><\/p>\n<\/p><\/div>\n<p>      <!-- zone_forum --><br \/>\n          <\/aside>\n<aside class=\"boite_lireaussi noprint\">\n<\/aside>\n<aside class=\"colonne\">\n<div class=\"article_info cache_1023 noprint\">\n        <svg class=\"grosse_icone cache_1023\">\n  <use xlink:href=\"#megaphone\"\/>\n<\/svg><\/p>\n<p>    <span class=\"date\">26 novembre 2024  \u00e0 17h26<\/span><\/p>\n<p class=\"duree_lecture\">\n        Dur\u00e9e de lecture : 6 minutes\n      <\/p>\n<\/p><\/div>\n<div class=\"bloc_infolettre\">\n<div class=\"infolettre-form-container noprint\">\n<p>Abonnez-vous \u00e0 la lettre d\u2019info de Reporterre<\/p>\n<\/div><\/div>\n<\/aside>\n<div id=\"galerie\">\n  <img decoding=\"async\" src=\"\" class=\"principale\" id=\"principale\"\/><\/p>\n<p id=\"legende\">legende<\/p>\n<\/div>\n<footer class=\"noprint\">\n<\/footer>\n<\/div>\n<p><script async defer src=\"https:\/\/platform.instagram.com\/en_US\/embeds.js\"><\/script><br \/>\n<br \/><br \/>\n<br \/><a href=\"https:\/\/reporterre.net\/Gaza-La-soif-et-la-pollution-de-l-eau-sont-utilisees-comme-arme-de-guerre\" target=\"_blank\"\">Source link <\/a><\/p>\n","protected":false},"excerpt":{"rendered":"<p>William Mina intervient comme m\u00e9diateur et animateur de collectifs aupr\u00e8s d\u2019acteurs de l\u2019\u00e9conomie sociale et solidaire. Il est aussi impliqu\u00e9 dans des mouvements d\u2019\u00e9cologie politique et de solidarit\u00e9 avec la&hellip; <\/p>\n","protected":false},"author":1,"featured_media":966,"comment_status":"open","ping_status":"open","sticky":false,"template":"","format":"standard","meta":{"footnotes":""},"categories":[1],"tags":[],"class_list":["post-965","post","type-post","status-publish","format-standard","has-post-thumbnail","hentry","category-non-classe"],"_links":{"self":[{"href":"https:\/\/monde25.info\/index.php\/wp-json\/wp\/v2\/posts\/965","targetHints":{"allow":["GET"]}}],"collection":[{"href":"https:\/\/monde25.info\/index.php\/wp-json\/wp\/v2\/posts"}],"about":[{"href":"https:\/\/monde25.info\/index.php\/wp-json\/wp\/v2\/types\/post"}],"author":[{"embeddable":true,"href":"https:\/\/monde25.info\/index.php\/wp-json\/wp\/v2\/users\/1"}],"replies":[{"embeddable":true,"href":"https:\/\/monde25.info\/index.php\/wp-json\/wp\/v2\/comments?post=965"}],"version-history":[{"count":0,"href":"https:\/\/monde25.info\/index.php\/wp-json\/wp\/v2\/posts\/965\/revisions"}],"wp:featuredmedia":[{"embeddable":true,"href":"https:\/\/monde25.info\/index.php\/wp-json\/wp\/v2\/media\/966"}],"wp:attachment":[{"href":"https:\/\/monde25.info\/index.php\/wp-json\/wp\/v2\/media?parent=965"}],"wp:term":[{"taxonomy":"category","embeddable":true,"href":"https:\/\/monde25.info\/index.php\/wp-json\/wp\/v2\/categories?post=965"},{"taxonomy":"post_tag","embeddable":true,"href":"https:\/\/monde25.info\/index.php\/wp-json\/wp\/v2\/tags?post=965"}],"curies":[{"name":"wp","href":"https:\/\/api.w.org\/{rel}","templated":true}]}}