{"id":969,"date":"2024-11-26T22:15:54","date_gmt":"2024-11-26T21:15:54","guid":{"rendered":"https:\/\/monde25.info\/index.php\/2024\/11\/26\/jaccuse-version-augmentee-lettre-aux-francais\/"},"modified":"2024-11-26T22:15:54","modified_gmt":"2024-11-26T21:15:54","slug":"jaccuse-version-augmentee-lettre-aux-francais","status":"publish","type":"post","link":"https:\/\/monde25.info\/index.php\/2024\/11\/26\/jaccuse-version-augmentee-lettre-aux-francais\/","title":{"rendered":"J&rsquo;Accuse&#8230;version augment\u00e9e ! Lettre aux Fran\u00e7ais."},"content":{"rendered":"<p> <br \/>\n<\/p>\n<div>\n<p>Le 7 novembre, je publiais dans un \u00e9dito une lettre aux Fran\u00e7ais sous forme d&rsquo;un J&rsquo;Accuse version moderne envers tous ceux qui ont \u0153uvr\u00e9 \u00e0 ce que la France devienne terre d&rsquo;incendies (sanitaires, sociaux, financiers, etc.) allum\u00e9s par ceux-l\u00e0 m\u00eame qui ensuite pr\u00e9tendent les \u00e9teindre. \u00a0Ayant \u00e9chang\u00e9 avec de nombreuses personnes au sujet de son contenu, en voici la version augment\u00e9e de l&rsquo;intelligence collective <a target=\"_blank\" href=\"https:\/\/www.francesoir.fr\/opinions-editos-politique-france\/francesoir-le-manifeste-nos-experts-cest-vous\" target=\"_blank\">si ch\u00e8re au journalisme participatif et collaboratif d\u00e9crit dans le Manifeste de <em>France-Soir<\/em>.<\/a><br \/>\u00a0<\/p>\n<h3 class=\"text-align-center\"><strong>J\u2019Accuse augment\u00e9, lettre aux Fran\u00e7ais<\/strong>\u00a0<\/h3>\n<p class=\"text-align-center\">\u00a0<\/p>\n<p>J&rsquo;accuse <strong>les repr\u00e9sentants de la Nation<\/strong> de <strong>trahir la confiance et le mandat du peuple fran\u00e7ais<\/strong> en votant des lois qu\u2019ils ne s\u2019appliquent pas \u00e0 eux-m\u00eames (passe sanitaire)\u00a0; d\u2019avoir vot\u00e9 des lois sur l\u2019obligation vaccinale des soignants et d\u2019autres professions, en ne respectant pas les donn\u00e9es de la science ou se rangeant \u00e0 des accords de groupe. Je les accuse aussi <strong>de ne pas s\u2019\u00eatre \u00e9lev\u00e9s contre l\u2019envoi massif d\u2019armes et de fonds en Ukraine<\/strong> sans contr\u00f4le du Parlement, et de ne pas s&rsquo;\u00eatre \u00e9lev\u00e9s non plus contre <strong>la mise en place d\u2019un Conseil de d\u00e9fense<\/strong>, une entit\u00e9 qui a consacr\u00e9 l\u2019obscurantisme de d\u00e9cisions sanitaires qui auraient d\u00fb faire l\u2019objet d\u2019une totale transparence. En outre, je les accuse de <strong>ne pas avoir exerc\u00e9 en temps et en heure le contr\u00f4le parlementaire,\u00a0<\/strong>exig\u00e9 par leurs fonctions, sur les d\u00e9penses et les engagements inconsid\u00e9r\u00e9s des gouvernements Macron, contraires \u00e0 l\u2019int\u00e9r\u00eat de la Nation et gr\u00e9vant l&rsquo;avenir de nos enfants.<\/p>\n<p>J&rsquo;accuse <strong>le Conseil constitutionnel <\/strong><a target=\"_blank\" href=\"https:\/\/www.francesoir.fr\/politique-france\/les-francais-appeles-demander-par-courrier-la-demission-des-membres-du-conseil\"><strong>de valider les lois qu&rsquo;il sait contraires \u00e0 la Constitution et aux int\u00e9r\u00eats des Fran\u00e7ais<\/strong><\/a>.<\/p>\n<p>J\u2019accuse le minist\u00e8re de la Sant\u00e9 et l\u2019\u00c9tat <strong>de privil\u00e9gier une \u00e9conomie de la maladie\u00a0<\/strong>profitant aux grandes industries d\u00e9j\u00e0 globalis\u00e9es au d\u00e9triment de la sant\u00e9 de la population. Les prescriptions abusives de m\u00e9dicaments repr\u00e9sentent ainsi aujourd\u2019hui la principale cause de mortalit\u00e9 en Occident. Pas plus en France qu\u2019aux \u00c9tats-Unis n\u2019avons-nous de politique de sant\u00e9 digne de ce nom qui fasse <strong>de la bonne sant\u00e9 des Fran\u00e7ais une priorit\u00e9<\/strong>.\u00a0<\/p>\n<p>Ensuite, j&rsquo;accuse <strong>le ministre de la Sant\u00e9<\/strong> d&rsquo;avoir men\u00e9 la plus grande escroquerie sanitaire, \u00e9conomique et sociale de l&rsquo;Histoire moderne, permettant ainsi <strong>la perte de chance de nombreux patients<\/strong>, en <strong>n\u2019ayant pas suivi les donn\u00e9es de la science<\/strong> et les travaux de l\u2019IHU m\u00e9diterran\u00e9e (financ\u00e9 par les imp\u00f4ts des Fran\u00e7ais) sur l\u2019efficacit\u00e9 des traitements pr\u00e9coces. \u00a0Enfin, j&rsquo;accuse \u00e9galement le minist\u00e8re de la Sant\u00e9 <strong>d&rsquo;avoir promu une th\u00e9rapie g\u00e9nique exp\u00e9rimentale<\/strong>\u00a0sans avoir la totalit\u00e9 des \u00e9tudes. \u00ab\u00a0<em>Tous vaccin\u00e9s, tous prot\u00e9g\u00e9s\u00a0!<\/em>\u00a0\u00bb \u00e9tait un slogan mensonger. Toute affirmation sur l&rsquo;efficacit\u00e9 et la non-dangerosit\u00e9 de cette th\u00e9rapie exp\u00e9rimentale aurait d\u00fb \u00eatre accompagn\u00e9e de r\u00e9serves, et sa validit\u00e9 aurait d\u00fb \u00eatre v\u00e9rifi\u00e9e, comme l\u2019exige la d\u00e9ontologie des journalistes.<\/p>\n<p>J&rsquo;accuse en cela <strong>le Conseil d&rsquo;\u00c9tat\u00a0de manquement \u00e0 ses devoirs en n&rsquo;ayant pas censur\u00e9 d&rsquo;initiative ce slogan<\/strong>. Et, j&rsquo;accuse le Conseil d&rsquo;\u00c9tat de prot\u00e9ger l&rsquo;\u00c9tat, plut\u00f4t que de prot\u00e9ger les citoyens contre les d\u00e9cisions de l&rsquo;\u00c9tat qui sont manifestement contraires \u00e0 la loi, et celles qui donnent la part belle \u00e0 des donn\u00e9es contraires \u00e0 celles de la science.<\/p>\n<p>J&rsquo;accuse <strong>la Cour de justice de la R\u00e9publique d\u2019avoir prot\u00e9g\u00e9<\/strong><a target=\"_blank\" href=\"https:\/\/www.francesoir.fr\/societe-sante\/aurelien-rousseau-absence-d-effets-secondaires-lea-salame\"> les d\u00e9clarations fausses et fallacieuses du ministre de la Sant\u00e9 sur l\u2019efficacit\u00e9 vaccinale et l\u2019absence d\u2019effets secondaires<\/a>.<\/p>\n<p>J&rsquo;accuse le <strong>directeur g\u00e9n\u00e9ral de la sant\u00e9 et le Conseil scientifique<\/strong>\u00a0d&rsquo;avoir hautement particip\u00e9 aux mensonges et \u00e0 cette escroquerie <strong>en ne contribuant pas \u00e0 \u00e9clairer les Fran\u00e7ais sur les r\u00e9els choix scientifiques<\/strong>. Ceci a d\u2019autant plus \u00e9t\u00e9 montr\u00e9 dans les RKI files en Allemagne.<\/p>\n<p>J&rsquo;accuse le <strong>conseil de l&rsquo;ordre des m\u00e9decins<\/strong> d&rsquo;avoir coop\u00e9r\u00e9 \u00e0 cette escroquerie, <strong>en faisant r\u00e9gner la peur et la terreur parmi les m\u00e9decins qui soignaient. <\/strong>J&rsquo;accuse le <strong>Conseil de l&rsquo;ordre des M\u00e9decins <\/strong>et celui <strong>des pharmaciens <\/strong>d&rsquo;avoir contraint les m\u00e9decins et pharmaciens \u00e0 violer leurs serments, leur \u00e9thique, leur d\u00e9ontologie en faisant usage de m\u00e9thodes coercitives pour les emp\u00eacher de prodiguer les soins n\u00e9cessaires \u00e0 leurs patients, en les emp\u00eachant de recevoir leurs patients et de les op\u00e9rer s&rsquo;ils n&rsquo;\u00e9taient pas vaccin\u00e9s avec un produit en phase exp\u00e9rimentale ; d&rsquo;avoir contribu\u00e9 \u00e0 bannir de leur rang tous m\u00e9decins et pharmaciens qui fid\u00e8les \u00e0 leurs engagements et vocations ont soign\u00e9 ou inform\u00e9 les patients en vertu des serments et des conventions internationales. \u00a0\u00a0<\/p>\n<p>J&rsquo;accuse <strong>l&rsquo;Agence nationale de s\u00e9curit\u00e9 du m\u00e9dicament et des produits de sant\u00e9 d&rsquo;avoir contribu\u00e9 \u00e0 la perte de chance des patients<\/strong>, en ne donnant pas une autorisation temporaire d\u2019utilisation de l\u2019hydroxychloroquine telle que cela lui fut demand\u00e9 par l\u2019IHU m\u00e9diterran\u00e9e, <a target=\"_blank\" href=\"https:\/\/www.francesoir.fr\/societe-sante\/livermectine-au-conseil-detat-le-25-janvier\">ou une autorisation<\/a> sur <a target=\"_blank\" href=\"https:\/\/www.francesoir.fr\/societe-sante\/ivermectine-une-nouvelle-meta-analyse-conclut-son-efficacite\">l\u2019ivermectine<\/a>, et d\u2019avoir \u00e0 l&rsquo;inverse fourni une autorisation temporaire sur les th\u00e9rapies g\u00e9niques, en absence d\u2019\u00e9tudes fondamentales sur la toxicit\u00e9 de ces produits (absence des donn\u00e9es sur la bio distribution, la g\u00e9notoxicit\u00e9 et l\u2019immunotoxicit\u00e9). Et, j&rsquo;accuse \u00e9galement l&rsquo;ANSM d\u2019avoir minimis\u00e9 l\u2019importance des effets secondaires et de ne pas avoir tout mis en \u0153uvre pour obtenir (r\u00e9tention d\u2019information) les informations sur les donn\u00e9es de mortalit\u00e9 des d\u00e9c\u00e8s, toutes causes, avec statut vaccinal et par classe d\u2019\u00e2ge, ce qui aurait permis de d\u00e9montrer sans faille les assertions des politiques.<\/p>\n<p>J\u2019accuse <strong>ceux qui ont priv\u00e9 les fran\u00e7ais <\/strong>des m\u00e9dicaments peu on\u00e9reux, non toxiques et efficaces en phase pr\u00e9coce de la maladie (comme l\u2019hydroxychloroquine, l\u2019azithromycine et l\u2019ivermectine), ce qui les a emp\u00each\u00e9s de recevoir des soins tr\u00e8s bon march\u00e9, indispensables, et faciles \u00e0 mettre en place, et ce qui, par cons\u00e9quence, a provoqu\u00e9 indirectement la mort de bon nombre de nos concitoyens. Une quantit\u00e9 qu\u2019il s\u2019agira d\u2019estimer de fa\u00e7on fiable dans une troisi\u00e8me mi-temps, qui elle, devra \u00eatre judiciaire, puisque certains m\u00e9decins ont \u00e9t\u00e9 <a target=\"_blank\" href=\"https:\/\/www.francesoir.fr\/societe-sante\/lyonbordeauxgate-une-etude-revue-par-les-pairs-confirme-que-les-pretendus-17-000\">jusqu\u2019\u00e0 faussement estimer une mortalit\u00e9 associ\u00e9e \u00e0 l\u2019hydroxychloroquine<\/a> (\u00e9tude r\u00e9tract\u00e9e).<\/p>\n<p>J\u2019accuse beaucoup <strong>de leaders d\u2019opinion<\/strong>, souvent professeurs de CHU, <strong>d\u2019avoir tent\u00e9 de discr\u00e9diter, caricaturer un des scientifiques<\/strong> les plus reconnus dans le monde en mati\u00e8re de maladies infectieuses\u00a0: le Professeur Raoult et ses coll\u00e8gues de l\u2019IHU m\u00e9diterran\u00e9e, alors que leurs d\u00e9tracteurs qui n\u2019ont en rien contribu\u00e9 \u00e0 la science lors de l\u2019\u00e9pid\u00e9mie de COVID-19, p\u00e9roraient sur les plateaux de t\u00e9l\u00e9vision sans contradicteur. En outre, souvent, ces m\u00eames m\u00e9decins, leaders d\u2019opinion, ont essay\u00e9 par tous les moyens de promouvoir le \u00ab\u00a0Remdesivir\u00a0\u00bb, tr\u00e8s cher et toxique, absolument non utilisable m\u00eame en phase pr\u00e9coce, seule phase o\u00f9 le traitement antiviral pr\u00e9sente un int\u00e9r\u00eat.<\/p>\n<p>J\u2019accuse <strong>moult m\u00e9decins et professeurs de m\u00e9decine<\/strong> de <strong>venir distiller leurs opinions<\/strong> plut\u00f4t que les donn\u00e9es de la science sur les plateaux de t\u00e9l\u00e9vision, sans d\u00e9clarer leurs conflits d\u2019int\u00e9r\u00eat (<a target=\"_blank\" href=\"https:\/\/www.francesoir.fr\/societe-sante\/revenus-verses-par-big-pharma-partir-de-douze-un-foyer-epidemique-de-conflits\" target=\"_blank\">revenus vers\u00e9s par Big Pharma. \u00c0 partir de douze, on a un foyer \u00e9pid\u00e9mique de conflits d\u2019int\u00e9r\u00eats<\/a>\u202f?)<\/p>\n<p>J\u2019accuse <strong>nombre de m\u00e9decins d\u2019avoir failli \u00e0 leur mission<\/strong>, en premier lieu dans l\u2019esprit et le respect du serment d\u2019Hippocrate\u00a0: celle de soigner.<\/p>\n<p>J\u2019accuse <strong>une partie de la communaut\u00e9 scientifique<\/strong>, <strong>d\u2019avoir voulu discr\u00e9diter l\u2019hydroxychloroquine\u00a0et autres traitements pr\u00e9coces<\/strong> ; tr\u00e8s certainement en raison de conflits d\u2019int\u00e9r\u00eat avec le lobby pharmaceutique en concevant des \u00e9tudes scientifiques biais\u00e9es \u00e9valuant l\u2019hydroxychloroquine chez des patients d\u00e9j\u00e0 hospitalis\u00e9s, donc \u00e0 un stade de prise en charge souvent trop tardif ; des \u00e9tudes administrant des doses toxiques (\u00e9tude anglaise Recovery), et n\u2019associant pas (pour la plupart d\u2019entre elles) l\u2019azithromycine et un timing appropri\u00e9 de soins accompagn\u00e9s de com\u00e9dications, comme les anti-coagulants et la dexam\u00e9thasone.<\/p>\n<p>J\u2019accuse <strong>les promoteurs des \u00e9tudes<\/strong> \u00ab<a target=\"_blank\" href=\"https:\/\/www.francesoir.fr\/politique-france\/discovery-une-faute-grave-de-la-recherche-francaise-en-plus-dune-faute-medicale\" target=\"_blank\">DISCOVERY<\/a> \u00bb et \u00ab<a target=\"_blank\" href=\"https:\/\/www.francesoir.fr\/societe-sante\/l-hydroxychloroquine-fournit-un-effet-benefique-dans-la-prevention-de-la-covid-19\" target=\"_blank\">HYCOVID<\/a> \u00bb <strong>d\u2019avoir <\/strong><a target=\"_blank\" href=\"http:\/\/www.francesoir.fr\/politique-france\/discovery-une-faute-grave-de-la-recherche-francaise-en-plus-dune-faute-medicale\"><strong>voulu effacer l\u2019efficacit\u00e9<\/strong><\/a> de ce m\u00e9dicament et de s\u2019\u00eatre empress\u00e9s d\u2019arr\u00eater ou de suspendre le bras hydroxychloroquine. En effet, au 30 juin 2020, le bras hydroxychloroquine a \u00e9t\u00e9 arr\u00eat\u00e9, alors que le ratio de risque donnait <a target=\"_blank\" href=\"https:\/\/www.fortunejournals.com\/articles\/in-reply-to-the-discovery-trial-report-evaluating-the-potential-benefit-of-hydroxychloroquine-lopinavir-and-ritonavir-with-and-wit.html\">une \u00e9valuation positive<\/a> en faveur de l\u2019hydroxychloroquine, pas encore statistiquement significative, certes, mais si l\u2019essai avait \u00e9t\u00e9 poursuivi pour atteindre les 620 patients par bras comme initialement pr\u00e9vu, on aurait pu obtenir un r\u00e9sultat significatif consacrant l&rsquo;efficacit\u00e9 du traitement.<\/p>\n<p>J\u2019accuse <strong>nombre de journaux scientifiques de publier l\u2019impubliable<\/strong>. La meilleure preuve de malhonn\u00eatet\u00e9 est l\u2019immense scandale des articles publi\u00e9s, puis r\u00e9tract\u00e9s (<a target=\"_blank\" href=\"https:\/\/pubmed.ncbi.nlm.nih.gov\/32450107\/\">art.1<\/a>, <a target=\"_blank\" href=\"https:\/\/pubmed.ncbi.nlm.nih.gov\/32511943\/\">art.2<\/a>, <a target=\"_blank\" href=\"https:\/\/www.sciencedirect.com\/science\/article\/pii\/S0753332224012381\">art 3<\/a>), en particulier dans \u00ab\u00a0The Lancet\u00a0 et autres revues. Car il faut savoir qu&rsquo;un \u00e9diteur a tout pouvoir pour accepter ou rejeter un article ind\u00e9pendamment, de le faire passer par le syst\u00e8me de revue par les pairs, voire \u00e9ventuellement sans tenir compte de leur avis.<\/p>\n<p>J\u2019accuse une <strong>association fran\u00e7aise bien connue <\/strong>d&rsquo;avoir propag\u00e9 cette rumeur totalement fausse de la <strong>toxicit\u00e9 de l\u2019hydroxychloroquine<\/strong> en instrumentalisant un rapport de pharmacovigilance sans regarder le fait qu\u2019il n\u2019y avait pas de signaux de toxicit\u00e9 dans d\u2019autres pays.<\/p>\n<p>J\u2019accuse <strong>ceux qui ont menti et prof\u00e9r\u00e9 tout et son contraire, tout au long de l\u2019\u00e9pid\u00e9mie,<\/strong> d\u2019avoir engendr\u00e9 des pertes de chance de patients et le d\u00e9sarroi dans de nombreuses familles. Lisons \u00e0 cet effet les \u00e9difiants livres du professeur Perronne <strong>\u00ab\u00a0Quelles erreurs n\u2019ont-ils pas commises ? \u00bb<\/strong> et <strong>\u00ab\u00a0D\u00e9cid\u00e9ment, ils n\u2019ont toujours rien compris\u00a0!\u00a0\u00bb<\/strong>\u00a0Rappelons simplement les recommandations sur les tests et les masques, qui furent successivement inutiles, puis utiles, au fur et \u00e0 mesure qu\u2019ils devenaient disponibles. Notons <a target=\"_blank\" href=\"http:\/\/www.francesoir.fr\/societe-sante\/nouvelle-incoherence-de-sante-publique-france-et-du-ministre-de-la-sante-ou-bien\">la tromperie sur les indicateurs<\/a> \u00e9valuant la saturation du nombre de lits de r\u00e9animation, autour d\u2019une confusion entre lits de r\u00e9animation, lits de r\u00e9animation et de soins intensifs, et peut-\u00eatre lits de soins continus, sans que la diff\u00e9rence ait \u00e9t\u00e9 clairement stipul\u00e9e (<a target=\"_blank\" href=\"http:\/\/www.francesoir.fr\/societe-sante\/nouvelle-incoherence-de-sante-publique-france-et-du-ministre-de-la-sante-ou-bien\">Nouvelle incoh\u00e9rence de Sant\u00e9 Publique France et du ministre de la Sant\u00e9 ou bien erreur volontaire<\/a>).<\/p>\n<p>J&rsquo;accuse le <strong>Garde de Sceaux de s\u00e9v\u00e9rit\u00e9 indue envers les faibles, et de laxisme coupable devant les puissants<\/strong>, notamment en ce qui concerne les ministres et membres de la repr\u00e9sentation nationale, pour leurs affaires de m\u0153urs ou de stup\u00e9fiants.<\/p>\n<p>J&rsquo;accuse <strong>l&rsquo;ordre des avocats<\/strong> de s&rsquo;\u00eatre <strong>montr\u00e9 un auxiliaire<\/strong> de cette justice partisane.<\/p>\n<p>J&rsquo;accuse les <strong>magistrats d\u2019avoir contribu\u00e9 \u00e0 violer l\u2019ind\u00e9pendance de la justice<\/strong>, en ayant une approche protectrice, voire partisane ou politique, des d\u00e9cisions qu&rsquo;ils ont prises en ce sens. Une application du droit \u00e0 g\u00e9om\u00e9trie variable et \u00e0 ajustements constants.<\/p>\n<p>J&rsquo;accuse le <strong>ministre de l&rsquo;\u00c9conomie d&rsquo;avoir creus\u00e9 la dette de fa\u00e7on abyssale<\/strong>, qui plus est non pas pour aider au destin de la France, mais pour lui nuire au plus haut point, en offrant une dette de plus en plus importante, sans limitation, sur les vivants et sur les enfants \u00e0 na\u00eetre.<\/p>\n<p>J&rsquo;accuse la <strong>Cour des comptes de toujours tirer la sonnette d&rsquo;alarme trop tard<\/strong>, et pour les milliards d&rsquo;euros qu&rsquo;elle co\u00fbte aux Fran\u00e7ais chaque ann\u00e9e&#8230; pour rien.<\/p>\n<p>J&rsquo;accuse le <strong>ministre de l&rsquo;Int\u00e9rieur de violences l\u00e9tales totalement injustifi\u00e9es contre les Gilets Jaunes<\/strong>, les pompiers, les infirmi\u00e8res, les retrait\u00e9s, etc., qui manifestaient pacifiquement pour leurs droits, et je l&rsquo;accuse aussi pour son d\u00e9faut de r\u00e9ponse aux questions qui lui ont \u00e9t\u00e9 pos\u00e9es par l&rsquo;O.N.U. \u00e0 ce sujet.<\/p>\n<p>J&rsquo;accuse le <strong>ministre des Affaires sociales de masquer les affaires de m\u0153urs et de p\u00e9dophilie<\/strong> qui gangr\u00e8nent ses services de terrain.<\/p>\n<p>J&rsquo;accuse le <strong>ministre de l&rsquo;\u00c9ducation nationale de contribuer \u00e0 affaiblir le niveau d&rsquo;\u00e9ducation des enfants<\/strong>, en utilisant le plus petit commun d\u00e9nominateur pour \u00e9tablir le niveau mettant au rebut la m\u00e9ritocratie pr\u00f4n\u00e9e pendant si longtemps par l\u2019institution qu\u2019est l\u2019\u00c9ducation nationale. Et, je l&rsquo;accuse \u00e9galement d&rsquo;inciter les enfants \u00e0 la d\u00e9bauche au travers de programmes ciblant notamment l\u2019\u00e9ducation sexuelle et des sujets d\u00e9pravants, totalement inappropri\u00e9s pour leur tr\u00e8s jeune \u00e2ge. Ceci entraine un appauvrissement intellectuel et du rayonnement du mod\u00e8le fran\u00e7ais, l&rsquo;\u00e9ducation \u00e9tant un traitement pr\u00e9coce contre la pauvret\u00e9 et foyer de d\u00e9couvertes, de progr\u00e8s et de croissance.\u00a0<\/p>\n<p>J&rsquo;accuse le <strong>ministre de la Recherche et de l&rsquo;enseignement sup\u00e9rieur de d\u00e9rives sectaires entrainant la perte de chance de patients et la prise de risque \u00e0 d\u2019autres personnes<\/strong> qui ne sont pas \u00e0 risque (notamment les jeunes qui n\u2019avaient pas de risque avec la Covid). Je l\u2019accuse aussi de ne pas avoir pris la d\u00e9fense des scientifiques de l\u2019IHU devant le harc\u00e8lement incessant subi durant les quatre derni\u00e8res ann\u00e9es avec de nombreuses inversions accusatoires et une instrumentalisation de la science.<\/p>\n<p>J\u2019accuse le ministre de l\u2019Agriculture de <strong>rendre la vie impossible \u00e0 nos agriculteurs<\/strong>, de <strong>les pr\u00e9cipiter dans la pr\u00e9carit\u00e9<\/strong> ou la faillite en sacrifiant les priorit\u00e9s que sont l&rsquo;int\u00e9r\u00eat des Fran\u00e7ais et la s\u00e9curit\u00e9 de la Nation au profit d&rsquo;une id\u00e9ologie mondialiste qui nous \u00e9loigne des valeurs de la France et du pr\u00e9ambule de la Constitution qu&rsquo;est la D\u00e9claration des droits de l&rsquo;Homme. Cela entrainant des risques majeurs par la perte de <strong>notre autosuffisance alimentaire<\/strong> et de la destruction de l\u2019\u00e9conomie agricole, de la culture et de la socialit\u00e9 rurales.\u00a0 Cela fait aussi prendre des risques de sant\u00e9 publique aux Fran\u00e7ais avec une nourriture moins saine ou ayant des standards de qualit\u00e9 inf\u00e9rieurs ainsi que par la pollution de la nourriture, des sols, de l\u2019air et de l\u2019eau.<\/p>\n<p>J&rsquo;accuse <strong>les partis politiques de pactes avec le gouvernement<\/strong>, pour servir leurs int\u00e9r\u00eats personnels, au pr\u00e9judice de la France et des Fran\u00e7ais.<\/p>\n<p>J&rsquo;accuse le <strong>ministre de la Culture de d\u00e9tournement coupable et d&rsquo;affaiblissement, \u00e0 la fois drastique et m\u00e9thodique, de la culture fran\u00e7aise<\/strong>, et surtout de partialit\u00e9 dans les attributions des certificats de m\u00e9dias ainsi que les aides aux m\u00e9dias. \u00c0 ce titre d&rsquo;ailleurs , \u00ab\u00a0j&rsquo;accuse\u00a0\u00bb (avec humour) France-Soir d&rsquo;avoir pris le temps de publier et de prendre des risques sur tous ces sujets, en essayant de d\u00e9fendre l&rsquo;\u00e9thique et la d\u00e9ontologie du journalisme \u00ab\u00a0quoiqu&rsquo;il en co\u00fbte\u00a0\u00bb, conform\u00e9ment au devoir premier du journaliste.<\/p>\n<p>J&rsquo;accuse les m\u00e9dias <strong>asservis \u00e0 l&rsquo;oligarchie financi\u00e8re internationale<\/strong> et <strong>les m\u00e9dias subventionn\u00e9s \u00e0 milliards, de mentir aux Fran\u00e7ais et essayer d\u2019exercer une emprise totalitaire sur le peuple<\/strong>, en tentant d\u2019annihiler le d\u00e9bat contradictoire, qualifiant notamment toute pens\u00e9e diff\u00e9rente de \u00ab complotisme \u00bb, usant de sarcasmes tout en \u00e9vitant soigneusement les arguments rationnels et r\u00e9f\u00e9renc\u00e9s. (3)<\/p>\n<p>J\u2019accuse les commissaires europ\u00e9ens<strong>\u00a0de d\u00e9tournement de pouvoir<\/strong> dans le cadre de l\u2019approbation des inocul\u00e2ts covid-19, sur des informations incompl\u00e8tes, mettant ainsi en danger les populations des \u00c9tats membres. Et, par l\u00e0 m\u00eame, j&rsquo;accuse la Cour de justice de l&rsquo;Union europ\u00e9enne de prot\u00e9ger ces d\u00e9cisions en ne rendant pas transparents ces contrats.<\/p>\n<p>J\u2019accuse le <strong>minist\u00e8re des Arm\u00e9es d\u2019avoir contribu\u00e9 \u00e0 mettre en danger la d\u00e9fense nationale<\/strong> en imposant la vaccination obligatoire des militaires alors que de trop nombreux effets secondaires \u00e9taient d\u00e9plor\u00e9s au sein m\u00eame des Arm\u00e9es et qu\u2019ils n\u2019\u00e9taient pas \u00e0 risque de par l\u2019\u00e2ge des soldats.<\/p>\n<p>J\u2019accuse le <strong>m\u00e9decin de l\u2019\u00c9lys\u00e9e d\u2019avoir trahi la promesse de transparence<\/strong> du pr\u00e9sident Macron sur son \u00e9tat de sant\u00e9, en ne produisant pas de bulletin de sant\u00e9 de celui-ci, tel que le pr\u00e9sident en avait pris l\u2019engagement.<\/p>\n<p>J&rsquo;accuse le <strong>Premier Ministre et le ministre des Affaires \u00e9trang\u00e8res <\/strong><a target=\"_blank\" href=\"https:\/\/www.francesoir.fr\/politique-france\/accord-franco-ukrainien-macron-attal-et-sejourne-ont-ils-sciemment-viole-la\" target=\"_blank\"><strong>d&rsquo;avoir viol\u00e9 la Constitution<\/strong>\u00a0en envoyant des armes en Ukraine sans l&rsquo;accord du Parlement<\/a>. J\u2019accuse en outre le\u00a0<strong>gouvernement Macron de co-belligerance envers la Russie<\/strong>, <a target=\"_blank\" href=\"https:\/\/www.francesoir.fr\/politique-france\/accord-franco-ukrainien-saisine-du-conseil-des-droits-de-l-homme-des-nations-unies\" target=\"_blank\">mettant ainsi le peuple fran\u00e7ais en danger de guerre<\/a>, alors que <a target=\"_blank\" href=\"https:\/\/www.francesoir.fr\/opinion-tribune\/ces-hommes-qui-disent-non-macron-non-la-guerre\" target=\"_blank\">l\u2019adh\u00e9sion \u00e0 l\u2019ONU fait que la propagande de guerre est interdite<\/a>, ainsi que de vouloir mutualiser l\u2019arme de dissuasion nucl\u00e9aire, ce qui place la France en d\u00e9faut de ses obligations par rapport \u00e0 son adh\u00e9sion \u00e0 l\u2019ONU.<\/p>\n<p>J\u2019accuse <strong>le gouvernement de trahison envers la Nation et le Peuple fran\u00e7ais<\/strong>, en contribuant \u00e0 <strong>faire r\u00e9trograder la libert\u00e9 d\u2019expression et les libert\u00e9s fondamentales<\/strong> en France, et en pactisant avec une ou des puissances \u00e9trang\u00e8res, pour entra\u00eener la France dans une crise \u00e9conomique, sanitaire et d\u2019identit\u00e9 sans pareille dans toute son Histoire dans un non-respect du pr\u00e9ambule de la Constitution qu\u2019est la D\u00e9claration des Droits de l\u2019Homme.<\/p>\n<p>J\u2019accuse <strong>le pr\u00e9sident de la R\u00e9publique de vouloir enfreindre la loi de 1905 sur la s\u00e9paration de l\u2019\u00e9glise et de l\u2019Etat<\/strong> en voulant d\u00e9livrer un discours politique \u00e0 l\u2019int\u00e9rieur de la cath\u00e9drale Notre-Dame lors de sa r\u00e9ouverture. Ce qu\u2019aucun roi de France n\u2019a fait, et qui est proscrit par l\u2019article 35-1 de la loi de 1905.<\/p>\n<p>Et, enfin, <strong>j&rsquo;accuse le pr\u00e9sident de la R\u00e9publique d&rsquo;\u00eatre le chef d&rsquo;orchestre de ce requiem<\/strong> et de ne pas agir dans le sens de l&rsquo;int\u00e9r\u00eat g\u00e9n\u00e9ral de la France et des Fran\u00e7ais. D&rsquo;avoir mis la R\u00e9publique en Marche, d\u00e9lib\u00e9r\u00e9ment dans le sens totalement oppos\u00e9 \u00e0 l\u2019int\u00e9r\u00eat national.<\/p>\n<p>Devant ces constats et avec seulement <a target=\"_blank\" href=\"https:\/\/www.francesoir.fr\/politique-france-economie\/la-fracture-entre-les-francais-et-macron-est-consommee-confirme-un\" target=\"_blank\">3 % des Fran\u00e7ais qui pensent qu&rsquo;il m\u00e8ne le pays dans la bonne direction<\/a>, <strong>le devoir devrait l\u2019appeler \u00e0 remettre sa d\u00e9mission au bon sens du peuple fran\u00e7ais<\/strong>, ce qu&rsquo;ont d\u00e9j\u00e0 fait certains grands de ce monde. \u00a0\u00c0 d\u00e9faut, \u00e0 effectuer<a target=\"_blank\" href=\"https:\/\/www.francesoir.fr\/opinions-editos\/il-est-l-heure-de-se-reveiller-partie-i\" target=\"_blank\"> une s\u00e9rie<\/a> de <a target=\"_blank\" href=\"https:\/\/www.francesoir.fr\/opinions-editos\/il-est-l-heure-de-se-reveiller-partie-ii\" target=\"_blank\">r\u00e9f\u00e9rendums sur la direction \u00e0 donner \u00e0 la France<\/a> et \u00e0 en respecter leurs r\u00e9sultats.<\/p>\n<p>\u00a0<\/p>\n<p>NOTA\u00a0: cette version augment\u00e9e est publi\u00e9e suite \u00e0 de nombreux \u00e9changes avec des lecteurs afin d&rsquo;apporter quelques \u00e9l\u00e9ments qui avaient \u00e9chapp\u00e9 \u00e0 la version publi\u00e9e le 7 novembre 2024. L&rsquo;intelligence collective permet toujours de s&rsquo;am\u00e9liorer, tel que France-Soir en a fait le pari <a target=\"_blank\" href=\"https:\/\/www.francesoir.fr\/opinions-editos-politique-france\/francesoir-le-manifeste-nos-experts-cest-vous\">dans son manifeste<\/a> publi\u00e9 le 1\u1d49\u02b3 mai 2020 (pour <a target=\"_blank\" href=\"https:\/\/www.francesoir.fr\/sites\/default\/files\/pdf\/France-Soir-Le-manifeste-Les-aimants-de-l-information.pdf\" target=\"_blank\">t\u00e9l\u00e9charger le manifeste<\/a>) \u00a0\u00a0<\/p>\n<\/div>\n<p><script>(function(d, s, id) {  var js, fjs = d.getElementsByTagName(s)[0];  if (d.getElementById(id)) return;  js = d.createElement(s); js.id = id;  js.src = \"\/\/connect.facebook.net\/fr_FR\/sdk.js#xfbml=1&version=v2.3\";  fjs.parentNode.insertBefore(js, fjs);}(document, \"script\", \"facebook-jssdk\"));<\/script><br \/>\n<br \/><br \/>\n<br \/><a href=\"https:\/\/www.francesoir.fr\/opinions-editos-tribunes\/j-accuseversion-augmentee-lettre-aux-francais\" target=\"_blank\"\">Source link <\/a><\/p>\n","protected":false},"excerpt":{"rendered":"<p>Le 7 novembre, je publiais dans un \u00e9dito une lettre aux Fran\u00e7ais sous forme d&rsquo;un J&rsquo;Accuse version moderne envers tous ceux qui ont \u0153uvr\u00e9 \u00e0 ce que la France devienne&hellip; <\/p>\n","protected":false},"author":1,"featured_media":0,"comment_status":"open","ping_status":"open","sticky":false,"template":"","format":"standard","meta":{"footnotes":""},"categories":[1],"tags":[],"class_list":["post-969","post","type-post","status-publish","format-standard","hentry","category-non-classe"],"_links":{"self":[{"href":"https:\/\/monde25.info\/index.php\/wp-json\/wp\/v2\/posts\/969","targetHints":{"allow":["GET"]}}],"collection":[{"href":"https:\/\/monde25.info\/index.php\/wp-json\/wp\/v2\/posts"}],"about":[{"href":"https:\/\/monde25.info\/index.php\/wp-json\/wp\/v2\/types\/post"}],"author":[{"embeddable":true,"href":"https:\/\/monde25.info\/index.php\/wp-json\/wp\/v2\/users\/1"}],"replies":[{"embeddable":true,"href":"https:\/\/monde25.info\/index.php\/wp-json\/wp\/v2\/comments?post=969"}],"version-history":[{"count":0,"href":"https:\/\/monde25.info\/index.php\/wp-json\/wp\/v2\/posts\/969\/revisions"}],"wp:attachment":[{"href":"https:\/\/monde25.info\/index.php\/wp-json\/wp\/v2\/media?parent=969"}],"wp:term":[{"taxonomy":"category","embeddable":true,"href":"https:\/\/monde25.info\/index.php\/wp-json\/wp\/v2\/categories?post=969"},{"taxonomy":"post_tag","embeddable":true,"href":"https:\/\/monde25.info\/index.php\/wp-json\/wp\/v2\/tags?post=969"}],"curies":[{"name":"wp","href":"https:\/\/api.w.org\/{rel}","templated":true}]}}