{"id":984,"date":"2024-11-27T03:51:32","date_gmt":"2024-11-27T02:51:32","guid":{"rendered":"https:\/\/monde25.info\/index.php\/2024\/11\/27\/loffice-francais-de-la-biodiversite-bouc-emissaire-facile-de-la-crise-agricole\/"},"modified":"2024-11-27T03:51:32","modified_gmt":"2024-11-27T02:51:32","slug":"loffice-francais-de-la-biodiversite-bouc-emissaire-facile-de-la-crise-agricole","status":"publish","type":"post","link":"https:\/\/monde25.info\/index.php\/2024\/11\/27\/loffice-francais-de-la-biodiversite-bouc-emissaire-facile-de-la-crise-agricole\/","title":{"rendered":"L\u2019Office fran\u00e7ais de la biodiversit\u00e9, bouc \u00e9missaire facile de la crise agricole"},"content":{"rendered":"<p> <br \/>\n<\/p>\n<div>\n<p><i>\u00ab<small class=\"fine d-inline\">\u00a0<\/small>Office fran\u00e7ais des blaireaux.<small class=\"fine d-inline\">\u00a0<\/small>\u00bb<\/i> <i>\u00ab<small class=\"fine d-inline\">\u00a0<\/small>On ne veut plus de cow-boys dans nos campagnes.<small class=\"fine d-inline\">\u00a0<\/small>\u00bb<\/i> <i>\u00ab<small class=\"fine d-inline\">\u00a0<\/small><span class=\"caps\">OFB<\/span>, tas de fumier.<small class=\"fine d-inline\">\u00a0<\/small>\u00bb<\/i> L\u2019acte\u00a0<span class=\"caps\">II<\/span> des mobilisations agricoles a d\u00e9but\u00e9 lundi 25\u00a0novembre. Parmi les d\u00e9sign\u00e9s coupables\u00a0: le trait\u00e9 de libre-\u00e9change entre l\u2019Union europ\u00e9enne et les pays du Mercosur, la faiblesse des prix et des revenus agricoles et\u2026 l\u2019Office fran\u00e7ais de la biodiversit\u00e9\u00a0(<span class=\"caps\">OFB<\/span>), dont les 1\u00a0700\u00a0inspecteurs veillent au respect de la r\u00e9glementation environnementale.<\/p>\n<p>Le 20\u00a0novembre, <i>\u00ab<small class=\"fine d-inline\">\u00a0<\/small>un tracteur a fonc\u00e9 dans un v\u00e9hicule de service occup\u00e9 par deux agents<small class=\"fine d-inline\">\u00a0<\/small>\u00bb<\/i>, a rapport\u00e9 le <span class=\"caps\">SNE<\/span>&#8211;<span class=\"caps\">FSU<\/span> dans un communiqu\u00e9. La veille, une trentaine de manifestants de la Coordination rurale ont forc\u00e9 les portes d\u2019un b\u00e2timent de l\u2019<span class=\"caps\">OFB<\/span> \u00e0 Gu\u00e9ret\u00a0(Creuse). Le 18, des manifestants ont <a target=\"_blank\" href=\"https:\/\/www.francebleu.fr\/infos\/agriculture-peche\/crise-agricole-nous-voulons-etre-les-allies-des-agriculteurs-dit-l-office-francais-de-la-biodiversite-en-picardie-1395098\" class=\"spip_out\" rel=\"external\">construit un mur en parpaings<\/a> devant l\u2019entr\u00e9e des bureaux de l\u2019<span class=\"caps\">OFP<\/span> \u00e0 Beauvais (Oise) et d\u00e9vers\u00e9 des bennes de pneus et de fumier. Ces actes de violence sont les derniers d\u2019une longue s\u00e9rie. L\u2019une d\u2019entre elles aurait pu co\u00fbter la vie au directeur d\u00e9partemental de l\u2019<span class=\"caps\">OFB<\/span> du Tarn-et-Garonne, qui a d\u00e9couvert <a target=\"_blank\" href=\"https:\/\/reporterre.net\/Sabotage-de-la-voiture-d-un-directeur-departemental-de-l-OFB\" class=\"spip_in\">une de ses roues de voiture d\u00e9boulonn\u00e9e<\/a> \u00e0 la sortie d\u2019une r\u00e9union organis\u00e9e \u00e0 la chambre d\u2019agriculture.<\/p>\n<p>L\u2019<span class=\"caps\">OFB<\/span> <a target=\"_blank\" href=\"https:\/\/www.leparisien.fr\/environnement\/cible-de-plus-en-plus-dattaques-la-police-de-lenvironnement-tente-le-dialogue-avec-les-agriculteurs-12-11-2024-Y6C7V7TGYVGSBENUKMRHZT4BGA.php?ts=1732544300571\" class=\"spip_out\" rel=\"external\">a \u00e9t\u00e9 la cible de trente-six actions<\/a> au premier semestre\u00a02024, et de huit suppl\u00e9mentaires en octobre. Mi-novembre, elle a annonc\u00e9 avoir d\u00e9pos\u00e9 une cinquantaine de plaintes.<\/p>\n<h2 class=\"spip\">Le gouvernement \u00e0 l\u2019\u00e9coute des syndicats majoritaires <\/h2>\n<p>La <span class=\"caps\">FNSEA<\/span>, les Jeunes agriculteurs et la <a target=\"_blank\" href=\"https:\/\/reporterre.net\/Virile-anti-ecolo-protectionniste-Que-defend-la-Coordination-rurale\">Coordination rurale<\/a>, les trois syndicats les plus bruyants dans la mobilisation agricole actuelle, d\u00e9noncent une pression de contr\u00f4le insupportable et des sanctions trop s\u00e9v\u00e8res. Plusieurs membres du gouvernement, soucieux de calmer la col\u00e8re des agriculteurs, leur ont embo\u00eet\u00e9 le pas. Pourtant, on est bien loin d\u2019une brigade ultrapuissante. La mission interminist\u00e9rielle lanc\u00e9e en d\u00e9but d\u2019ann\u00e9e par Gabriel Attal elle-m\u00eame a relev\u00e9 <i>\u00ab<small class=\"fine d-inline\">\u00a0<\/small>un \u00e9cart important entre le ressenti des exploitants agricoles d\u2019une pression de contr\u00f4le \u00e9lev\u00e9e [&#8230;] et la r\u00e9alit\u00e9 des contr\u00f4les r\u00e9alis\u00e9s dans les exploitations agricoles<small class=\"fine d-inline\">\u00a0<\/small>\u00bb<\/i>.<\/p>\n<p>Qu\u2019\u00e0 cela ne tienne, le 11\u00a0novembre, la ministre de l\u2019Agriculture Annie Genevard a fait savoir <a target=\"_blank\" href=\"https:\/\/www.francetvinfo.fr\/replay-magazine\/france-3\/dimanche-en-politique\/dimanche-en-politique-avec-roland-lescure-et-annie-genevard_6883796.html\" class=\"spip_out\" rel=\"external\">sur France\u00a03<\/a> que les agents de l\u2019<span class=\"caps\">OFB<\/span> devraient bient\u00f4t cacher leur arme de service pour qu\u2019elle ne soit pas <i>\u00ab<small class=\"fine d-inline\">\u00a0<\/small>provocatrice<small class=\"fine d-inline\">\u00a0<\/small>\u00bb<\/i>. Quelques jours plus t\u00f4t, les minist\u00e8res de l\u2019Agriculture et de la Transition \u00e9cologique confiaient \u00e0 leurs corps d\u2019inspection respectifs une <i>\u00ab<small class=\"fine d-inline\">\u00a0<\/small>mission flash<small class=\"fine d-inline\">\u00a0<\/small>\u00bb<\/i> pour une <i>\u00ab<small class=\"fine d-inline\">\u00a0<\/small>am\u00e9lioration des relations entre l\u2019<span class=\"caps\">OFB<\/span> et le monde agricole<small class=\"fine d-inline\">\u00a0<\/small>\u00bb<\/i>. Avec potentiellement moins de moyens, puisque la commission des Finances a adopt\u00e9 le 19\u00a0novembre un amendement pr\u00e9voyant une baisse de 15\u00a0millions d\u2019euros de la subvention \u00e0 l\u2019<span class=\"caps\">OFB<\/span>.<\/p>\n<div class=\"spip_document_86630 spip_document spip_documents spip_document_image spip_documents_center spip_document_center spip_document_avec_legende\" data-legende-len=\"177\" data-legende-lenx=\"xxx\">\n<figure class=\"spip_doc_inner\">\n      <picture><source type=\"image\/webp\" srcset=\"https:\/\/reporterre.net\/local\/cache-vignettes\/L1050xH700\/dscf4092-50917.jpg@.webp?1732618783\"><img decoding=\"async\" src=\"https:\/\/reporterre.net\/IMG\/jpg\/dscf4092.jpg\" width=\"1200\" height=\"800\" loading=\"lazy\" alt=\"\"\/><br \/>\n    <\/source><\/picture><figcaption class=\"spip_doc_legende\">\n<p>L\u2019une des missions de l\u2019<span class=\"caps\"><span class=\"caps\">OFB<\/span><\/span>\u00a0: relever des infractions au Code de l\u2019environnement, comme l\u2019\u00e9pandage de pesticides \u00e0 moins de 5 m\u00e8tres d\u2019un cours d\u2019eau.<br \/>\n<i>\u00a9 Louisa T. \/ Reporterre<br \/>\n<\/i><\/p>\n<\/figcaption><\/figure>\n<\/p><\/div>\n<p>Les annonces de ce genre se succ\u00e8dent depuis le d\u00e9but de l\u2019ann\u00e9e. <i>\u00ab<small class=\"fine d-inline\">\u00a0<\/small>Est-ce qu\u2019il faut vraiment venir arm\u00e9 quand on vient contr\u00f4ler une haie<small class=\"fine d-inline\">\u00a0<\/small>?<small class=\"fine d-inline\">\u00a0<\/small>\u00bb<\/i>, <a target=\"_blank\" href=\"https:\/\/www.tf1info.fr\/environnement-ecologie\/colere-des-agriculteurs-ces-mesures-annoncees-par-gabriel-attal-qui-pourraient-heurter-les-defenseurs-de-l-environnement-zones-humides-office-francais-de-la-biodiversite-recours-2284150.html\" class=\"spip_out\" rel=\"external\">interrogeait Gabriel Attal<\/a> le 26\u00a0janvier lors d\u2019un d\u00e9placement dans une exploitation de Haute-Garonne.<\/p>\n<h2 class=\"spip\">Les pr\u00e9fets cornaquent les agents<\/h2>\n<p>Parmi les pr\u00e9conisations de l\u2019ancien Premier ministre pour <i>\u00ab<small class=\"fine d-inline\">\u00a0<\/small>faire baisser la pression<small class=\"fine d-inline\">\u00a0<\/small>\u00bb<\/i><small class=\"fine d-inline\">\u00a0<\/small>? Placer les missions de l\u2019office <i>\u00ab<small class=\"fine d-inline\">\u00a0<\/small>sous la tutelle des pr\u00e9fets<small class=\"fine d-inline\">\u00a0<\/small>\u00bb<\/i>. D\u00e9but\u00a02024, ces derniers ont ainsi demand\u00e9 aux agents de l\u2019<span class=\"caps\">OFB<\/span> de lever le pied. Avec pour cons\u00e9quence <a target=\"_blank\" href=\"https:\/\/www.francetvinfo.fr\/monde\/environnement\/biodiversite\/enquete-franceinfo-l-office-francais-de-la-biodiversite-cette-police-de-l-environnement-qui-perd-du-terrain-face-au-monde-agricole_6816017.html\" class=\"spip_out\" rel=\"external\">une baisse de 68<small class=\"fine d-inline\">\u00a0<\/small>% des contr\u00f4les administratifs<\/a> et d\u2019un tiers des enqu\u00eates judiciaires au premier semestre\u00a02024, par rapport au premier semestre\u00a02023. En mai, les syndicats agricoles ont obtenu que les agents portent une cam\u00e9ra embarqu\u00e9e et la cr\u00e9ation d\u2019un corps de contr\u00f4le interne, sur le mod\u00e8le de l\u2019<span class=\"caps\">IGPN<\/span> pour la police.<\/p>\n<p>Des parlementaires Les R\u00e9publicains\u00a0(<span class=\"caps\">LR<\/span>) se sont empress\u00e9s de surench\u00e9rir. Le 25\u00a0septembre, une mission d\u2019information sur l\u2019<span class=\"caps\">OFB<\/span> men\u00e9e par le s\u00e9nateur (<span class=\"caps\">LR<\/span>) du Var Jean Baci a pr\u00e9sent\u00e9 <a target=\"_blank\" href=\"https:\/\/www.contexte.com\/medias\/pdf\/medias-documents\/2024\/9\/essentiel-mi-ofb-505ecd0f57af4bdaa006eda7d78c37e0.pdf\" class=\"spip_out\" rel=\"external\">une s\u00e9rie de recommandations<\/a> remettant en cause la l\u00e9gitimit\u00e9 de l\u2019office et concourant \u00e0 son affaiblissement\u00a0: <i>\u00ab<small class=\"fine d-inline\">\u00a0<\/small>port discret<small class=\"fine d-inline\">\u00a0<\/small>\u00bb<\/i> de l\u2019arme, d\u00e9p\u00e9nalisation de certaines infractions environnementales, <i>\u00ab<small class=\"fine d-inline\">\u00a0<\/small>r\u00e9\u00e9quilibrage des missions de l\u2019<span class=\"caps\">OFB<\/span> au profit de la pr\u00e9vention<small class=\"fine d-inline\">\u00a0<\/small>\u00bb<\/i>, etc.<\/p>\n<p><a target=\"_blank\" href=\"https:\/\/reporterre.net\/L-OFB-mis-sous-tutelle-Les-agents-deviendront-les-pantins-du-prefet\" class=\"lien_lireaussi\"><strong>Lire aussi : <\/strong> <span>L\u2019<span class=\"caps\">OFB<\/span> mis sous tutelle\u00a0: \u00ab<small class=\"fine d-inline\">\u00a0<\/small>Les agents deviendront les pantins du pr\u00e9fet<small class=\"fine d-inline\">\u00a0<\/small>\u00bb<\/span><\/a><\/p>\n<p>Lui-m\u00eame agriculteur, le s\u00e9nateur (<span class=\"caps\">LR<\/span>) de la Haute-Loire Laurent Duplomb a carr\u00e9ment <a target=\"_blank\" href=\"https:\/\/www.lafranceagricole.fr\/senat\/article\/861555\/senat-les-republicains-veulent-qu-on-arrete-d-emmerder-les-paysans\" class=\"spip_out\" rel=\"external\">plaid\u00e9 pour la suppression de l\u2019<span class=\"caps\">OFB<\/span><\/a> dans une proposition de loi pr\u00e9sent\u00e9e le 24\u00a0janvier.<\/p>\n<h2 class=\"spip\">Stigmatisation injuste<\/h2>\n<p>Les syndicats de l\u2019<span class=\"caps\">OFB<\/span> d\u00e9noncent avec force ce qu\u2019ils per\u00e7oivent comme une stigmatisation injuste. L\u2019<span class=\"caps\">OFB<\/span> a deux missions, abusivement appel\u00e9es <i>\u00ab<small class=\"fine d-inline\">\u00a0<\/small>de contr\u00f4le<small class=\"fine d-inline\">\u00a0<\/small>\u00bb<\/i>, qui concernent tous les usagers de la nature. La premi\u00e8re est une mission de contr\u00f4le administratif confi\u00e9e par le pr\u00e9fet\u00a0: par exemple, v\u00e9rifier que tous les habitants et usagers d\u2019un territoire respectent bien un arr\u00eat\u00e9 s\u00e9cheresse restreignant les usages de l\u2019eau. La seconde est une mission de police judiciaire, r\u00e9alis\u00e9e sous l\u2019autorit\u00e9 du procureur de la R\u00e9publique, qui consister \u00e0 relever des infractions au Code de l\u2019environnement\u00a0: \u00e9pandage de pesticides \u00e0 moins de 5 m\u00e8tres d\u2019un cours d\u2019eau, drainage d\u2019une zone humide, etc.<\/p>\n<p>Les bilans annuels d\u00e9montrent qu\u2019on est loin du harc\u00e8lement. <i>\u00ab<small class=\"fine d-inline\">\u00a0<\/small>En\u00a02023, sur les 21\u00a0635 contr\u00f4les administratifs r\u00e9alis\u00e9s par l\u2019<span class=\"caps\">OFB<\/span>, seulement 2\u00a0759 concernaient des agriculteurs, soit moins de 13<small class=\"fine d-inline\">\u00a0<\/small>% des cas. \u00c0 ce rythme, avec une moyenne de dix-sept agents par d\u00e9partement, la direction de l\u2019<span class=\"caps\">OFB<\/span> estime qu\u2019un agriculteur fran\u00e7ais risque d\u2019\u00eatre contr\u00f4l\u00e9 une fois tous les cent trente ans<small class=\"fine d-inline\">\u00a0<\/small>\u00bb<\/i>, indique l\u2019<span class=\"caps\">EFA<\/span>&#8211;<span class=\"caps\">CGC<\/span>. C\u00f4t\u00e9 contr\u00f4les judiciaires, le syndicat a recens\u00e9 1\u00a0273\u00a0proc\u00e9dures concernant le monde agricole en\u00a02023, soit 13\u00a0proc\u00e8s-verbaux par an et par d\u00e9partement en moyenne.<\/p>\n<blockquote class=\"spip\">\n<p>\u00ab<small class=\"fine d-inline\">\u00a0<\/small>C\u2019est beaucoup de classements sans suite<small class=\"fine d-inline\">\u00a0<\/small>\u00bb<\/p>\n<\/blockquote>\n<p>Ce n\u2019est pas non plus l\u2019<span class=\"caps\">OFB<\/span> qui <i>\u00ab<small class=\"fine d-inline\">\u00a0<\/small>punit<small class=\"fine d-inline\">\u00a0<\/small>\u00bb<\/i> l\u2019agriculteur en d\u00e9licatesse avec la r\u00e9glementation. <i>\u00ab<small class=\"fine d-inline\">\u00a0<\/small>Nous, on auditionne l\u2019agriculteur et on dresse un proc\u00e8s-verbal. C\u2019est le procureur de la R\u00e9publique qui d\u00e9cide des suites \u00e0 donner<small class=\"fine d-inline\">\u00a0<\/small>\u00bb<\/i>, explique \u00e0 <i>Reporterre<\/i> \u00c9ric<span class=\"spip_note_ref\">\u00a0[<a target=\"_blank\" href=\"#nb1\" class=\"spip_note\" rel=\"appendix\" title=\"Le pr\u00e9nom a \u00e9t\u00e9 chang\u00e9.\" id=\"nh1\">1<\/a>]<\/span>, chef de l\u2019<span class=\"caps\">OFB<\/span> dans un d\u00e9partement du Massif central.<\/p>\n<p>Il observe que le magistrat qui dirige le parquet se montre g\u00e9n\u00e9ralement cl\u00e9ment\u00a0: <i>\u00ab<small class=\"fine d-inline\">\u00a0<\/small>Depuis que je suis \u00e0 l\u2019<span class=\"caps\">OFB<\/span>, il y a eu z\u00e9ro proc\u00e9dure o\u00f9 l\u2019agriculteur est pass\u00e9 en audience. Il n\u2019y a quasiment jamais eu d\u2019amende. C\u2019est beaucoup de classements sans suite, beaucoup de rappels \u00e0 la loi, beaucoup d\u2019alternatives aux poursuites avec demande de remise en \u00e9tat, lesquelles remises en \u00e9tat sont rarement effectu\u00e9es.<small class=\"fine d-inline\">\u00a0<\/small>\u00bb<\/i><\/p>\n<h2 class=\"spip\">Des contr\u00f4les l\u00e9gitimes<\/h2>\n<p>M\u00eame constat du c\u00f4t\u00e9 de Guillaume Rulin, de l\u2019<span class=\"caps\">EFA<\/span>&#8211;<span class=\"caps\">CGC<\/span>. <i>\u00ab<small class=\"fine d-inline\">\u00a0<\/small>Sur 201 non-conformit\u00e9s relev\u00e9es dans des exploitations agricoles en\u00a02023, 115\u00a0ont \u00e9t\u00e9 r\u00e9gl\u00e9es sans poursuites,<\/i> indique-t-il. <i>Et quand des agriculteurs sont verbalis\u00e9s pour non-respect des arr\u00eat\u00e9s s\u00e9cheresse, il faut voir les peines prononc\u00e9es\u00a0: des amendes de 1\u00a0500\u00a0euros pour des exploitations de centaines d\u2019hectares.<small class=\"fine d-inline\">\u00a0<\/small>\u00bb<\/i><\/p>\n<p>Les agents interview\u00e9s par <i>Reporterre<\/i> insistent sur la l\u00e9gitimit\u00e9 des contr\u00f4les r\u00e9alis\u00e9s. <i>\u00ab<small class=\"fine d-inline\">\u00a0<\/small>Si les r\u00e8gles d\u2019utilisation des produits phytosanitaires ne sont pas respect\u00e9es, cela entra\u00eene des pollutions et la fermeture de captages d\u2019eau potable, ou encore la diminution des populations d\u2019insectes avec une baisse de la f\u00e9condation des fleurs,<\/i>, rappelle Ad\u00e8le<span class=\"spip_note_ref\">\u00a0[<a target=\"_blank\" href=\"#nb2\" class=\"spip_note\" rel=\"appendix\" title=\"Le pr\u00e9nom a \u00e9t\u00e9 chang\u00e9\" id=\"nh2\">2<\/a>]<\/span>, agent de l\u2019<span class=\"caps\">OFB<\/span> et repr\u00e9sentante <span class=\"caps\">SNE<\/span>&#8211;<span class=\"caps\">FSU<\/span>. <i>\u00ab<small class=\"fine d-inline\">\u00a0<\/small>L\u2019eau et l\u2019air sont des biens communs, personne n\u2019est cens\u00e9 se les approprier et les d\u00e9grader.<small class=\"fine d-inline\">\u00a0<\/small>\u00bb<\/i><\/p>\n<p>Guillaume Rulin y voit aussi une mani\u00e8re de prot\u00e9ger les agriculteurs les plus vertueux. <i>\u00ab<small class=\"fine d-inline\">\u00a0<\/small>Faire respecter la r\u00e9glementation, c\u2019est garantir que personne ne triche et que tout le monde est trait\u00e9 de mani\u00e8re \u00e9quitable.<small class=\"fine d-inline\">\u00a0<\/small>\u00bb<\/i> De nombreuses infractions sont d\u2019ailleurs relev\u00e9es par l\u2019<span class=\"caps\">OFB<\/span> \u00e0 la suite de signalements effectu\u00e9s par des particuliers et parfois m\u00eame des agriculteurs.<\/p>\n<p><a target=\"_blank\" href=\"https:\/\/reporterre.net\/A-Brest-les-agents-de-l-OFB-sacrifies-par-l-Etat\" class=\"lien_lireaussi\"><strong>Lire aussi : <\/strong> <span>\u00c0 Brest, les agents de l\u2019<span class=\"caps\">OFB<\/span> sacrifi\u00e9s par l\u2019\u00c9tat<\/span><\/a><\/p>\n<p>L\u2019immense majorit\u00e9 des contr\u00f4les d\u2019agriculteurs se passe plut\u00f4t bien, aux dires des agents interview\u00e9s. <i>\u00ab<small class=\"fine d-inline\">\u00a0<\/small>Souvent mieux qu\u2019avec le monde de la chasse ou les conducteurs d\u2019engins \u00e0 moteur dans les espaces naturels<small class=\"fine d-inline\">\u00a0<\/small>\u00bb<\/i>, pr\u00e9cise Beno\u00eet Pradal, secr\u00e9taire g\u00e9n\u00e9ral du Snape-<span class=\"caps\">FO<\/span>.<\/p>\n<h2 class=\"spip\">Bonnes pratiques et bienveillance <\/h2>\n<p>L\u2019<span class=\"caps\">OFB<\/span> a adopt\u00e9 de longue date un \u00e9ventail de bonnes pratiques pour pacifier ses relations avec le monde agricole. <i>\u00ab<small class=\"fine d-inline\">\u00a0<\/small>Quand on constate une infraction chez un agriculteur, on voit avec la <span class=\"caps\">DDT<\/span> s\u2019il a d\u00e9j\u00e0 \u00e9t\u00e9 contr\u00f4l\u00e9, s\u2019il va mal, et on en discute avec le procureur. On essaie de ne pas rajouter des probl\u00e8mes aux probl\u00e8mes<small class=\"fine d-inline\">\u00a0<\/small>\u00bb<\/i>, raconte Ad\u00e8le. Dans le d\u00e9partement o\u00f9 \u00c9ric travaille, l\u2019<span class=\"caps\">OFB<\/span> n\u2019intervient jamais le dimanche, sauf en cas de pollution grave, pour <i>\u00ab<small class=\"fine d-inline\">\u00a0<\/small>laisser [les agriculteurs] tranquilles<small class=\"fine d-inline\">\u00a0<\/small>\u00bb<\/i> ce jour-l\u00e0. <i>\u00ab<small class=\"fine d-inline\">\u00a0<\/small>Quand on doit auditionner un agriculteur, on attend qu\u2019il ait fini ses moissons, on lui demande quand il est libre et on lui propose de le voir dans la gendarmerie la plus proche de chez lui plut\u00f4t que dans les bureaux d\u00e9partementaux de l\u2019<span class=\"caps\">OFB<\/span> pour lui \u00e9pargner de longs trajets<small class=\"fine d-inline\">\u00a0<\/small>\u00bb<\/i>, t\u00e9moigne-t-il.<\/p>\n<div class=\"spip_document_86629 spip_document spip_documents spip_document_image spip_documents_center spip_document_center spip_document_avec_legende\" data-legende-len=\"216\" data-legende-lenx=\"xxx\">\n<figure class=\"spip_doc_inner\">\n      <picture><source type=\"image\/webp\" srcset=\"https:\/\/reporterre.net\/local\/cache-vignettes\/L1050xH699\/afp__20241125__hl_flaurens_2587578__v1__highres__franceofbfrenchofficeforbiodiversit-74a6d.jpg@.webp?1732618783\"><img decoding=\"async\" src=\"https:\/\/reporterre.net\/IMG\/jpg\/afp__20241125__hl_flaurens_2587578__v1__highres__franceofbfrenchofficeforbiodiversit.jpg\" width=\"1500\" height=\"999\" loading=\"lazy\" alt=\"\"\/><br \/>\n    <\/source><\/picture><figcaption class=\"spip_doc_legende\">\n<p>Les contr\u00f4les avec les agriculteurs se passent plut\u00f4t bien, \u00ab<small class=\"fine d-inline\">\u00a0<\/small><small class=\"fine d-inline\">\u00a0<\/small>souvent mieux qu\u2019avec le monde de la chasse<small class=\"fine d-inline\">\u00a0<\/small><small class=\"fine d-inline\">\u00a0<\/small>\u00bb par exemple, selon le secr\u00e9taire g\u00e9n\u00e9ral du Snape-<span class=\"caps\"><span class=\"caps\">FO<\/span><\/span>.<br \/>\n<i>\u00a9 Fran\u00e7ois Laurens \/ Hans Lucas \/ Hans Lucas via <span class=\"caps\">AFP<\/span><br \/>\n<\/i><\/p>\n<\/figcaption><\/figure>\n<\/p><\/div>\n<p>Guillaume Rulin estime que l\u2019<span class=\"caps\">OFB<\/span> est surtout victime d\u2019une instrumentalisation\u00a0: <i>\u00ab<small class=\"fine d-inline\">\u00a0<\/small>\u00c0 l\u2019approche des \u00e9lections pour les chambres d\u2019agriculture, l\u2019<span class=\"caps\">OFB<\/span> est utilis\u00e9e comme d\u00e9fouloir par une minorit\u00e9. C\u2019est \u00e0 qui montrera les actions les plus fortes pour r\u00e9cup\u00e9rer les agriculteurs les plus \u00e9nerv\u00e9s et d\u00e9sesp\u00e9r\u00e9s.<small class=\"fine d-inline\">\u00a0<\/small>\u00bb<\/i><\/p>\n<p>Ceci, sous le regard complaisant d\u2019une partie de la classe politique. <i>\u00ab<small class=\"fine d-inline\">\u00a0<\/small>Je suis chef de projet sur les poissons migrateurs et quand, en r\u00e9union, j\u2019alerte sur la disparition des lamproies et des saumons, on me traite de militant. Chez les politiques, on est dans un syst\u00e8me populiste m\u00e2tin\u00e9 d\u2019ignorance et de climatoscepticisme, o\u00f9 l\u2019on met le torchon sur les probl\u00e8mes pour ne pas emb\u00eater les gens.<small class=\"fine d-inline\">\u00a0<\/small>\u00bb<\/i> Plut\u00f4t que de r\u00e9gler les vrais probl\u00e8mes \u2014 crise des prix agricoles, pollution de l\u2019eau et al\u00e9as climatiques.<\/p>\n<aside class=\"boite_encarts\">\n<div class=\"encart encart_gris noprint\">\n<p><strong>Il est de retour.<\/strong><\/p>\n<p>Dans quelques semaines, Donald Trump se r\u00e9-installera \u00e0 la Maison Blanche.<\/p>\n<p>Un milliardaire, pour qui le r\u00e9chauffement climatique est \u00ab<small class=\"fine d-inline\">\u00a0<\/small>un canular<small class=\"fine d-inline\">\u00a0<\/small>\u00bb, sera \u00e0 la t\u00eate de la plus grande puissance mondiale.<\/p>\n<p>Dans une d\u00e9cennie cruciale pour l\u2019\u00e9cologie, nous ne pouvons pas nous permettre de perdre plus de temps.<\/p>\n<p>La soci\u00e9t\u00e9 civile doit continuer de se soulever, de se mobiliser et de faire pression sur les puissants.<\/p>\n<p>Mais pour agir, il faut savoir.<\/p>\n<p><strong>Depuis 11 ans, nous publions des articles de qualit\u00e9 sur l\u2019\u00e9cologie, en acc\u00e8s libre et sans publicit\u00e9, pour tous.<\/strong><\/p>\n<p>Nous avons la conviction que l\u2019urgence \u00e9cologique est l\u2019enjeu majeur de notre \u00e9poque.<br class=\"autobr\"\/><br \/>\n Et comme plus de 2 millions de lectrices et lecteurs chaque mois, vous partagez sans doute cette conviction&#8230;<\/p>\n<p>Alors si vous en avez les moyens, sachez qu\u2019un don, m\u00eame d\u20191\u20ac, est un acte de soutien fort pour l\u2019\u00e9cologie et le journalisme ind\u00e9pendant.<br class=\"autobr\"\/><br \/>\n (Et \u00e7a vous prendra moins de temps que la lecture de ce texte).<\/p>\n<p><strong>Si vous le pouvez, choisissez un soutien mensuel. Merci.<\/strong><\/p>\n<p><a target=\"_blank\" href=\"https:\/\/reporterre.net\/dons\" class=\"bt_soutenir\">Je soutiens <i>Reporterre<\/i><\/a><\/p>\n<\/p><\/div>\n<div class=\"encart encart_vert noprint montre_1023\">\n<div class=\"infolettre-form-container noprint\">\n<p>Abonnez-vous \u00e0 la lettre d\u2019info de Reporterre<\/p>\n<\/div><\/div>\n<\/aside>\n<aside class=\"boite_apresarticle encart_note\">\n<h4>Apr\u00e8s cet article<\/h4>\n<p>      <a target=\"_blank\" href=\"https:\/\/reporterre.net\/A-Brest-les-agents-de-l-OFB-sacrifies-par-l-Etat\" class=\"lien_article\">\n      <picture class=\"vignette_gauche\"><source type=\"image\/webp\" srcset=\"https:\/\/reporterre.net\/local\/cache-gd2\/b2\/8649164faebd6307741e6e0a3fb308.jpg@.webp?1730136151\"><img decoding=\"async\" src=\"https:\/\/reporterre.net\/local\/cache-gd2\/b2\/8649164faebd6307741e6e0a3fb308.jpg?1730136151\" width=\"450\" height=\"300\" alt=\"\" class=\"marge12\" loading=\"lazy\"\/><br \/>\n<\/source><\/picture>\n<p class=\"libelle\">\n<p>      P\u00eache\n    <\/p>\n<p class=\"titre pol20\">\u00c0 Brest, les agents de l\u2019<span class=\"caps\">OFB<\/span> sacrifi\u00e9s par l\u2019\u00c9tat<\/p>\n<p>      <\/a><br \/>\n    <\/aside>\n<aside class=\"boite_complement texte\">\n<div class=\"encart_note\">\n<h4>Notes<\/h4>\n<div id=\"nb1\">\n<p><span class=\"spip_note_ref\">[<a target=\"_blank\" href=\"#nh1\" class=\"spip_note\" title=\"Notes 1\" rev=\"appendix\">1<\/a>]\u00a0<\/span>Le pr\u00e9nom a \u00e9t\u00e9 chang\u00e9.<\/p>\n<\/div>\n<div id=\"nb2\">\n<p><span class=\"spip_note_ref\">[<a target=\"_blank\" href=\"#nh2\" class=\"spip_note\" title=\"Notes 2\" rev=\"appendix\">2<\/a>]\u00a0<\/span>Le pr\u00e9nom a \u00e9t\u00e9 chang\u00e9<\/p>\n<\/div><\/div>\n<p>      <!-- zone_forum --><br \/>\n          <\/aside>\n<aside class=\"boite_lireaussi noprint\">\n<\/aside>\n<aside class=\"colonne\">\n<div class=\"article_info cache_1023 noprint\">\n<p>    <span class=\"date\">26 novembre 2024  \u00e0 17h25<\/span><\/p>\n<p class=\"duree_lecture\">\n        Dur\u00e9e de lecture : 9 minutes\n      <\/p>\n<\/p><\/div>\n<div class=\"bloc_infolettre\">\n<div class=\"infolettre-form-container noprint\">\n<p>Abonnez-vous \u00e0 la lettre d\u2019info de Reporterre<\/p>\n<\/div><\/div>\n<\/aside>\n<div id=\"galerie\">\n  <img decoding=\"async\" src=\"\" class=\"principale\" id=\"principale\"\/><\/p>\n<p id=\"legende\">legende<\/p>\n<\/div>\n<footer class=\"noprint\">\n<\/footer>\n<\/div>\n<p><br \/>\n<br \/><a href=\"https:\/\/reporterre.net\/L-Office-francais-de-la-biodiversite-bouc-emissaire-facile-de-la-crise-agricole\" target=\"_blank\"\">Source link <\/a><\/p>\n","protected":false},"excerpt":{"rendered":"<p>\u00ab\u00a0Office fran\u00e7ais des blaireaux.\u00a0\u00bb \u00ab\u00a0On ne veut plus de cow-boys dans nos campagnes.\u00a0\u00bb \u00ab\u00a0OFB, tas de fumier.\u00a0\u00bb L\u2019acte\u00a0II des mobilisations agricoles a d\u00e9but\u00e9 lundi 25\u00a0novembre. Parmi les d\u00e9sign\u00e9s coupables\u00a0: le&hellip; <\/p>\n","protected":false},"author":1,"featured_media":985,"comment_status":"open","ping_status":"open","sticky":false,"template":"","format":"standard","meta":{"footnotes":""},"categories":[1],"tags":[],"class_list":["post-984","post","type-post","status-publish","format-standard","has-post-thumbnail","hentry","category-non-classe"],"_links":{"self":[{"href":"https:\/\/monde25.info\/index.php\/wp-json\/wp\/v2\/posts\/984","targetHints":{"allow":["GET"]}}],"collection":[{"href":"https:\/\/monde25.info\/index.php\/wp-json\/wp\/v2\/posts"}],"about":[{"href":"https:\/\/monde25.info\/index.php\/wp-json\/wp\/v2\/types\/post"}],"author":[{"embeddable":true,"href":"https:\/\/monde25.info\/index.php\/wp-json\/wp\/v2\/users\/1"}],"replies":[{"embeddable":true,"href":"https:\/\/monde25.info\/index.php\/wp-json\/wp\/v2\/comments?post=984"}],"version-history":[{"count":0,"href":"https:\/\/monde25.info\/index.php\/wp-json\/wp\/v2\/posts\/984\/revisions"}],"wp:featuredmedia":[{"embeddable":true,"href":"https:\/\/monde25.info\/index.php\/wp-json\/wp\/v2\/media\/985"}],"wp:attachment":[{"href":"https:\/\/monde25.info\/index.php\/wp-json\/wp\/v2\/media?parent=984"}],"wp:term":[{"taxonomy":"category","embeddable":true,"href":"https:\/\/monde25.info\/index.php\/wp-json\/wp\/v2\/categories?post=984"},{"taxonomy":"post_tag","embeddable":true,"href":"https:\/\/monde25.info\/index.php\/wp-json\/wp\/v2\/tags?post=984"}],"curies":[{"name":"wp","href":"https:\/\/api.w.org\/{rel}","templated":true}]}}