{"id":994,"date":"2024-11-27T06:41:43","date_gmt":"2024-11-27T05:41:43","guid":{"rendered":"https:\/\/monde25.info\/index.php\/2024\/11\/27\/une-greve-se-dessine-chez-bayard-qui-craint-detre-avale-par-lextreme-droite\/"},"modified":"2024-11-27T06:41:43","modified_gmt":"2024-11-27T05:41:43","slug":"une-greve-se-dessine-chez-bayard-qui-craint-detre-avale-par-lextreme-droite","status":"publish","type":"post","link":"https:\/\/monde25.info\/index.php\/2024\/11\/27\/une-greve-se-dessine-chez-bayard-qui-craint-detre-avale-par-lextreme-droite\/","title":{"rendered":"Une gr\u00e8ve se dessine chez Bayard, qui craint d\u2019\u00eatre aval\u00e9 par l\u2019extr\u00eame droite"},"content":{"rendered":"<p> <br \/>\n<br \/>R\u00e9unis en assembl\u00e9e g\u00e9n\u00e9rale mardi 26 novembre, les salari\u00e9s du groupe de presse et d\u2019\u00e9dition catholique ont exprim\u00e9 leur inqui\u00e9tude apr\u00e8s l\u2019annonce de l\u2019arriv\u00e9e d\u2019Alban du Rostu, ex-bras droit du milliardaire conservateur Pierre-\u00c9douard St\u00e9rin.<br \/>\n<br \/><br \/>\n<br \/><a href=\"https:\/\/www.mediapart.fr\/journal\/politique\/261124\/une-greve-se-dessine-chez-bayard-qui-craint-d-etre-avale-par-l-extreme-droite\" target=\"_blank\"\">Source link <\/a><\/p>\n","protected":false},"excerpt":{"rendered":"<p>R\u00e9unis en assembl\u00e9e g\u00e9n\u00e9rale mardi 26 novembre, les salari\u00e9s du groupe de presse et d\u2019\u00e9dition catholique ont exprim\u00e9 leur inqui\u00e9tude apr\u00e8s l\u2019annonce de l\u2019arriv\u00e9e d\u2019Alban du Rostu, ex-bras droit du&hellip; <\/p>\n","protected":false},"author":1,"featured_media":995,"comment_status":"open","ping_status":"open","sticky":false,"template":"","format":"standard","meta":{"footnotes":""},"categories":[1],"tags":[],"class_list":["post-994","post","type-post","status-publish","format-standard","has-post-thumbnail","hentry","category-non-classe"],"_links":{"self":[{"href":"https:\/\/monde25.info\/index.php\/wp-json\/wp\/v2\/posts\/994","targetHints":{"allow":["GET"]}}],"collection":[{"href":"https:\/\/monde25.info\/index.php\/wp-json\/wp\/v2\/posts"}],"about":[{"href":"https:\/\/monde25.info\/index.php\/wp-json\/wp\/v2\/types\/post"}],"author":[{"embeddable":true,"href":"https:\/\/monde25.info\/index.php\/wp-json\/wp\/v2\/users\/1"}],"replies":[{"embeddable":true,"href":"https:\/\/monde25.info\/index.php\/wp-json\/wp\/v2\/comments?post=994"}],"version-history":[{"count":0,"href":"https:\/\/monde25.info\/index.php\/wp-json\/wp\/v2\/posts\/994\/revisions"}],"wp:featuredmedia":[{"embeddable":true,"href":"https:\/\/monde25.info\/index.php\/wp-json\/wp\/v2\/media\/995"}],"wp:attachment":[{"href":"https:\/\/monde25.info\/index.php\/wp-json\/wp\/v2\/media?parent=994"}],"wp:term":[{"taxonomy":"category","embeddable":true,"href":"https:\/\/monde25.info\/index.php\/wp-json\/wp\/v2\/categories?post=994"},{"taxonomy":"post_tag","embeddable":true,"href":"https:\/\/monde25.info\/index.php\/wp-json\/wp\/v2\/tags?post=994"}],"curies":[{"name":"wp","href":"https:\/\/api.w.org\/{rel}","templated":true}]}}